{"id":32536,"date":"2025-01-14T13:14:57","date_gmt":"2025-01-14T12:14:57","guid":{"rendered":"https:\/\/smwroclaw.pl\/?p=32536"},"modified":"2025-01-14T13:21:22","modified_gmt":"2025-01-14T12:21:22","slug":"patrol-interwencyjny-w-dzialaniu-nietrzezwy-kierowca","status":"publish","type":"post","link":"https:\/\/smwroclaw.pl\/?p=32536","title":{"rendered":"PATROL INTERWENCYJNY W DZIA\u0141ANIU &#8211; nietrze\u017awy kierowca"},"content":{"rendered":"<p style=\"text-align: justify;\"><span style=\"font-family: georgia, palatino, serif; font-size: 16px;\">Noce bywaj\u0105 r\u00f3\u017cne, dla niekt\u00f3rych ko\u0144cz\u0105 si\u0119 widokiem radiowozu policyjnego i uszkodzonego w\u0142asnego auta. Zimowy poranek oko\u0142o godziny 4:56 i nietypowe zdarzenie na Kurzym Targu. Operator monitoringu Stra\u017cy Miejskiej zauwa\u017cy\u0142, jak kierowca Skody, wykonuj\u0105c manewr cofania, uderzy\u0142 w zaparkowanego Mercedesa. Po tym zdarzeniu m\u0119\u017cczyzna, wykazuj\u0105c wyra\u017ane oznaki nietrze\u017awo\u015bci, wyszed\u0142 z pojazdu wraz z pasa\u017cerem i uda\u0142 si\u0119 do pobliskiej restauracji. <\/span><span style=\"font-family: georgia, palatino, serif; font-size: 16px;\">Na miejsce zdarzenia niezw\u0142ocznie skierowano stra\u017cnik\u00f3w oraz wezwano policj\u0119. Po kr\u00f3tkiej przerwie m\u0119\u017cczy\u017ani wr\u00f3cili do uszkodzonego samochodu. Obecni na miejscu nasi funkcjonariusze, podj\u0119li czynno\u015bci wobec kieruj\u0105cego, a patrol policji, kt\u00f3ry dojecha\u0142 na miejsce zdarzenia przeprowadzi\u0142 badanie alkomatem. Potwierdzi\u0142o si\u0119 podejrzenie \u2013 23-letni kierowca by\u0142 pod wp\u0142ywem alkoholu.<\/span><!--more--><\/p>\n<p style=\"text-align: justify;\"><span style=\"font-family: georgia, palatino, serif; font-size: 16px;\">Nietrze\u017awy kierowca zosta\u0142 przewieziony na Komisariat Policji Stare Miasto, a stra\u017cnicy pozostali na miejscu z 22-letnim pasa\u017cerem, zabezpieczaj\u0105c miejsce zdarzenia do czasu przyjazdu policji drogowej, kt\u00f3ra prowadzi dalsze post\u0119powanie w sprawie.<\/span><br \/>\n<span style=\"font-family: georgia, palatino, serif; font-size: 16px;\">Dzi\u0119ki czujno\u015bci naszego operatora monitoringu oraz sprawnej wsp\u00f3\u0142pracy stra\u017cy miejskiej i policji uda\u0142o si\u0119 zatrzyma\u0107 nietrze\u017awego kierowc\u0119, kt\u00f3ry m\u00f3g\u0142 spowodowa\u0107 powa\u017cniejsze zagro\u017cenie.<\/span><br \/>\n<span style=\"font-family: georgia, palatino, serif; font-size: 16px;\">Przypominamy, \u017ce prowadzenie pojazdu pod wp\u0142ywem alkoholu jest przest\u0119pstwem i mo\u017ce mie\u0107 powa\u017cne konsekwencje zar\u00f3wno dla sprawcy, jak i innych uczestnik\u00f3w ruchu drogowego.<\/span><br \/>\n<span style=\"font-family: georgia, palatino, serif; font-size: 16px;\">#policja #stra\u017cmiejska #nietrze\u017awykierowca<\/span><\/p>\n<p>BD<\/p>\n","protected":false},"excerpt":{"rendered":"<p>Noce bywaj\u0105 r\u00f3\u017cne, dla niekt\u00f3rych ko\u0144cz\u0105 si\u0119 widokiem radiowozu policyjnego i uszkodzonego w\u0142asnego auta. Zimowy poranek oko\u0142o godziny 4:56 i nietypowe zdarzenie na Kurzym Targu. Operator monitoringu Stra\u017cy Miejskiej zauwa\u017cy\u0142, jak kierowca Skody, wykonuj\u0105c manewr cofania, uderzy\u0142 w zaparkowanego Mercedesa. Po tym zdarzeniu m\u0119\u017cczyzna, wykazuj\u0105c wyra\u017ane oznaki nietrze\u017awo\u015bci, wyszed\u0142 z pojazdu wraz z pasa\u017cerem i [&hellip;]<\/p>\n","protected":false},"author":7,"featured_media":32537,"comment_status":"closed","ping_status":"closed","sticky":false,"template":"","format":"standard","meta":{"footnotes":""},"categories":[16],"tags":[],"class_list":["post-32536","post","type-post","status-publish","format-standard","has-post-thumbnail","hentry","category-aktual"],"_links":{"self":[{"href":"https:\/\/smwroclaw.pl\/index.php?rest_route=\/wp\/v2\/posts\/32536","targetHints":{"allow":["GET"]}}],"collection":[{"href":"https:\/\/smwroclaw.pl\/index.php?rest_route=\/wp\/v2\/posts"}],"about":[{"href":"https:\/\/smwroclaw.pl\/index.php?rest_route=\/wp\/v2\/types\/post"}],"author":[{"embeddable":true,"href":"https:\/\/smwroclaw.pl\/index.php?rest_route=\/wp\/v2\/users\/7"}],"replies":[{"embeddable":true,"href":"https:\/\/smwroclaw.pl\/index.php?rest_route=%2Fwp%2Fv2%2Fcomments&post=32536"}],"version-history":[{"count":3,"href":"https:\/\/smwroclaw.pl\/index.php?rest_route=\/wp\/v2\/posts\/32536\/revisions"}],"predecessor-version":[{"id":32540,"href":"https:\/\/smwroclaw.pl\/index.php?rest_route=\/wp\/v2\/posts\/32536\/revisions\/32540"}],"wp:featuredmedia":[{"embeddable":true,"href":"https:\/\/smwroclaw.pl\/index.php?rest_route=\/wp\/v2\/media\/32537"}],"wp:attachment":[{"href":"https:\/\/smwroclaw.pl\/index.php?rest_route=%2Fwp%2Fv2%2Fmedia&parent=32536"}],"wp:term":[{"taxonomy":"category","embeddable":true,"href":"https:\/\/smwroclaw.pl\/index.php?rest_route=%2Fwp%2Fv2%2Fcategories&post=32536"},{"taxonomy":"post_tag","embeddable":true,"href":"https:\/\/smwroclaw.pl\/index.php?rest_route=%2Fwp%2Fv2%2Ftags&post=32536"}],"curies":[{"name":"wp","href":"https:\/\/api.w.org\/{rel}","templated":true}]}}