{"id":32560,"date":"2025-01-20T10:11:42","date_gmt":"2025-01-20T09:11:42","guid":{"rendered":"https:\/\/smwroclaw.pl\/?p=32560"},"modified":"2025-01-20T10:12:34","modified_gmt":"2025-01-20T09:12:34","slug":"nowy-eksponat-w-sali-tradycji-strazy-miejskiej-wroclawia","status":"publish","type":"post","link":"https:\/\/smwroclaw.pl\/?p=32560","title":{"rendered":"NOWY EKSPONAT W SALI TRADYCJI STRA\u017bY MIEJSKIEJ WROC\u0141AWIA"},"content":{"rendered":"<p style=\"text-align: justify;\"><span style=\"font-family: georgia, palatino, serif; font-size: 16px;\">Ka\u017cdy ma tak\u0105 emerytur\u0119 na jak\u0105 sobie zas\u0142u\u017cy\u0142 i tak na przyk\u0142ad fotoradar z gminy O\u0142awa w ubieg\u0142\u0105 \u015brod\u0119 trafi\u0142 w r\u0119ce wroc\u0142awskiej Stra\u017cy Miejskiej. Ciekawe, czy b\u0119dzie t\u0119skni\u0142 za kierowcami i ile mandat\u00f3w dzi\u0119ki niemu wystawiono piratom drogowym. To kawa\u0142 historii, kt\u00f3ry teraz b\u0119dzie mo\u017cna podziwia\u0107 w stworzonej przez emerytowanego ju\u017c stra\u017cnika <strong>Paw\u0142a Gr\u0105bczewskiego &#8222;Sali Tradycji&#8221;<\/strong> w siedzibie Stra\u017cy Miejskiej Wroc\u0142awia ul. Na Grobli 14\/16.<!--more--><\/span><\/p>\n\n\t\t<style type=\"text\/css\">\n\t\t\t#gallery-1 {\n\t\t\t\tmargin: auto;\n\t\t\t}\n\t\t\t#gallery-1 .gallery-item {\n\t\t\t\tfloat: left;\n\t\t\t\tmargin-top: 10px;\n\t\t\t\ttext-align: center;\n\t\t\t\twidth: 33%;\n\t\t\t}\n\t\t\t#gallery-1 img {\n\t\t\t\tborder: 2px solid #cfcfcf;\n\t\t\t}\n\t\t\t#gallery-1 .gallery-caption {\n\t\t\t\tmargin-left: 0;\n\t\t\t}\n\t\t\t\/* see gallery_shortcode() in wp-includes\/media.php *\/\n\t\t<\/style>\n\t\t<div id='gallery-1' class='gallery galleryid-32560 gallery-columns-3 gallery-size-thumbnail'><dl class='gallery-item'>\n\t\t\t<dt class='gallery-icon landscape'>\n\t\t\t\t<a href='https:\/\/smwroclaw.pl\/?attachment_id=32561'><img fetchpriority=\"high\" decoding=\"async\" width=\"360\" height=\"260\" src=\"https:\/\/smwroclaw.pl\/wp-content\/uploads\/2025\/01\/c855aee8-493d-408a-b0e5-d99f0c2bc0a3-360x260.jpg\" class=\"attachment-thumbnail size-thumbnail\" alt=\"\" \/><\/a>\n\t\t\t<\/dt><\/dl><dl class='gallery-item'>\n\t\t\t<dt class='gallery-icon landscape'>\n\t\t\t\t<a href='https:\/\/smwroclaw.pl\/?attachment_id=32563'><img decoding=\"async\" width=\"360\" height=\"260\" src=\"https:\/\/smwroclaw.pl\/wp-content\/uploads\/2025\/01\/xga-gmina-olawa-fotoradar-juz-muzealny-1737101037-360x260.jpg\" class=\"attachment-thumbnail size-thumbnail\" alt=\"\" \/><\/a>\n\t\t\t<\/dt><\/dl><dl class='gallery-item'>\n\t\t\t<dt class='gallery-icon portrait'>\n\t\t\t\t<a href='https:\/\/smwroclaw.pl\/?attachment_id=32564'><img decoding=\"async\" width=\"360\" height=\"260\" src=\"https:\/\/smwroclaw.pl\/wp-content\/uploads\/2025\/01\/15df1910-c197-4cf0-a108-a5078ff685bf-360x260.jpg\" class=\"attachment-thumbnail size-thumbnail\" alt=\"\" \/><\/a>\n\t\t\t<\/dt><\/dl><br style=\"clear: both\" \/>\n\t\t<\/div>\n\n<div style=\"width: 478px;\" class=\"wp-video\"><!--[if lt IE 9]><script>document.createElement('video');<\/script><![endif]-->\n<video class=\"wp-video-shortcode\" id=\"video-32560-1\" width=\"478\" height=\"850\" preload=\"metadata\" controls=\"controls\"><source type=\"video\/mp4\" src=\"https:\/\/smwroclaw.pl\/wp-content\/uploads\/2025\/01\/WhatsApp-Video-2025-01-17-at-09.19.29.mp4?_=1\" \/><a href=\"https:\/\/smwroclaw.pl\/wp-content\/uploads\/2025\/01\/WhatsApp-Video-2025-01-17-at-09.19.29.mp4\">https:\/\/smwroclaw.pl\/wp-content\/uploads\/2025\/01\/WhatsApp-Video-2025-01-17-at-09.19.29.mp4<\/a><\/video><\/div>\n<p style=\"text-align: justify;\"><span style=\"font-family: georgia, palatino, serif; font-size: 16px;\">\u00a0<\/span><br \/>\n<span style=\"font-family: georgia, palatino, serif; font-size: 16px;\">Zdj\u0119cia: Tu O\u0142awa i SM Wroc\u0142aw<\/span><\/p>\n<p style=\"text-align: justify;\"><span style=\"font-family: georgia, palatino, serif; font-size: 16px;\">BD<\/span><\/p>\n","protected":false},"excerpt":{"rendered":"<p>Ka\u017cdy ma tak\u0105 emerytur\u0119 na jak\u0105 sobie zas\u0142u\u017cy\u0142 i tak na przyk\u0142ad fotoradar z gminy O\u0142awa w ubieg\u0142\u0105 \u015brod\u0119 trafi\u0142 w r\u0119ce wroc\u0142awskiej Stra\u017cy Miejskiej. Ciekawe, czy b\u0119dzie t\u0119skni\u0142 za kierowcami i ile mandat\u00f3w dzi\u0119ki niemu wystawiono piratom drogowym. To kawa\u0142 historii, kt\u00f3ry teraz b\u0119dzie mo\u017cna podziwia\u0107 w stworzonej przez emerytowanego ju\u017c stra\u017cnika Paw\u0142a Gr\u0105bczewskiego [&hellip;]<\/p>\n","protected":false},"author":7,"featured_media":32566,"comment_status":"closed","ping_status":"closed","sticky":false,"template":"","format":"standard","meta":{"footnotes":""},"categories":[16],"tags":[],"class_list":["post-32560","post","type-post","status-publish","format-standard","has-post-thumbnail","hentry","category-aktual"],"_links":{"self":[{"href":"https:\/\/smwroclaw.pl\/index.php?rest_route=\/wp\/v2\/posts\/32560","targetHints":{"allow":["GET"]}}],"collection":[{"href":"https:\/\/smwroclaw.pl\/index.php?rest_route=\/wp\/v2\/posts"}],"about":[{"href":"https:\/\/smwroclaw.pl\/index.php?rest_route=\/wp\/v2\/types\/post"}],"author":[{"embeddable":true,"href":"https:\/\/smwroclaw.pl\/index.php?rest_route=\/wp\/v2\/users\/7"}],"replies":[{"embeddable":true,"href":"https:\/\/smwroclaw.pl\/index.php?rest_route=%2Fwp%2Fv2%2Fcomments&post=32560"}],"version-history":[{"count":1,"href":"https:\/\/smwroclaw.pl\/index.php?rest_route=\/wp\/v2\/posts\/32560\/revisions"}],"predecessor-version":[{"id":32569,"href":"https:\/\/smwroclaw.pl\/index.php?rest_route=\/wp\/v2\/posts\/32560\/revisions\/32569"}],"wp:featuredmedia":[{"embeddable":true,"href":"https:\/\/smwroclaw.pl\/index.php?rest_route=\/wp\/v2\/media\/32566"}],"wp:attachment":[{"href":"https:\/\/smwroclaw.pl\/index.php?rest_route=%2Fwp%2Fv2%2Fmedia&parent=32560"}],"wp:term":[{"taxonomy":"category","embeddable":true,"href":"https:\/\/smwroclaw.pl\/index.php?rest_route=%2Fwp%2Fv2%2Fcategories&post=32560"},{"taxonomy":"post_tag","embeddable":true,"href":"https:\/\/smwroclaw.pl\/index.php?rest_route=%2Fwp%2Fv2%2Ftags&post=32560"}],"curies":[{"name":"wp","href":"https:\/\/api.w.org\/{rel}","templated":true}]}}