{"id":3267,"date":"2018-09-06T07:00:23","date_gmt":"2018-09-06T05:00:23","guid":{"rendered":"http:\/\/smwroclaw.pl\/?p=3267"},"modified":"2018-09-06T09:29:04","modified_gmt":"2018-09-06T07:29:04","slug":"sobota-08-09-2018-r-korowod-nadziei","status":"publish","type":"post","link":"https:\/\/smwroclaw.pl\/?p=3267","title":{"rendered":"SOBOTA 08.09.2018 r. &#8222;KOROW\u00d3D NADZIEI&#8221;"},"content":{"rendered":"<p style=\"text-align: justify;\"><span style=\"font-size: 16px;\">Parada &#8221; Korow\u00f3d Nadziei&#8221; zorganizowana z my\u015bl\u0105 o pomocy dla dzieci z chorob\u0105 nowotworow\u0105, po raz si\u00f3dmy zago\u015bci na ulicach Wroc\u0142awia. Organizatorzy fundacja <strong>&#8222;Na Ratunek Dzieciom z Chorob\u0105 Nowotworow\u0105&#8221;<\/strong> i <strong>Stra\u017c Miejska Wroc\u0142awia<\/strong> &#8211; zapraszaj\u0105 wszystkich ju\u017c <strong>08 wrze\u015bnia 2018 r. (sobota).<\/strong><\/span><\/p>\n<p><!--more--><\/p>\n<p>&nbsp;<\/p>\n<p>&nbsp;<\/p>\n<p style=\"text-align: justify;\"><span style=\"font-size: 16px; font-family: georgia,palatino,serif;\">Korow\u00f3d tradycyjnie wyruszy na pocz\u0105tku roku szkolnego, by zwr\u00f3ci\u0107 uwag\u0119 na trudn\u0105 sytuacj\u0119 chorych na raka dzieci, kt\u00f3re wraz z pocz\u0105tkiem wrze\u015bnia nie mog\u0105 wr\u00f3ci\u0107 do szko\u0142y. <\/span><\/p>\n<p style=\"text-align: justify;\"><span style=\"font-family: georgia,palatino,serif; font-size: 16px;\"><strong>Wolontariusze (tak\u017ce umundurowani stra\u017cnicy miejscy)<\/strong> b\u0119d\u0105 zbierali do puszek datki, kt\u00f3re zostan\u0105 przekazane fundacji z my\u015bl\u0105 o chorych dzieciach.<br \/>\n<\/span><\/p>\n<p style=\"text-align: justify;\"><span style=\"font-family: georgia,palatino,serif; font-size: 16px;\"><strong>Parada rozpocznie si\u0119 o godz. 16:00 na placu\u00a0 przy ul. Sanockiej<\/strong> (boczna \u015al\u0119\u017cnej i Komandorskiej). <\/span><br \/>\n<span style=\"font-family: georgia,palatino,serif; font-size: 16px;\"> Wezm\u0105 w nim udzia\u0142, m.in.: Wojskowa Orkiestra Reprezentacyjna Wojsk L\u0105dowych, <strong>patrole konne Stra\u017cy Miejskiej<\/strong>, fantazyjnie poprzebierane panie z klubu seniora, szczudlarze, tancerze oraz uczniowie z zaprzyja\u017anionych z Fundacj\u0105 szk\u00f3\u0142.<\/span><\/p>\n<p style=\"text-align: justify;\"><span style=\"font-family: georgia,palatino,serif; font-size: 16px;\"><strong>Oko\u0142o godziny 16.30 Korow\u00f3d dotrze do Rynku na pl. Go\u0142\u0119bi<\/strong>, gdzie rozpocznie si\u0119 charytatywny koncert.<\/span><\/p>\n<p style=\"text-align: justify;\"><span style=\"font-family: georgia,palatino,serif; font-size: 16px;\">Wyst\u0105pi\u0105: Dziubek Band, Natalia Lubrano oraz Marta Ko\u0142odziejczyk. Na naszej scenie pojawi si\u0119 r\u00f3wnie\u017c formacja Zgraja, Cheerleaders Wroc\u0142aw, tancerki Al-Mara, ma\u017coretki z Trzebnicy i Leszna, a pokaz akrobacji na szarfach dadz\u0105 gimnastyczki z Dare Dance Company.<\/span><\/p>\n<p style=\"text-align: justify;\"><span style=\"font-family: georgia,palatino,serif; font-size: 16px;\">Podobnie jak w ubieg\u0142ych latach, wszyscy uczestnicy Korowodu stworz\u0105 na Rynku wielkie serce, kt\u00f3re poka\u017ce chorym maluchom, ile os\u00f3b je wspiera. <strong>Przed scen\u0105, oko\u0142o godziny 17:00<\/strong> w wyrysowanych wcze\u015bniej konturach stanie ponad 500 os\u00f3b \u2013 ka\u017cdej z nich wr\u0119czymy czerwony karton, kt\u00f3ry w odpowiednim momencie trzeba b\u0119dzie unie\u015b\u0107 do g\u00f3ry. Tak powstanie wielkie serce o powierzchni oko\u0142o 60 metr\u00f3w kwadratowych. Serce zostanie sfilmowane i sfotografowane z lotu ptaka, a potem pokazane ma\u0142ych pacjentom Przyl\u0105dka Nadziei.<\/span><\/p>\n<p>&nbsp;<\/p>\n<p><img fetchpriority=\"high\" decoding=\"async\" class=\" wp-image-3277 aligncenter\" src=\"https:\/\/smwroclaw.pl\/wp-content\/uploads\/2018\/09\/korowod-2018-A3-ok-1-728x1024.jpg\" alt=\"\" width=\"602\" height=\"847\" srcset=\"https:\/\/smwroclaw.pl\/wp-content\/uploads\/2018\/09\/korowod-2018-A3-ok-1-728x1024.jpg 728w, https:\/\/smwroclaw.pl\/wp-content\/uploads\/2018\/09\/korowod-2018-A3-ok-1-728x1024-213x300.jpg 213w\" sizes=\"(max-width: 602px) 100vw, 602px\" \/><\/p>\n<p><strong>INFORMACJA NA STRONIE FUNDACJI:<\/strong><\/p>\n<p><a href=\"https:\/\/naratunek.org\/aktualnosci\/tysiace-serc-drodze-nadzieje\/\"><span style=\"font-size: 16px;\">https:\/\/naratunek.org\/aktualnosci\/tysiace-serc-drodze-nadzieje\/<\/span><\/a><\/p>\n<p><strong>wf<\/strong><\/p>\n<p>&nbsp;<\/p>\n<p>&nbsp;<\/p>\n","protected":false},"excerpt":{"rendered":"<p>Parada &#8221; Korow\u00f3d Nadziei&#8221; zorganizowana z my\u015bl\u0105 o pomocy dla dzieci z chorob\u0105 nowotworow\u0105, po raz si\u00f3dmy zago\u015bci na ulicach Wroc\u0142awia. Organizatorzy fundacja &#8222;Na Ratunek Dzieciom z Chorob\u0105 Nowotworow\u0105&#8221; i Stra\u017c Miejska Wroc\u0142awia &#8211; zapraszaj\u0105 wszystkich ju\u017c 08 wrze\u015bnia 2018 r. (sobota).<\/p>\n","protected":false},"author":4,"featured_media":3268,"comment_status":"closed","ping_status":"closed","sticky":false,"template":"","format":"standard","meta":{"footnotes":""},"categories":[16],"tags":[],"class_list":["post-3267","post","type-post","status-publish","format-standard","has-post-thumbnail","hentry","category-aktual"],"_links":{"self":[{"href":"https:\/\/smwroclaw.pl\/index.php?rest_route=\/wp\/v2\/posts\/3267","targetHints":{"allow":["GET"]}}],"collection":[{"href":"https:\/\/smwroclaw.pl\/index.php?rest_route=\/wp\/v2\/posts"}],"about":[{"href":"https:\/\/smwroclaw.pl\/index.php?rest_route=\/wp\/v2\/types\/post"}],"author":[{"embeddable":true,"href":"https:\/\/smwroclaw.pl\/index.php?rest_route=\/wp\/v2\/users\/4"}],"replies":[{"embeddable":true,"href":"https:\/\/smwroclaw.pl\/index.php?rest_route=%2Fwp%2Fv2%2Fcomments&post=3267"}],"version-history":[{"count":18,"href":"https:\/\/smwroclaw.pl\/index.php?rest_route=\/wp\/v2\/posts\/3267\/revisions"}],"predecessor-version":[{"id":3345,"href":"https:\/\/smwroclaw.pl\/index.php?rest_route=\/wp\/v2\/posts\/3267\/revisions\/3345"}],"wp:featuredmedia":[{"embeddable":true,"href":"https:\/\/smwroclaw.pl\/index.php?rest_route=\/wp\/v2\/media\/3268"}],"wp:attachment":[{"href":"https:\/\/smwroclaw.pl\/index.php?rest_route=%2Fwp%2Fv2%2Fmedia&parent=3267"}],"wp:term":[{"taxonomy":"category","embeddable":true,"href":"https:\/\/smwroclaw.pl\/index.php?rest_route=%2Fwp%2Fv2%2Fcategories&post=3267"},{"taxonomy":"post_tag","embeddable":true,"href":"https:\/\/smwroclaw.pl\/index.php?rest_route=%2Fwp%2Fv2%2Ftags&post=3267"}],"curies":[{"name":"wp","href":"https:\/\/api.w.org\/{rel}","templated":true}]}}