{"id":32790,"date":"2025-02-04T08:54:27","date_gmt":"2025-02-04T07:54:27","guid":{"rendered":"https:\/\/smwroclaw.pl\/?p=32790"},"modified":"2025-02-04T08:56:37","modified_gmt":"2025-02-04T07:56:37","slug":"odnaleziony-mezczyzna","status":"publish","type":"post","link":"https:\/\/smwroclaw.pl\/?p=32790","title":{"rendered":"ODNALEZIONY M\u0118\u017bCZYZNA"},"content":{"rendered":"<p style=\"text-align: justify;\"><span style=\"font-family: georgia, palatino, serif; font-size: 16px;\">W trakcie rutynowych dzia\u0142a\u0144 w rejonie stra\u017cnicy z Oddzia\u0142u Ochrony \u015arodowiska zauwa\u017cyli starszego m\u0119\u017cczyzn\u0119, ubranego nieadekwatnie do panuj\u0105cych warunk\u00f3w atmosferycznych. W trakcie rozmowy okaza\u0142o si\u0119, \u017ce starszy cz\u0142owiek ma zaniki pami\u0119ci. Ustalono, \u017ce Pan <\/span><span style=\"font-family: georgia, palatino, serif; font-size: 16px;\">jest pacjentem jednego z wroc\u0142awskich szpitali z kt\u00f3rego samowolnie si\u0119 oddali\u0142. Jego zagini\u0119cie zosta\u0142o zg\u0142oszone Policji. Skontaktowano si\u0119 z rodzin\u0105 zdezorientowanego m\u0119\u017cczyzny i <\/span><span style=\"font-family: georgia, palatino, serif; font-size: 16px;\">przewieziono 62-latka do szpitala, gdzie zosta\u0142 przekazany pod opiek\u0119 lekarza dy\u017curnego Szpitalnego Oddzia\u0142u Ratunkowego. O odnalezieniu m\u0119\u017cczyzny poinformowano r\u00f3wnie\u017c Policj\u0119.<\/span><!--more--><\/p>\n<p>BD<\/p>\n","protected":false},"excerpt":{"rendered":"<p>W trakcie rutynowych dzia\u0142a\u0144 w rejonie stra\u017cnicy z Oddzia\u0142u Ochrony \u015arodowiska zauwa\u017cyli starszego m\u0119\u017cczyzn\u0119, ubranego nieadekwatnie do panuj\u0105cych warunk\u00f3w atmosferycznych. W trakcie rozmowy okaza\u0142o si\u0119, \u017ce starszy cz\u0142owiek ma zaniki pami\u0119ci. Ustalono, \u017ce Pan jest pacjentem jednego z wroc\u0142awskich szpitali z kt\u00f3rego samowolnie si\u0119 oddali\u0142. Jego zagini\u0119cie zosta\u0142o zg\u0142oszone Policji. Skontaktowano si\u0119 z rodzin\u0105 zdezorientowanego [&hellip;]<\/p>\n","protected":false},"author":7,"featured_media":32791,"comment_status":"closed","ping_status":"closed","sticky":false,"template":"","format":"standard","meta":{"footnotes":""},"categories":[16],"tags":[],"class_list":["post-32790","post","type-post","status-publish","format-standard","has-post-thumbnail","hentry","category-aktual"],"_links":{"self":[{"href":"https:\/\/smwroclaw.pl\/index.php?rest_route=\/wp\/v2\/posts\/32790","targetHints":{"allow":["GET"]}}],"collection":[{"href":"https:\/\/smwroclaw.pl\/index.php?rest_route=\/wp\/v2\/posts"}],"about":[{"href":"https:\/\/smwroclaw.pl\/index.php?rest_route=\/wp\/v2\/types\/post"}],"author":[{"embeddable":true,"href":"https:\/\/smwroclaw.pl\/index.php?rest_route=\/wp\/v2\/users\/7"}],"replies":[{"embeddable":true,"href":"https:\/\/smwroclaw.pl\/index.php?rest_route=%2Fwp%2Fv2%2Fcomments&post=32790"}],"version-history":[{"count":3,"href":"https:\/\/smwroclaw.pl\/index.php?rest_route=\/wp\/v2\/posts\/32790\/revisions"}],"predecessor-version":[{"id":32794,"href":"https:\/\/smwroclaw.pl\/index.php?rest_route=\/wp\/v2\/posts\/32790\/revisions\/32794"}],"wp:featuredmedia":[{"embeddable":true,"href":"https:\/\/smwroclaw.pl\/index.php?rest_route=\/wp\/v2\/media\/32791"}],"wp:attachment":[{"href":"https:\/\/smwroclaw.pl\/index.php?rest_route=%2Fwp%2Fv2%2Fmedia&parent=32790"}],"wp:term":[{"taxonomy":"category","embeddable":true,"href":"https:\/\/smwroclaw.pl\/index.php?rest_route=%2Fwp%2Fv2%2Fcategories&post=32790"},{"taxonomy":"post_tag","embeddable":true,"href":"https:\/\/smwroclaw.pl\/index.php?rest_route=%2Fwp%2Fv2%2Ftags&post=32790"}],"curies":[{"name":"wp","href":"https:\/\/api.w.org\/{rel}","templated":true}]}}