{"id":32875,"date":"2025-02-17T14:39:53","date_gmt":"2025-02-17T13:39:53","guid":{"rendered":"https:\/\/smwroclaw.pl\/?p=32875"},"modified":"2025-02-17T14:39:53","modified_gmt":"2025-02-17T13:39:53","slug":"mroz-zabija-widzisz-reaguj-986-3","status":"publish","type":"post","link":"https:\/\/smwroclaw.pl\/?p=32875","title":{"rendered":"MR\u00d3Z ZABIJA \u2013 WIDZISZ \u2013 REAGUJ \u2013 986"},"content":{"rendered":"<p style=\"text-align: justify;\"><span style=\"font-family: georgia, palatino, serif; font-size: 16px;\">Dzi\u015b o poranku na naszych termometrach odnotowali\u015bmy -9\u00b0C. Obecne warunki pogodowe s\u0105 bardzo trudne, szczeg\u00f3lnie dla os\u00f3b bez dachu nad g\u0142ow\u0105. Stra\u017c Miejska Wroc\u0142awia prowadzi wzmo\u017cone kontrole miejsc, w kt\u00f3rych mog\u0105 przebywa\u0107 potrzebuj\u0105cy, zw\u0142aszcza wtedy kiedy temperatura zagra\u017ca ich \u017cyciu i zdrowiu. Ka\u017cdy stra\u017cnik w swoim rejonie dzia\u0142ania zna miejsca gdzie przebywaj\u0105 takie osoby. Osoba w kryzysie bezdomno\u015bci lub nietrze\u017awa to tak\u017ce osoba potrzebuj\u0105ca pomocy. Sprawd\u017amy czy jest przytomna, czy mo\u017cna nawi\u0105za\u0107 z ni\u0105 kontakt. Je\u017celi zorientujemy si\u0119, \u017ce ten cz\u0142owiek nie potrzebuje pomocy medycznej, zadzwo\u0144my po Stra\u017c Miejsk\u0105 nr 986 lub 112, w ten spos\u00f3b te\u017c by\u0107 mo\u017ce uratujemy \u017cycie.<\/span><!--more--><\/p>\n<p style=\"text-align: justify;\">\n<span style=\"font-family: georgia, palatino, serif; font-size: 16px;\">Wych\u0142odzenie to nara\u017cenie na dzia\u0142anie zimna i w efekcie obni\u017cenie temperatury cia\u0142a do 35\u00b0C lub ni\u017cej. Szczeg\u00f3lnie nara\u017cone na wych\u0142odzenie s\u0105 dzieci oraz osoby starsze. Objawy wych\u0142odzenia to: wyzi\u0119bienie r\u0105k i n\u00f3g, nosa, uszu, uczucie zimna, dreszcze, w dalszej fazie apatia a\u017c do zaburze\u0144 \u015bwiadomo\u015bci i utraty przytomno\u015bci. W przypadku wych\u0142odzenia nale\u017cy przenie\u015b\u0107 poszkodowanego do ciep\u0142ego pomieszczenia, zdj\u0105\u0107 mokr\u0105 odzie\u017c i wytrze\u0107 do sucha, przykry\u0107 kocami oraz \u0142agodnie ogrzewa\u0107 cia\u0142o przy u\u017cyciu np. butelek z ciep\u0142\u0105 wod\u0105 lub ogrzanych r\u0119cznik\u00f3w. Przypominamy, \u017ce warunki pogodowe s\u0105 ci\u0119\u017ckie szczeg\u00f3lnie dla os\u00f3b w kryzysie bezdomno\u015bci. Zwracajmy uwag\u0119 na osoby le\u017c\u0105ce, sprawdzajmy czy nie potrzebuj\u0105 pomocy.<\/span><br \/>\n<span style=\"font-family: georgia, palatino, serif; font-size: 16px;\">Przypominamy co zrobi\u0107, kiedy widzimy osob\u0119 le\u017c\u0105c\u0105.<\/span><br \/>\n<span style=\"font-family: georgia, palatino, serif; font-size: 16px;\">Kiedy w domu widzimy co\u015b niepokoj\u0105cego, natychmiast dzia\u0142amy instynktownie. Co zrobi\u0107 gdy jest to osoba le\u017c\u0105ca\u2026 w bramie, os\u0142onie \u015bmietnika, w parku, na przystanku, w sklepie, na chodniku. Czy kt\u00f3re\u015b z tych miejsce zwalnia nas od odpowiedzialno\u015bci? Czy mo\u017cemy przej\u015b\u0107 obok osoby le\u017c\u0105cej nie reaguj\u0105c? Odpowied\u017a brzmi NIE! Czy gro\u017c\u0105 nam konsekwencje je\u017celi nic nie zrobimy? Tak \u2013 najwi\u0119ksz\u0105 kar\u0105 jest \u015bwiadomo\u015b\u0107, \u017ce przez zaniechanie zmar\u0142a osoba, kt\u00f3r\u0105 mo\u017cna by\u0142o uratowa\u0107. Sankcje karne to art. 162\u00a71 KK (\u201eNieudzielenie pomocy. Kto cz\u0142owiekowi znajduj\u0105cemu si\u0119 w po\u0142o\u017ceniu gro\u017c\u0105cym bezpo\u015brednim niebezpiecze\u0144stwem utraty \u017cycia albo ci\u0119\u017ckiego uszczerbku na zdrowiu nie udziela pomocy, mog\u0105c jej udzieli\u0107 bez nara\u017cenia siebie lub innej osoby na niebezpiecze\u0144stwo utraty \u017cycia albo ci\u0119\u017ckiego uszczerbku na zdrowiu, podlega karze pozbawienia wolno\u015bci do lat 3\u201d).<\/span><br \/>\n<span style=\"font-family: georgia, palatino, serif; font-size: 16px;\">Temat osoby le\u017c\u0105cej w miejscu publicznym nale\u017cy podzieli\u0107 na dwa aspekty: medyczny i spo\u0142eczny.<\/span><br \/>\n<strong><span style=\"font-family: georgia, palatino, serif; font-size: 16px;\">Aspekt medyczny<\/span><\/strong><br \/>\n<span style=\"font-family: georgia, palatino, serif; font-size: 16px;\">Idziemy, jedziemy na rowerze, autem, w tramwaju, widzimy osob\u0119 le\u017c\u0105c\u0105 np. na chodniku.<\/span><br \/>\n<strong><span style=\"font-family: georgia, palatino, serif; font-size: 16px;\">Co robi\u0107?<\/span><\/strong><br \/>\n<strong><span style=\"font-family: georgia, palatino, serif; font-size: 16px;\">Bezpiecze\u0144stwo<\/span><\/strong><br \/>\n<span style=\"font-family: georgia, palatino, serif; font-size: 16px;\">Zanim cokolwiek zrobimy, musimy zadba\u0107 o bezpiecze\u0144stwo nie tylko osoby, kt\u00f3rej pomagamy, ale i swoje. Nie pomo\u017cemy nikomu, je\u017celi sami nie jeste\u015bmy bezpieczni. Rozejrzyjmy si\u0119 dooko\u0142a i sprawd\u017amy czy nic nam nie grozi. Zatrzymajmy auto, rower, motocykl w bezpiecznym miejscu, w samochodzie wy\u0142\u0105czmy silnik, je\u017celi trzeba w\u0142\u0105czmy \u015bwiat\u0142a awaryjne, wystawmy tr\u00f3jk\u0105t ostrzegawczy, ubierzmy kamizelk\u0119 odblaskow\u0105. Je\u017celi znajdujemy si\u0119 na ulicy zwr\u00f3\u0107my uwag\u0119 czy nie nadje\u017cd\u017ca samoch\u00f3d, w innym miejscu, zorientujmy si\u0119 czy np. nie ma zwisaj\u0105cych przedmiot\u00f3w, gro\u017anego psa, ostrych rzeczy, kabli w kt\u00f3rych p\u0142ynie pr\u0105d. Uwa\u017cajmy tak\u017ce na ogie\u0144.<\/span><br \/>\n<strong><span style=\"font-family: georgia, palatino, serif; font-size: 16px;\">Jest bezpiecznie \u2013 zacznij pomaga\u0107.<\/span><\/strong><br \/>\n<span style=\"font-family: georgia, palatino, serif; font-size: 16px;\">Bezpiecze\u0144stwo to tak\u017ce r\u0119kawiczki jednorazowe, moim zdaniem obowi\u0105zkowe w obecnych czasach. S\u0105 lekkie, mieszcz\u0105 si\u0119 w ka\u017cdej kieszeni, saszetce, plecaku i warto je przy sobie nosi\u0107. Zak\u0142adamy r\u0119kawiczki, bo pami\u0119tamy, \u017ce zdrowy ratownik to najlepszy ratownik. Wasze bezpiecze\u0144stwo jest najwa\u017cniejsze.<\/span><br \/>\n<strong><span style=\"font-family: georgia, palatino, serif; font-size: 16px;\">Ocena przytomno\u015bci<\/span><\/strong><br \/>\n<span style=\"font-family: georgia, palatino, serif; font-size: 16px;\">Nale\u017cy podej\u015b\u0107 do poszkodowanego, najlepiej od strony n\u00f3g, \u017ceby mo\u017cna by\u0142o nas zauwa\u017cy\u0107, ale te\u017c dlatego, \u017ce my mo\u017cemy kilka rzeczy zaobserwowa\u0107. Wo\u0142amy \u201eHalo! Czy Pan\/Pani mnie s\u0142yszy?\u201d Je\u017celi sytuacja si\u0119 nie zmieni\u0142a nale\u017cy ukl\u0119kn\u0105\u0107 (pami\u0119tamy o bezpiecze\u0144stwie) i potrz\u0105sn\u0105\u0107 za ramiona, g\u0142o\u015bno wo\u0142aj\u0105c: \u201eCzy Pani\/Pan mnie s\u0142yszy? Prosz\u0119 na mnie popatrze\u0107!\u201d. Je\u015bli nasz ratowany nie odpowie, nie otworzy oczu, nie poruszy si\u0119 nale\u017cy sprawdzi\u0107 czy oddycha, ale o tym w nast\u0119pnym wpisie.<\/span><br \/>\n<strong><span style=\"font-family: georgia, palatino, serif; font-size: 16px;\">Aspekt spo\u0142eczny<\/span><\/strong><br \/>\n<span style=\"font-family: georgia, palatino, serif; font-size: 16px;\">Co do bezpiecze\u0144stwa tutaj powt\u00f3rzymy wszystkie czynno\u015bci z aspektu medycznego \u2013 nasze bezpiecze\u0144stwo jest najwa\u017cniejsze. Dlaczego ten wpis traktujemy jako spo\u0142eczny? Wielokrotnie stykamy si\u0119 z wypowiedziami, nie podesz\u0142am\/podszed\u0142em, bo na pewno jest pijany, albo bezdomny. Czy osoba nietrze\u017awa lub w kryzysie bezdomno\u015bci nie potrzebuje pomocy? Czy le\u017c\u0105cy cz\u0142owiek w os\u0142onie \u015bmietnika przy temperaturze powietrza 5\u00b0C to pewnik, \u017ce jest to bezdomny? A je\u015bli nawet, to dlaczego mamy mu nie pom\u00f3c? Bez nas mo\u017ce ulec wych\u0142odzeniu i umrze\u0107. Nast\u0119pny przyk\u0142ad to osoba le\u017c\u0105ca na klatce schodowej. Najcz\u0119\u015bciej dzwonimy pod nr 986 , bo w bramie \u015bpi bezdomny. Sk\u0105d wiadomo, \u017ce \u015bpi, mo\u017ce jest nieprzytomny i przesta\u0142 oddycha\u0107, mo\u017ce to s\u0105siad? Przez wizjer nie mo\u017cna sprawdzi\u0107 kto to i czy nie walczy o \u017cycie. Lub nietrze\u017awy id\u0105cy \u015brodkiem jezdni i przewracaj\u0105cy si\u0119 na ni\u0105. Zostawisz? Dla kierowc\u00f3w b\u0119dzie niewidoczny\u2026<\/span><br \/>\n<strong><span style=\"font-family: georgia, palatino, serif; font-size: 16px;\">Miejski O\u015brodek Pomocy Spo\u0142ecznej we Wroc\u0142awiu informuje:<\/span><\/strong><br \/>\n<span style=\"font-family: georgia, palatino, serif; font-size: 16px;\">Numer alarmowy do Stra\u017cy Miejskiej: 986,<\/span><br \/>\n<span style=\"font-family: georgia, palatino, serif; font-size: 16px;\">SMS oraz MMS do Stra\u017cy Miejskiej (ca\u0142odobowo) dla os\u00f3b z dysfunkcjami s\u0142uchu: 608 302 302<\/span><br \/>\n<span style=\"font-family: georgia, palatino, serif; font-size: 16px;\">Bezp\u0142atna infolinia dla os\u00f3b w kryzysie bezdomno\u015bci 0 800 292 137<\/span><br \/>\n<span style=\"font-family: georgia, palatino, serif; font-size: 16px;\">Poni\u017cej znajdziecie list\u0119 miejsc pomocowych, a w komentarzach dodatkowe informacje<\/span><br \/>\n<span style=\"font-family: georgia, palatino, serif; font-size: 16px;\">Schroniska, o\u015brodki wsparcia i noclegownie<\/span><br \/>\n<span style=\"font-family: georgia, palatino, serif; font-size: 16px;\">Dom Socjalny dla M\u0119\u017cczyzn \u2013 o\u015brodek wsparcia prowadzony przez Stowarzyszenie Pomocy \u201eLudzie Ludziom\u201d, ul. Obornicka 58A, 50-225 Wroc\u0142aw, tel. 71 32 90 806<\/span><br \/>\n<span style=\"font-family: georgia, palatino, serif; font-size: 16px;\">Schronisko im. \u015aw. Brata Alberta dla Bezdomnych Kobiet \u2013 prowadzone przez TPBA Ko\u0142o Wroc\u0142awskie, 51-168 Wroc\u0142aw ul. So\u0142tysowicka 21F, tel. 71 35 54 466<\/span><br \/>\n<span style=\"font-family: georgia, palatino, serif; font-size: 16px;\">Schronisko im. \u015aw. Brata Alberta dla Bezdomnych M\u0119\u017cczyzn \u2013 prowadzone przez TPBA Ko\u0142o Wroc\u0142awskie, ul. Bogedaina 5, 50-514 Wroc\u0142aw, tel. 71 33 67 007,<\/span><br \/>\n<span style=\"font-family: georgia, palatino, serif; font-size: 16px;\">Noclegownia im. \u015aw. Brata Alberta dla Bezdomnych M\u0119\u017cczyzn \u2013 prowadzona przez TPBA Ko\u0142o Wroc\u0142awskie, ul. Ma\u0142achowskiego 15, 50-084 Wroc\u0142aw, tel. 71 71 73 425<\/span><br \/>\n<span style=\"font-family: georgia, palatino, serif; font-size: 16px;\">Schronisko im. \u015aw. Brata Alberta dla Bezdomnych M\u0119\u017cczyzn w Szczodrem \u2013 prowadzone przez TPBA Ko\u0142o Wroc\u0142awskie, ul. Trzebnicka 28, 55-090 D\u0142ugo\u0142\u0119ka, tel. 71 39 98 612<\/span><br \/>\n<span style=\"font-family: georgia, palatino, serif; font-size: 16px;\">O\u015brodek wsparcia dla os\u00f3b w kryzysie prowadzony przez Stowarzyszenie \u201eNadzieja\u201d, ul. Pieszycka 32, 50-537 Wroc\u0142aw, tel. 71 39 25 912<\/span><br \/>\n<span style=\"font-family: georgia, palatino, serif; font-size: 16px;\">Dom Ciep\u0142a \u2013 o\u015brodek wsparcia prowadzony przez Stowarzyszenie \u201ePlus Minus\u201d, ul. Reymonta 8, 50-225 Wroc\u0142aw, tel. 71 32 91 039,<\/span><br \/>\n<span style=\"font-family: georgia, palatino, serif; font-size: 16px;\">O\u015brodek wsparcia dla os\u00f3b w kryzysie- prowadzony przez Stowarzyszenie \u201ePierwszy Krok\u201d ul. Jedno\u015bci Narodowej 187a, 54-310 Wroc\u0142aw, tel. 71 34 20 068,<\/span><br \/>\n<span style=\"font-family: georgia, palatino, serif; font-size: 16px;\">Centrum Wsparcia \u2013 o\u015brodek wsparcia prowadzony przez Stowarzyszenie Pomocy Wzajemnej im. Kard. S. Wyszy\u0144skiego, ul. Lelewela 23\/2, ul. Prosta 46\/7, Wroc\u0142aw, tel. 71 34 12 897<\/span><br \/>\n<span style=\"font-family: georgia, palatino, serif; font-size: 16px;\">Dom dla kobiet \u2013 o\u015brodek wsparcia prowadzony przez Stowarzyszenie Pomocy \u201eAkson\u201d, ul. Gliniana 28\/30, 50-525 Wroc\u0142aw, tel. 71 36 71 415<\/span><br \/>\n<span style=\"font-family: georgia, palatino, serif; font-size: 16px;\">Dom dla Matek z ma\u0142oletnimi dzie\u0107mi i kobiet w ci\u0105\u017cy \u2013 o\u015brodek wparcia prowadzony przez Stowarzyszenie \u201eMisja Dworcowa\u201d, ul. Pomorska 16b, 50-217 Wroc\u0142aw, tel.71 32 10 550<\/span><br \/>\n<span style=\"font-family: georgia, palatino, serif; font-size: 16px;\">Dom Integracji \u2013 o\u015brodek wsparcia prowadzony przez Fundacj\u0119 \u201eHomo Sacer\u201d, ul. Kili\u0144skiego 36\/5, 50-264 Wroc\u0142aw, tel. 531 261 278<\/span><br \/>\n<span style=\"font-family: georgia, palatino, serif; font-size: 16px;\">Specjalistyczny O\u015brodek Wsparcia dla Ofiar Przemocy- prowadzony przez Stowarzyszenie Pomocy \u201eAkson\u201d, ul. Bora-Komorowskiego 31, 51-210 Wroc\u0142aw, tel. 71 73 60 682<\/span><br \/>\n<span style=\"font-family: georgia, palatino, serif; font-size: 16px;\">Ogrzewalnia dla os\u00f3b w kryzysie bezdomno\u015bci, ul. Gajowicka 62 we Wroc\u0142awiu, tel. 530 712 650. Ogrzewalnia jest czynna w okresie jesienno-zimowym.<\/span><br \/>\n<span style=\"font-family: georgia, palatino, serif; font-size: 16px;\">O\u015brodek Interwencji Kryzysowej (dla rodzin z do\u015bwiadczeniem przemocy), ul. Rydgiera 43A, tel. 71 79 64 085 &#8211; ca\u0142odobowy<\/span><br \/>\n<span style=\"font-family: georgia, palatino, serif; font-size: 16px;\">O przyj\u0119ciu do plac\u00f3wki decyduje opiekun dy\u017curuj\u0105cy\/kierownik w plac\u00f3wce<\/span><br \/>\n<span style=\"font-family: georgia, palatino, serif; font-size: 16px;\">Jad\u0142odajnie<\/span><br \/>\n<span style=\"font-family: georgia, palatino, serif; font-size: 16px;\">Caritas Centrum Socjalne Archidiecezji Wroc\u0142awskiej, ul. S\u0142owia\u0144ska 17, 50-234 Wroc\u0142aw, tel. 71 37 21 986<\/span><br \/>\n<span style=\"font-family: georgia, palatino, serif; font-size: 16px;\">Jad\u0142odajnia przy Klasztorze Franciszkan\u00f3w, Al. Kasprowicza 26, 51-349 Wroc\u0142aw, tel. 71 32 735 93<\/span><br \/>\n<span style=\"font-family: georgia, palatino, serif; font-size: 16px;\">Fundacja \u201eSancta Familia\u201d, ul. Monte Cassino 64,51-681 Wroc\u0142aw, tel. 71 34 83 230<\/span><br \/>\n<span style=\"font-family: georgia, palatino, serif; font-size: 16px;\">Fundacja http:\/\/xn--wepom-4ta55gua.pl\/ ul. Pozna\u0144ska 48 (teren dawnej jednostki wojskowej) &#8211; podstawowe pakiety \u017cywno\u015bciowe w formie paczki oraz odzie\u017c.<\/span><br \/>\n<span style=\"font-family: georgia, palatino, serif; font-size: 16px;\">Odzie\u017c<\/span><br \/>\n<span style=\"font-family: georgia, palatino, serif; font-size: 16px;\">Polski Czerwony Krzy\u017c, ul. Bujwida 34, 50-368 Wroc\u0142aw, tel. 71 32 80 254<\/span><br \/>\n<span style=\"font-family: georgia, palatino, serif; font-size: 16px;\">Polski Komitet Pomocy Spo\u0142ecznej, ul. Dubois 11\/13, 50-208 Wroc\u0142aw, tel. 71 32 87 073<\/span><br \/>\n<span style=\"font-family: georgia, palatino, serif; font-size: 16px;\">odzie\u017c wydawana jest we wtorki w godz. 10.00-14.00<\/span><br \/>\n<span style=\"font-family: georgia, palatino, serif; font-size: 16px;\">porady prawne udzielane s\u0105 w czwartki w godz. 10.00-14.00<\/span><br \/>\n<span style=\"font-family: georgia, palatino, serif; font-size: 16px;\">\u0141a\u017anie<\/span><br \/>\n<span style=\"font-family: georgia, palatino, serif; font-size: 16px;\">ul. Katedralna 7, 50-328 Wroc\u0142aw, tel. 71 32 71 316. \u0141a\u017ania jest czynna w poniedzia\u0142ek, \u015brod\u0119 i pi\u0105tek w godzinach 6.00-14.00 (\u0142a\u017ania damsko-m\u0119ska).<\/span><br \/>\n<span style=\"font-family: georgia, palatino, serif; font-size: 16px;\">ul. Ma\u0142achowskiego 15, 50-422 Wroc\u0142aw, tel. 71 71 73 425. \u0141a\u017ania jest czynna od poniedzia\u0142ku do pi\u0105tku w godzinach 10:00-14:00 (\u0142a\u017ania m\u0119ska).<\/span><\/p>\n<p>BD<\/p>\n","protected":false},"excerpt":{"rendered":"<p>Dzi\u015b o poranku na naszych termometrach odnotowali\u015bmy -9\u00b0C. Obecne warunki pogodowe s\u0105 bardzo trudne, szczeg\u00f3lnie dla os\u00f3b bez dachu nad g\u0142ow\u0105. Stra\u017c Miejska Wroc\u0142awia prowadzi wzmo\u017cone kontrole miejsc, w kt\u00f3rych mog\u0105 przebywa\u0107 potrzebuj\u0105cy, zw\u0142aszcza wtedy kiedy temperatura zagra\u017ca ich \u017cyciu i zdrowiu. Ka\u017cdy stra\u017cnik w swoim rejonie dzia\u0142ania zna miejsca gdzie przebywaj\u0105 takie osoby. Osoba [&hellip;]<\/p>\n","protected":false},"author":7,"featured_media":32876,"comment_status":"closed","ping_status":"closed","sticky":false,"template":"","format":"standard","meta":{"footnotes":""},"categories":[16],"tags":[],"class_list":["post-32875","post","type-post","status-publish","format-standard","has-post-thumbnail","hentry","category-aktual"],"_links":{"self":[{"href":"https:\/\/smwroclaw.pl\/index.php?rest_route=\/wp\/v2\/posts\/32875","targetHints":{"allow":["GET"]}}],"collection":[{"href":"https:\/\/smwroclaw.pl\/index.php?rest_route=\/wp\/v2\/posts"}],"about":[{"href":"https:\/\/smwroclaw.pl\/index.php?rest_route=\/wp\/v2\/types\/post"}],"author":[{"embeddable":true,"href":"https:\/\/smwroclaw.pl\/index.php?rest_route=\/wp\/v2\/users\/7"}],"replies":[{"embeddable":true,"href":"https:\/\/smwroclaw.pl\/index.php?rest_route=%2Fwp%2Fv2%2Fcomments&post=32875"}],"version-history":[{"count":1,"href":"https:\/\/smwroclaw.pl\/index.php?rest_route=\/wp\/v2\/posts\/32875\/revisions"}],"predecessor-version":[{"id":32877,"href":"https:\/\/smwroclaw.pl\/index.php?rest_route=\/wp\/v2\/posts\/32875\/revisions\/32877"}],"wp:featuredmedia":[{"embeddable":true,"href":"https:\/\/smwroclaw.pl\/index.php?rest_route=\/wp\/v2\/media\/32876"}],"wp:attachment":[{"href":"https:\/\/smwroclaw.pl\/index.php?rest_route=%2Fwp%2Fv2%2Fmedia&parent=32875"}],"wp:term":[{"taxonomy":"category","embeddable":true,"href":"https:\/\/smwroclaw.pl\/index.php?rest_route=%2Fwp%2Fv2%2Fcategories&post=32875"},{"taxonomy":"post_tag","embeddable":true,"href":"https:\/\/smwroclaw.pl\/index.php?rest_route=%2Fwp%2Fv2%2Ftags&post=32875"}],"curies":[{"name":"wp","href":"https:\/\/api.w.org\/{rel}","templated":true}]}}