{"id":32885,"date":"2025-02-19T09:19:32","date_gmt":"2025-02-19T08:19:32","guid":{"rendered":"https:\/\/smwroclaw.pl\/?p=32885"},"modified":"2025-02-19T09:19:32","modified_gmt":"2025-02-19T08:19:32","slug":"referat-patroli-wodnych-w-dzialaniu-dwa-wypadki-z-w-ciagu-godziny","status":"publish","type":"post","link":"https:\/\/smwroclaw.pl\/?p=32885","title":{"rendered":"REFERAT PATROLI WODNYCH W DZIA\u0141ANIU &#8211; dwa wypadki z w ci\u0105gu godziny"},"content":{"rendered":"<p style=\"text-align: justify;\"><span style=\"font-family: georgia, palatino, serif; font-size: 16px;\">Wczoraj, w kr\u00f3tkim odst\u0119pie czasu, w r\u00f3\u017cnych cz\u0119\u015bciach Wroc\u0142awia dosz\u0142o do dw\u00f3ch niebezpiecznych zdarze\u0144 z udzia\u0142em pieszych. <\/span><span style=\"font-family: georgia, palatino, serif; font-size: 16px;\">Oko\u0142o godziny 11:15 przeje\u017cd\u017caj\u0105c ulic\u0105 Lotnicz\u0105 w okolicach ronda Praw Kobiet stra\u017cnicy z Referatu Patroli Wodnych zauwa\u017cyli kobiet\u0119 le\u017c\u0105c\u0105 na przej\u015bciu dla pieszych. Z relacji \u015bwiadk\u00f3w wynika\u0142o, \u017ce kobieta, w wieku oko\u0142o 40 lat, zosta\u0142a potr\u0105cona przez samoch\u00f3d. Poszkodowana by\u0142a przytomna, ale uskar\u017ca\u0142a si\u0119 na b\u00f3l n\u00f3g. Stra\u017cnicy udzielili niezb\u0119dnej pomocy medycznej, a na miejsce wezwali pogotowie ratunkowe i policj\u0119. Do czasu przyjazdu s\u0142u\u017cb funkcjonariusze zabezpieczyli miejsce zdarzenia i monitorowali stan poszkodowanej. Po przyje\u017adzie Zespo\u0142u ratownictwa Medycznego, przebadaniu kobiety zadecydowano o przewiezieniu jej do szpitala, a policja przej\u0119\u0142a dalsze dochodzenie w sprawie wypadku. <\/span><span style=\"font-family: georgia, palatino, serif; font-size: 16px;\">Nied\u0142ugo po tym, oko\u0142o godziny 11:30 ten sam patrol interweniowa\u0142 na ulicy Legnickiej, <\/span><!--more--><\/p>\n<p style=\"text-align: justify;\"><span style=\"font-family: georgia, palatino, serif; font-size: 16px;\">w pobli\u017cu skrzy\u017cowania z ulic\u0105 Trzemesk\u0105, gdzie na chodniku, le\u017ca\u0142a nieprzytomna kobieta, kt\u00f3ra jak relacjonowali \u015bwiadkowie mia\u0142a atak epilepsji. W trakcie udzielania pomocy przez stra\u017cnik\u00f3w okaza\u0142o si\u0119, \u017ce 36-latka ma powa\u017cny uraz g\u0142owy i obficie krwawi. Ran\u0119 zaopatrzono, tamuj\u0105c krwawienie. Na miejsce wezwano pogotowie ratunkowe, kt\u00f3re zabra\u0142o poszkodowan\u0105 do szpitala.<\/span><br \/>\n<span style=\"font-family: georgia, palatino, serif; font-size: 16px;\">O tym jak wa\u017cna jest umiej\u0119tno\u015b\u0107 udzielania pierwszej pomocy wiedz\u0105 wszyscy. W Stra\u017cy Miejskiej Wroc\u0142awia mamy grup\u0119 30 os\u00f3b z uprawnieniami ratownika KPP, jednego ratownika medycznego i piel\u0119gniark\u0119 z wy\u017cszym wykszta\u0142ceniem medycznym, co procentuje w czasie pracy w tak du\u017cym mie\u015bcie jakim jest Wroc\u0142aw.<\/span><br \/>\n<span style=\"font-family: georgia, palatino, serif; font-size: 16px;\">Przypominamy o konieczno\u015bci zachowania szczeg\u00f3lnej uwagi w okolicach przej\u015b\u0107 dla pieszych oraz o niezw\u0142ocznym wzywaniu s\u0142u\u017cb ratunkowych w przypadku zaobserwowania niebezpiecznych zdarze\u0144.<\/span><\/p>\n\n\t\t<style type=\"text\/css\">\n\t\t\t#gallery-1 {\n\t\t\t\tmargin: auto;\n\t\t\t}\n\t\t\t#gallery-1 .gallery-item {\n\t\t\t\tfloat: left;\n\t\t\t\tmargin-top: 10px;\n\t\t\t\ttext-align: center;\n\t\t\t\twidth: 33%;\n\t\t\t}\n\t\t\t#gallery-1 img {\n\t\t\t\tborder: 2px solid #cfcfcf;\n\t\t\t}\n\t\t\t#gallery-1 .gallery-caption {\n\t\t\t\tmargin-left: 0;\n\t\t\t}\n\t\t\t\/* see gallery_shortcode() in wp-includes\/media.php *\/\n\t\t<\/style>\n\t\t<div id='gallery-1' class='gallery galleryid-32885 gallery-columns-3 gallery-size-thumbnail'><dl class='gallery-item'>\n\t\t\t<dt class='gallery-icon landscape'>\n\t\t\t\t<a href='https:\/\/smwroclaw.pl\/?attachment_id=32890'><img fetchpriority=\"high\" decoding=\"async\" width=\"360\" height=\"260\" src=\"https:\/\/smwroclaw.pl\/wp-content\/uploads\/2025\/02\/5-2-360x260.jpg\" class=\"attachment-thumbnail size-thumbnail\" alt=\"\" \/><\/a>\n\t\t\t<\/dt><\/dl><dl class='gallery-item'>\n\t\t\t<dt class='gallery-icon landscape'>\n\t\t\t\t<a href='https:\/\/smwroclaw.pl\/?attachment_id=32889'><img decoding=\"async\" width=\"360\" height=\"260\" src=\"https:\/\/smwroclaw.pl\/wp-content\/uploads\/2025\/02\/4-2-360x260.jpg\" class=\"attachment-thumbnail size-thumbnail\" alt=\"\" \/><\/a>\n\t\t\t<\/dt><\/dl><dl class='gallery-item'>\n\t\t\t<dt class='gallery-icon portrait'>\n\t\t\t\t<a href='https:\/\/smwroclaw.pl\/?attachment_id=32888'><img decoding=\"async\" width=\"360\" height=\"260\" src=\"https:\/\/smwroclaw.pl\/wp-content\/uploads\/2025\/02\/3-2-360x260.jpg\" class=\"attachment-thumbnail size-thumbnail\" alt=\"\" \/><\/a>\n\t\t\t<\/dt><\/dl><br style=\"clear: both\" \/><dl class='gallery-item'>\n\t\t\t<dt class='gallery-icon portrait'>\n\t\t\t\t<a href='https:\/\/smwroclaw.pl\/?attachment_id=32887'><img loading=\"lazy\" decoding=\"async\" width=\"360\" height=\"260\" src=\"https:\/\/smwroclaw.pl\/wp-content\/uploads\/2025\/02\/2-2-360x260.jpg\" class=\"attachment-thumbnail size-thumbnail\" alt=\"\" \/><\/a>\n\t\t\t<\/dt><\/dl><dl class='gallery-item'>\n\t\t\t<dt class='gallery-icon landscape'>\n\t\t\t\t<a href='https:\/\/smwroclaw.pl\/?attachment_id=32886'><img loading=\"lazy\" decoding=\"async\" width=\"360\" height=\"260\" src=\"https:\/\/smwroclaw.pl\/wp-content\/uploads\/2025\/02\/1-2-360x260.jpg\" class=\"attachment-thumbnail size-thumbnail\" alt=\"\" \/><\/a>\n\t\t\t<\/dt><\/dl>\n\t\t\t<br style='clear: both' \/>\n\t\t<\/div>\n\n<p>BD<\/p>\n","protected":false},"excerpt":{"rendered":"<p>Wczoraj, w kr\u00f3tkim odst\u0119pie czasu, w r\u00f3\u017cnych cz\u0119\u015bciach Wroc\u0142awia dosz\u0142o do dw\u00f3ch niebezpiecznych zdarze\u0144 z udzia\u0142em pieszych. Oko\u0142o godziny 11:15 przeje\u017cd\u017caj\u0105c ulic\u0105 Lotnicz\u0105 w okolicach ronda Praw Kobiet stra\u017cnicy z Referatu Patroli Wodnych zauwa\u017cyli kobiet\u0119 le\u017c\u0105c\u0105 na przej\u015bciu dla pieszych. Z relacji \u015bwiadk\u00f3w wynika\u0142o, \u017ce kobieta, w wieku oko\u0142o 40 lat, zosta\u0142a potr\u0105cona przez samoch\u00f3d. [&hellip;]<\/p>\n","protected":false},"author":7,"featured_media":32891,"comment_status":"closed","ping_status":"closed","sticky":false,"template":"","format":"standard","meta":{"footnotes":""},"categories":[16],"tags":[],"class_list":["post-32885","post","type-post","status-publish","format-standard","has-post-thumbnail","hentry","category-aktual"],"_links":{"self":[{"href":"https:\/\/smwroclaw.pl\/index.php?rest_route=\/wp\/v2\/posts\/32885","targetHints":{"allow":["GET"]}}],"collection":[{"href":"https:\/\/smwroclaw.pl\/index.php?rest_route=\/wp\/v2\/posts"}],"about":[{"href":"https:\/\/smwroclaw.pl\/index.php?rest_route=\/wp\/v2\/types\/post"}],"author":[{"embeddable":true,"href":"https:\/\/smwroclaw.pl\/index.php?rest_route=\/wp\/v2\/users\/7"}],"replies":[{"embeddable":true,"href":"https:\/\/smwroclaw.pl\/index.php?rest_route=%2Fwp%2Fv2%2Fcomments&post=32885"}],"version-history":[{"count":1,"href":"https:\/\/smwroclaw.pl\/index.php?rest_route=\/wp\/v2\/posts\/32885\/revisions"}],"predecessor-version":[{"id":32892,"href":"https:\/\/smwroclaw.pl\/index.php?rest_route=\/wp\/v2\/posts\/32885\/revisions\/32892"}],"wp:featuredmedia":[{"embeddable":true,"href":"https:\/\/smwroclaw.pl\/index.php?rest_route=\/wp\/v2\/media\/32891"}],"wp:attachment":[{"href":"https:\/\/smwroclaw.pl\/index.php?rest_route=%2Fwp%2Fv2%2Fmedia&parent=32885"}],"wp:term":[{"taxonomy":"category","embeddable":true,"href":"https:\/\/smwroclaw.pl\/index.php?rest_route=%2Fwp%2Fv2%2Fcategories&post=32885"},{"taxonomy":"post_tag","embeddable":true,"href":"https:\/\/smwroclaw.pl\/index.php?rest_route=%2Fwp%2Fv2%2Ftags&post=32885"}],"curies":[{"name":"wp","href":"https:\/\/api.w.org\/{rel}","templated":true}]}}