{"id":33215,"date":"2025-05-12T18:08:20","date_gmt":"2025-05-12T16:08:20","guid":{"rendered":"https:\/\/smwroclaw.pl\/?p=33215"},"modified":"2025-05-13T12:40:30","modified_gmt":"2025-05-13T10:40:30","slug":"juz-w-ta-sobote-17-maja-wroclawianie-i-4-lapy-na-polanie","status":"publish","type":"post","link":"https:\/\/smwroclaw.pl\/?p=33215","title":{"rendered":"JU\u017b W T\u0104 SOBOT\u0118 \u2013 17 MAJA \u2013 \u201eWroc\u0142awianie i 4 \u0142apy na polanie\u201d"},"content":{"rendered":"<p style=\"text-align: justify;\"><span style=\"font-size: 16px; font-family: georgia, palatino, serif;\"><strong>W najbli\u017csz\u0105 sobot\u0119, 17 maja 2025 roku<\/strong>, zapraszamy wszystkich mi\u0142o\u015bnik\u00f3w czterech \u0142ap<strong> do Parku Grabiszy\u0144skiego w godzinach 14:00\u201317:00<\/strong> na piknik <strong>\u201eWroc\u0142awianie i 4 \u0142apy na polanie\u201d<\/strong>, organizowany przez Stra\u017c Miejsk\u0105 Wroc\u0142awia. Tego dnia nie tylko<strong> przypomnimy o obowi\u0105zkach w\u0142a\u015bcicieli czworonog\u00f3w,<\/strong> ale r\u00f3wnie\u017c damy sympatykom zwierz\u0105t okazj\u0119 do skorzystania z <strong>porad weterynaryjnych,<\/strong> udzia\u0142u w <strong>warsztatach udzielania pierwszej pomocy przedweterynaryjnej<\/strong> (RKO na fantomie zwierz\u0119cym), <strong>spotka\u0144 z organizacjami prozwierz\u0119cymi<\/strong> przeciwdzia\u0142aj\u0105cymi bezdomno\u015bci oraz zapozna\u0107 si\u0119 z <strong>prac\u0105 policyjnego patrolu<\/strong> z psem tropi\u0105cym.<\/span><\/p>\n<p style=\"text-align: justify;\"><span style=\"font-size: 16px; font-family: georgia, palatino, serif;\"><!--more--><\/span><\/p>\n<p><span style=\"font-size: 16px; font-family: georgia, palatino, serif;\"><div class=\"su-spacer\" style=\"height:50px\"><\/div><\/span><\/p>\n<p style=\"text-align: justify;\"><span style=\"font-size: 16px; font-family: georgia, palatino, serif;\">W programie przewidziano r\u00f3wnie\u017c adopcj\u0119 ps\u00f3w, prezentacj\u0119 dron\u00f3w i quad\u00f3w, a tak\u017ce pokaz pracy Referatu Patroli Konnych oraz Animal Patrolu Stra\u017cy Miejskiej Wroc\u0142awia. <\/span><\/p>\n<p style=\"text-align: justify;\"><span style=\"font-size: 16px; font-family: georgia, palatino, serif;\"><strong>Na uczestnik\u00f3w festynu czekaj\u0105 konkursy i zabawy z nagrodami. <\/strong><strong>W\u015br\u00f3d konkurencji dla opiekun\u00f3w wraz ze swoimi pupilami znajd\u0105 si\u0119 m.in. wybory na:<\/strong><\/span><br \/>\n<span style=\"font-size: 16px; font-family: georgia, palatino, serif;\"><strong>\u2013 \u201eNajfiglarniejszego szczeniaka\u201d;<\/strong><\/span><br \/>\n<span style=\"font-size: 16px; font-family: georgia, palatino, serif;\"><strong>\u2013 \u201ePsa z najciekawsz\u0105 osobowo\u015bci\u0105\u201d (w kategorii doros\u0142ych ps\u00f3w);<\/strong><\/span><br \/>\n<span style=\"font-size: 16px; font-family: georgia, palatino, serif;\"><strong>\u2013 \u201eNajdostojniejszego psiego seniora\u201d.<br \/>\n<\/strong><\/span><\/p>\n<p style=\"text-align: justify;\"><span style=\"font-size: 16px; font-family: georgia, palatino, serif;\"><em><strong>Wydarzenie zosta\u0142o obj\u0119te patronatem Prezydenta Wroc\u0142awia Jacka Sutryka.<\/strong><\/em><\/span><\/p>\n<p style=\"text-align: justify;\"><span style=\"font-size: 16px; font-family: georgia, palatino, serif;\"><em><strong>Sponsorzy nagr\u00f3d:<\/strong><\/em><\/span><br \/>\n<span style=\"font-size: 16px; font-family: georgia, palatino, serif;\">\u2022 El Dorado Dystrybucja Sp. z o.o.;<\/span><br \/>\n<span style=\"font-size: 16px; font-family: georgia, palatino, serif;\">\u2022 Outlet Zoologiczny Wroc\u0142aw;<\/span><br \/>\n<span style=\"font-size: 16px; font-family: georgia, palatino, serif;\">\u2022 Dolina Baryczy.<\/span><\/p>\n<p style=\"text-align: justify;\"><span style=\"font-size: 16px; font-family: georgia, palatino, serif;\"><em><strong>Partnerzy wydarzenia:<\/strong><\/em><\/span><br \/>\n<span style=\"font-size: 16px; font-family: georgia, palatino, serif;\">\u2022 Wydzia\u0142 Medycyny Weterynaryjnej, Katedra Chor\u00f3b Wewn\u0119trznych z Klinik\u0105 Koni, Ps\u00f3w i Kot\u00f3w Uniwersytetu Przyrodniczego we Wroc\u0142awiu;<\/span><br \/>\n<span style=\"font-size: 16px; font-family: georgia, palatino, serif;\">\u2022 Wydzia\u0142 Nauk Biologicznych Uniwersytetu Wroc\u0142awskiego;<\/span><br \/>\n<span style=\"font-size: 16px; font-family: georgia, palatino, serif;\">\u2022 Powiatowy Inspektorat Weterynarii;<\/span><br \/>\n<span style=\"font-size: 16px; font-family: georgia, palatino, serif;\">\u2022 Policja;<\/span><br \/>\n<span style=\"font-size: 16px; font-family: georgia, palatino, serif;\">\u2022 Wydzia\u0142 \u015arodowiska Urz\u0119du Miejskiego Wroc\u0142awia;<\/span><br \/>\n<span style=\"font-size: 16px; font-family: georgia, palatino, serif;\">\u2022 Departament R\u00f3\u017cnorodno\u015bci Spo\u0142ecznej, Biuro Wroc\u0142aw bez Barier;<\/span><br \/>\n<span style=\"font-size: 16px; font-family: georgia, palatino, serif;\">\u2022 Zwi\u0105zek Kynologiczny w Polsce, Oddzia\u0142 we Wroc\u0142awiu;<\/span><br \/>\n<span style=\"font-size: 16px; font-family: georgia, palatino, serif;\">\u2022 TOZ \u2013 Schronisko dla Bezdomnych Zwierz\u0105t we Wroc\u0142awiu;<\/span><br \/>\n<span style=\"font-size: 16px; font-family: georgia, palatino, serif;\">\u2022 Stowarzyszenie Ochrony Zwierz\u0105t EKOSTRA\u017b;<\/span><br \/>\n<span style=\"font-size: 16px; font-family: georgia, palatino, serif;\">\u2022 Przychodnia Weterynaryjna MED-VET;<\/span><br \/>\n<span style=\"font-size: 16px; font-family: georgia, palatino, serif;\">\u2022 Fundacja Ochrony Kota;<\/span><br \/>\n<span style=\"font-size: 16px; font-family: georgia, palatino, serif;\">\u2022 Fundacja Koci Zak\u0105tek;<\/span><br \/>\n<span style=\"font-size: 16px; font-family: georgia, palatino, serif;\">\u2022 Fundacja Zwierz\u0119ca Nadzieja;<\/span><br \/>\n<span style=\"font-size: 16px; font-family: georgia, palatino, serif;\">\u2022 Fundacja Kociarnia K\u017b;<\/span><br \/>\n<span style=\"font-size: 16px; font-family: georgia, palatino, serif;\">\u2022 MPWiK #PijKran\u00f3wk\u0119;<\/span><br \/>\n<span style=\"font-size: 16px; font-family: georgia, palatino, serif;\">\u2022 Wroc\u0142awskie Centrum Rozwoju Spo\u0142ecznego.<\/span><\/p>\n<p style=\"text-align: justify;\"><span style=\"font-size: 16px; font-family: georgia, palatino, serif;\">Serdecznie zapraszamy dzieci, m\u0142odzie\u017c, doros\u0142ych i ca\u0142e rodziny \u2014 wszystkich, kt\u00f3rzy kochaj\u0105 zwierz\u0119ta i chc\u0105 sp\u0119dzi\u0107 sobotnie popo\u0142udnie w radosnej, przyjaznej atmosferze! Czeka na Was mn\u00f3stwo atrakcji, dobra zabawa i chwile pe\u0142ne u\u015bmiechu \u2013 nie mo\u017ce Was zabrakn\u0105\u0107!<\/span><\/p>\n<p><span style=\"font-size: 16px; font-family: georgia, palatino, serif;\"><div class=\"su-spacer\" style=\"height:50px\"><\/div><\/span><\/p>\n<p><span style=\"font-size: 16px; font-family: georgia, palatino, serif;\"><img fetchpriority=\"high\" decoding=\"async\" class=\"alignnone wp-image-33217\" src=\"https:\/\/smwroclaw.pl\/wp-content\/uploads\/2025\/05\/Plakat-Wroclawianie-i-4-lapy-na-polanie-2025SM-212x300.jpg\" alt=\"\" width=\"690\" height=\"977\" srcset=\"https:\/\/smwroclaw.pl\/wp-content\/uploads\/2025\/05\/Plakat-Wroclawianie-i-4-lapy-na-polanie-2025SM-212x300.jpg 212w, https:\/\/smwroclaw.pl\/wp-content\/uploads\/2025\/05\/Plakat-Wroclawianie-i-4-lapy-na-polanie-2025SM-768x1086.jpg 768w, https:\/\/smwroclaw.pl\/wp-content\/uploads\/2025\/05\/Plakat-Wroclawianie-i-4-lapy-na-polanie-2025SM-1086x1536.jpg 1086w, https:\/\/smwroclaw.pl\/wp-content\/uploads\/2025\/05\/Plakat-Wroclawianie-i-4-lapy-na-polanie-2025SM-1448x2048.jpg 1448w, https:\/\/smwroclaw.pl\/wp-content\/uploads\/2025\/05\/Plakat-Wroclawianie-i-4-lapy-na-polanie-2025SM-scaled.jpg 1810w\" sizes=\"(max-width: 690px) 100vw, 690px\" \/><\/span><\/p>\n<p>&nbsp;<\/p>\n<p>&nbsp;<\/p>\n<p>&nbsp;<\/p>\n<p><span style=\"font-size: 16px; font-family: georgia, palatino, serif;\">KB<\/span><\/p>\n<p>&nbsp;<\/p>\n<p>&nbsp;<\/p>\n<p>&nbsp;<\/p>\n<p>&nbsp;<\/p>\n<p>&nbsp;<\/p>\n","protected":false},"excerpt":{"rendered":"<p>W najbli\u017csz\u0105 sobot\u0119, 17 maja 2025 roku, zapraszamy wszystkich mi\u0142o\u015bnik\u00f3w czterech \u0142ap do Parku Grabiszy\u0144skiego w godzinach 14:00\u201317:00 na piknik \u201eWroc\u0142awianie i 4 \u0142apy na polanie\u201d, organizowany przez Stra\u017c Miejsk\u0105 Wroc\u0142awia. Tego dnia nie tylko przypomnimy o obowi\u0105zkach w\u0142a\u015bcicieli czworonog\u00f3w, ale r\u00f3wnie\u017c damy sympatykom zwierz\u0105t okazj\u0119 do skorzystania z porad weterynaryjnych, udzia\u0142u w warsztatach udzielania [&hellip;]<\/p>\n","protected":false},"author":12,"featured_media":33219,"comment_status":"closed","ping_status":"closed","sticky":false,"template":"","format":"standard","meta":{"footnotes":""},"categories":[16],"tags":[],"class_list":["post-33215","post","type-post","status-publish","format-standard","has-post-thumbnail","hentry","category-aktual"],"_links":{"self":[{"href":"https:\/\/smwroclaw.pl\/index.php?rest_route=\/wp\/v2\/posts\/33215","targetHints":{"allow":["GET"]}}],"collection":[{"href":"https:\/\/smwroclaw.pl\/index.php?rest_route=\/wp\/v2\/posts"}],"about":[{"href":"https:\/\/smwroclaw.pl\/index.php?rest_route=\/wp\/v2\/types\/post"}],"author":[{"embeddable":true,"href":"https:\/\/smwroclaw.pl\/index.php?rest_route=\/wp\/v2\/users\/12"}],"replies":[{"embeddable":true,"href":"https:\/\/smwroclaw.pl\/index.php?rest_route=%2Fwp%2Fv2%2Fcomments&post=33215"}],"version-history":[{"count":6,"href":"https:\/\/smwroclaw.pl\/index.php?rest_route=\/wp\/v2\/posts\/33215\/revisions"}],"predecessor-version":[{"id":33228,"href":"https:\/\/smwroclaw.pl\/index.php?rest_route=\/wp\/v2\/posts\/33215\/revisions\/33228"}],"wp:featuredmedia":[{"embeddable":true,"href":"https:\/\/smwroclaw.pl\/index.php?rest_route=\/wp\/v2\/media\/33219"}],"wp:attachment":[{"href":"https:\/\/smwroclaw.pl\/index.php?rest_route=%2Fwp%2Fv2%2Fmedia&parent=33215"}],"wp:term":[{"taxonomy":"category","embeddable":true,"href":"https:\/\/smwroclaw.pl\/index.php?rest_route=%2Fwp%2Fv2%2Fcategories&post=33215"},{"taxonomy":"post_tag","embeddable":true,"href":"https:\/\/smwroclaw.pl\/index.php?rest_route=%2Fwp%2Fv2%2Ftags&post=33215"}],"curies":[{"name":"wp","href":"https:\/\/api.w.org\/{rel}","templated":true}]}}