{"id":33291,"date":"2025-06-01T20:49:03","date_gmt":"2025-06-01T18:49:03","guid":{"rendered":"https:\/\/smwroclaw.pl\/?p=33291"},"modified":"2025-06-01T20:49:03","modified_gmt":"2025-06-01T18:49:03","slug":"dzien-dziecka-zyczenia-od-straznikow","status":"publish","type":"post","link":"https:\/\/smwroclaw.pl\/?p=33291","title":{"rendered":"DZIE\u0143 DZIECKA &#8211; \u017bYCZENIA OD STRA\u017bNIK\u00d3W"},"content":{"rendered":"<p style=\"text-align: justify;\"><span style=\"font-size: 16px; font-family: georgia, palatino, serif;\"><strong>Kochane Dzieci<\/strong> \u2013 te ma\u0142e i te ca\u0142kiem du\u017ce! <strong>Z okazji Dnia Dziecka \u017cyczymy<\/strong> <strong>Wam<\/strong> mn\u00f3stwo<strong> rado\u015bci, kolorowych chwil<\/strong> i <strong>u\u015bmiechu<\/strong> ka\u017cdego dnia \u2013 tak s\u0142odkiego jak wata cukrowa! Niech \u015bwiat zawsze b\u0119dzie dla Was bezpiecznym miejscem, pe\u0142nym<strong> ciep\u0142ych s\u0142\u00f3w, wsparcia i \u017cyczliwo\u015bci \u2013 wolnym od hejtu i przemocy.<\/strong><\/span><\/p>\n<p style=\"text-align: justify;\"><span style=\"font-size: 16px; font-family: georgia, palatino, serif;\"><!--more-->Piel\u0119gnujcie w sobie dziecko, niezale\u017cnie od wieku \u2013 bo \u015bwiat staje si\u0119 pi\u0119kniejszy, gdy \u015bmieje si\u0119 dziecko. <strong>Wszystkiego najpi\u0119kniejszego! <\/strong><\/span><span style=\"font-size: 16px; font-family: georgia, palatino, serif;\">\u017byczy Wam Stra\u017c Miejska Wroc\u0142awia.\u00a0<\/span><\/p>\n<div class=\"su-spacer\" style=\"height:50px\"><\/div>\n<div style=\"width: 480px;\" class=\"wp-video\"><!--[if lt IE 9]><script>document.createElement('video');<\/script><![endif]-->\n<video class=\"wp-video-shortcode\" id=\"video-33291-1\" width=\"480\" height=\"864\" preload=\"metadata\" controls=\"controls\"><source type=\"video\/mp4\" src=\"https:\/\/smwroclaw.pl\/wp-content\/uploads\/2025\/06\/Dzien-Dziecka-2025.mp4?_=1\" \/><a href=\"https:\/\/smwroclaw.pl\/wp-content\/uploads\/2025\/06\/Dzien-Dziecka-2025.mp4\">https:\/\/smwroclaw.pl\/wp-content\/uploads\/2025\/06\/Dzien-Dziecka-2025.mp4<\/a><\/video><\/div>\n<p>&nbsp;<\/p>\n<p>&nbsp;<\/p>\n","protected":false},"excerpt":{"rendered":"<p>Kochane Dzieci \u2013 te ma\u0142e i te ca\u0142kiem du\u017ce! Z okazji Dnia Dziecka \u017cyczymy Wam mn\u00f3stwo rado\u015bci, kolorowych chwil i u\u015bmiechu ka\u017cdego dnia \u2013 tak s\u0142odkiego jak wata cukrowa! Niech \u015bwiat zawsze b\u0119dzie dla Was bezpiecznym miejscem, pe\u0142nym ciep\u0142ych s\u0142\u00f3w, wsparcia i \u017cyczliwo\u015bci \u2013 wolnym od hejtu i przemocy.<\/p>\n","protected":false},"author":12,"featured_media":33293,"comment_status":"closed","ping_status":"closed","sticky":false,"template":"","format":"standard","meta":{"footnotes":""},"categories":[16],"tags":[],"class_list":["post-33291","post","type-post","status-publish","format-standard","has-post-thumbnail","hentry","category-aktual"],"_links":{"self":[{"href":"https:\/\/smwroclaw.pl\/index.php?rest_route=\/wp\/v2\/posts\/33291","targetHints":{"allow":["GET"]}}],"collection":[{"href":"https:\/\/smwroclaw.pl\/index.php?rest_route=\/wp\/v2\/posts"}],"about":[{"href":"https:\/\/smwroclaw.pl\/index.php?rest_route=\/wp\/v2\/types\/post"}],"author":[{"embeddable":true,"href":"https:\/\/smwroclaw.pl\/index.php?rest_route=\/wp\/v2\/users\/12"}],"replies":[{"embeddable":true,"href":"https:\/\/smwroclaw.pl\/index.php?rest_route=%2Fwp%2Fv2%2Fcomments&post=33291"}],"version-history":[{"count":1,"href":"https:\/\/smwroclaw.pl\/index.php?rest_route=\/wp\/v2\/posts\/33291\/revisions"}],"predecessor-version":[{"id":33295,"href":"https:\/\/smwroclaw.pl\/index.php?rest_route=\/wp\/v2\/posts\/33291\/revisions\/33295"}],"wp:featuredmedia":[{"embeddable":true,"href":"https:\/\/smwroclaw.pl\/index.php?rest_route=\/wp\/v2\/media\/33293"}],"wp:attachment":[{"href":"https:\/\/smwroclaw.pl\/index.php?rest_route=%2Fwp%2Fv2%2Fmedia&parent=33291"}],"wp:term":[{"taxonomy":"category","embeddable":true,"href":"https:\/\/smwroclaw.pl\/index.php?rest_route=%2Fwp%2Fv2%2Fcategories&post=33291"},{"taxonomy":"post_tag","embeddable":true,"href":"https:\/\/smwroclaw.pl\/index.php?rest_route=%2Fwp%2Fv2%2Ftags&post=33291"}],"curies":[{"name":"wp","href":"https:\/\/api.w.org\/{rel}","templated":true}]}}