{"id":33324,"date":"2025-06-04T13:07:59","date_gmt":"2025-06-04T11:07:59","guid":{"rendered":"https:\/\/smwroclaw.pl\/?p=33324"},"modified":"2025-06-04T13:11:50","modified_gmt":"2025-06-04T11:11:50","slug":"33-final-wielkiej-orkiestry-swiatecznej-pomocy-uczniowie-ze-szkoly-podstawowej-64-z-wizyta-w-strazy-miejskiej","status":"publish","type":"post","link":"https:\/\/smwroclaw.pl\/?p=33324","title":{"rendered":"33. FINA\u0141 WIELKIEJ ORKIESTRY \u015aWI\u0104TECZNEJ POMOCY \u2013 uczniowie ze Szko\u0142y Podstawowej 64 z wizyt\u0105 w Stra\u017cy Miejskiej"},"content":{"rendered":"<p style=\"text-align: justify;\"><span style=\"font-size: 16px; font-family: georgia, palatino, serif;\"><strong>33. Fina\u0142 Wielkiej Orkiestry \u015awi\u0105tecznej Pomocy<\/strong>, a my nadal tkwimy w gor\u0105cej atmosferze. Jednym z przedmiot\u00f3w wystawionych na naszych charytatywnych aukcjach by\u0142 voucher na zaj\u0119cia z pierwszej pomocy. Zaci\u0119t\u0105 licytacj\u0119 wygra\u0142a mama jednej z uczennic klasy <strong>VII c ze Szko\u0142y Podstawowej nr 64 przy ulicy Wojszyckiej<\/strong>.<\/span><br \/>\n<span style=\"font-size: 16px; font-family: georgia, palatino, serif;\">30 maja w siedzibie Stra\u017cy Miejskiej Wroc\u0142awia przy ulicy Na Grobli odby\u0142o si\u0119 szkolenie dla uczni\u00f3w z zakresu pierwszej pomocy, ale te\u017c nie oby\u0142o si\u0119 bez przygotowania kilku innych niespodzianek m.in powrotu do przesz\u0142o\u015bci czyli wizyty w <strong>Sali Tradycji<\/strong> po kt\u00f3rej oprowadzi\u0142 m\u0142odzie\u017c nasz emerytowany funkcjonariusz <strong>Pawe\u0142 Gr\u0105bczewski<\/strong>. Warsztaty z pierwszej pomocy poprowadzi\u0142 <strong>Marcin &#8211; ratownik medyczny<\/strong>, kt\u00f3ry om\u00f3wi\u0142 z m\u0142odzie\u017c\u0105 najwa\u017cniejsze zagadnienia. Odpowiedzia\u0142 na pytania:<!--more--><\/span><\/p>\n<ul style=\"text-align: justify;\">\n<li><span style=\"font-size: 16px; font-family: georgia, palatino, serif;\">od kt\u00f3rej strony podchodzimy do osoby poszkodowanej &#8211; od strony g\u0142owy czy n\u00f3g?<\/span><\/li>\n<li><span style=\"font-size: 16px; font-family: georgia, palatino, serif;\">kiedy nale\u017cy wezwa\u0107 zesp\u00f3\u0142 ratownictwa medycznego i jaki jest numer alarmowy<\/span><\/li>\n<li><span style=\"font-size: 16px; font-family: georgia, palatino, serif;\">co to s\u0105 \u015brodki ochrony osobistej i dlaczego warto je mie\u0107 przy sobie;<\/span><\/li>\n<li><span style=\"font-size: 16px; font-family: georgia, palatino, serif;\">ile powinno by\u0107 ucisk\u00f3w klatki piersiowej i czy koniecznie nale\u017cy wykonywa\u0107 oddechy ratunkowe;<\/span><\/li>\n<li><span style=\"font-size: 16px; font-family: georgia, palatino, serif;\">co to jest AED, gdzie si\u0119 znajduje i dlaczego jego u\u017cycie jest tak wa\u017cne.<\/span><\/li>\n<\/ul>\n<p style=\"text-align: justify;\"><span style=\"font-size: 16px; font-family: georgia, palatino, serif;\">M\u0142odzie\u017c by\u0142a bardzo zaanga\u017cowana, ch\u0119tnie odpowiada\u0142a na pytania i wykonywa\u0142a wszystkie czynno\u015bci.<\/span><\/p>\n\n\t\t<style type=\"text\/css\">\n\t\t\t#gallery-1 {\n\t\t\t\tmargin: auto;\n\t\t\t}\n\t\t\t#gallery-1 .gallery-item {\n\t\t\t\tfloat: left;\n\t\t\t\tmargin-top: 10px;\n\t\t\t\ttext-align: center;\n\t\t\t\twidth: 33%;\n\t\t\t}\n\t\t\t#gallery-1 img {\n\t\t\t\tborder: 2px solid #cfcfcf;\n\t\t\t}\n\t\t\t#gallery-1 .gallery-caption {\n\t\t\t\tmargin-left: 0;\n\t\t\t}\n\t\t\t\/* see gallery_shortcode() in wp-includes\/media.php *\/\n\t\t<\/style>\n\t\t<div id='gallery-1' class='gallery galleryid-33324 gallery-columns-3 gallery-size-thumbnail'><dl class='gallery-item'>\n\t\t\t<dt class='gallery-icon portrait'>\n\t\t\t\t<a href='https:\/\/smwroclaw.pl\/?attachment_id=33326'><img fetchpriority=\"high\" decoding=\"async\" width=\"360\" height=\"260\" src=\"https:\/\/smwroclaw.pl\/wp-content\/uploads\/2025\/06\/2-1-360x260.jpg\" class=\"attachment-thumbnail size-thumbnail\" alt=\"\" \/><\/a>\n\t\t\t<\/dt><\/dl><dl class='gallery-item'>\n\t\t\t<dt class='gallery-icon landscape'>\n\t\t\t\t<a href='https:\/\/smwroclaw.pl\/?attachment_id=33325'><img decoding=\"async\" width=\"360\" height=\"260\" src=\"https:\/\/smwroclaw.pl\/wp-content\/uploads\/2025\/06\/1-1-360x260.jpg\" class=\"attachment-thumbnail size-thumbnail\" alt=\"\" \/><\/a>\n\t\t\t<\/dt><\/dl><dl class='gallery-item'>\n\t\t\t<dt class='gallery-icon landscape'>\n\t\t\t\t<a href='https:\/\/smwroclaw.pl\/?attachment_id=33327'><img decoding=\"async\" width=\"360\" height=\"260\" src=\"https:\/\/smwroclaw.pl\/wp-content\/uploads\/2025\/06\/3-1-360x260.jpg\" class=\"attachment-thumbnail size-thumbnail\" alt=\"\" \/><\/a>\n\t\t\t<\/dt><\/dl><br style=\"clear: both\" \/><dl class='gallery-item'>\n\t\t\t<dt class='gallery-icon portrait'>\n\t\t\t\t<a href='https:\/\/smwroclaw.pl\/?attachment_id=33328'><img loading=\"lazy\" decoding=\"async\" width=\"360\" height=\"260\" src=\"https:\/\/smwroclaw.pl\/wp-content\/uploads\/2025\/06\/4-1-360x260.jpg\" class=\"attachment-thumbnail size-thumbnail\" alt=\"\" \/><\/a>\n\t\t\t<\/dt><\/dl><dl class='gallery-item'>\n\t\t\t<dt class='gallery-icon landscape'>\n\t\t\t\t<a href='https:\/\/smwroclaw.pl\/?attachment_id=33329'><img loading=\"lazy\" decoding=\"async\" width=\"360\" height=\"260\" src=\"https:\/\/smwroclaw.pl\/wp-content\/uploads\/2025\/06\/5-1-360x260.jpg\" class=\"attachment-thumbnail size-thumbnail\" alt=\"\" \/><\/a>\n\t\t\t<\/dt><\/dl><dl class='gallery-item'>\n\t\t\t<dt class='gallery-icon landscape'>\n\t\t\t\t<a href='https:\/\/smwroclaw.pl\/?attachment_id=33330'><img loading=\"lazy\" decoding=\"async\" width=\"360\" height=\"260\" src=\"https:\/\/smwroclaw.pl\/wp-content\/uploads\/2025\/06\/6-360x260.jpg\" class=\"attachment-thumbnail size-thumbnail\" alt=\"\" \/><\/a>\n\t\t\t<\/dt><\/dl><br style=\"clear: both\" \/>\n\t\t<\/div>\n\n<p style=\"text-align: justify;\">BD<\/p>\n","protected":false},"excerpt":{"rendered":"<p>33. Fina\u0142 Wielkiej Orkiestry \u015awi\u0105tecznej Pomocy, a my nadal tkwimy w gor\u0105cej atmosferze. Jednym z przedmiot\u00f3w wystawionych na naszych charytatywnych aukcjach by\u0142 voucher na zaj\u0119cia z pierwszej pomocy. Zaci\u0119t\u0105 licytacj\u0119 wygra\u0142a mama jednej z uczennic klasy VII c ze Szko\u0142y Podstawowej nr 64 przy ulicy Wojszyckiej. 30 maja w siedzibie Stra\u017cy Miejskiej Wroc\u0142awia przy ulicy [&hellip;]<\/p>\n","protected":false},"author":7,"featured_media":33331,"comment_status":"closed","ping_status":"closed","sticky":false,"template":"","format":"standard","meta":{"footnotes":""},"categories":[16],"tags":[],"class_list":["post-33324","post","type-post","status-publish","format-standard","has-post-thumbnail","hentry","category-aktual"],"_links":{"self":[{"href":"https:\/\/smwroclaw.pl\/index.php?rest_route=\/wp\/v2\/posts\/33324","targetHints":{"allow":["GET"]}}],"collection":[{"href":"https:\/\/smwroclaw.pl\/index.php?rest_route=\/wp\/v2\/posts"}],"about":[{"href":"https:\/\/smwroclaw.pl\/index.php?rest_route=\/wp\/v2\/types\/post"}],"author":[{"embeddable":true,"href":"https:\/\/smwroclaw.pl\/index.php?rest_route=\/wp\/v2\/users\/7"}],"replies":[{"embeddable":true,"href":"https:\/\/smwroclaw.pl\/index.php?rest_route=%2Fwp%2Fv2%2Fcomments&post=33324"}],"version-history":[{"count":5,"href":"https:\/\/smwroclaw.pl\/index.php?rest_route=\/wp\/v2\/posts\/33324\/revisions"}],"predecessor-version":[{"id":33337,"href":"https:\/\/smwroclaw.pl\/index.php?rest_route=\/wp\/v2\/posts\/33324\/revisions\/33337"}],"wp:featuredmedia":[{"embeddable":true,"href":"https:\/\/smwroclaw.pl\/index.php?rest_route=\/wp\/v2\/media\/33331"}],"wp:attachment":[{"href":"https:\/\/smwroclaw.pl\/index.php?rest_route=%2Fwp%2Fv2%2Fmedia&parent=33324"}],"wp:term":[{"taxonomy":"category","embeddable":true,"href":"https:\/\/smwroclaw.pl\/index.php?rest_route=%2Fwp%2Fv2%2Fcategories&post=33324"},{"taxonomy":"post_tag","embeddable":true,"href":"https:\/\/smwroclaw.pl\/index.php?rest_route=%2Fwp%2Fv2%2Ftags&post=33324"}],"curies":[{"name":"wp","href":"https:\/\/api.w.org\/{rel}","templated":true}]}}