{"id":33593,"date":"2025-07-11T08:33:43","date_gmt":"2025-07-11T06:33:43","guid":{"rendered":"https:\/\/smwroclaw.pl\/?p=33593"},"modified":"2025-07-11T10:35:56","modified_gmt":"2025-07-11T08:35:56","slug":"uwaga-mieszkancy-zmiany-w-organizacji-ruchu","status":"publish","type":"post","link":"https:\/\/smwroclaw.pl\/?p=33593","title":{"rendered":"UWAGA MIESZKA\u0143CY &#8211; zmiany w organizacji ruchu"},"content":{"rendered":"<p><span style=\"font-family: georgia, palatino, serif; font-size: 16px;\">Wroc\u0142aw szykuje si\u0119 na wa\u017cne prace remontowe w rejonie mostu Grunwaldzkiego! Od jutra czyli 12 lipca, rozpoczn\u0105 si\u0119 prace przy naprawie magistrali wodoci\u0105gowej w rejonie Mostu Grunwaldzkiego. Roboty, prowadzone przez MPWiK, potrwaj\u0105 co najmniej miesi\u0105c. W zwi\u0105zku z prowadzonymi pracami wprowadzone zostan\u0105 zmiany w organizacji ruchu:<\/span><br \/>\n<span style=\"font-family: georgia, palatino, serif; font-size: 16px;\">&#8211; Most Grunwaldzki pozostaje przejezdny, jednak ruch samochodowy zostanie ograniczony do jednego pasa w ka\u017cd\u0105 stron\u0119.<\/span><br \/>\n<span style=\"font-family: georgia, palatino, serif; font-size: 16px;\">&#8211; Tramwaje pojad\u0105 trasami objazdowymi \u2013 szczeg\u00f3\u0142owe informacje <a href=\"https:\/\/www.wroclaw.pl\/komunikacja\/12-lipca-2025-roku-zmiany-w-komunikacji-okolice-mostu-grunwaldzkiego-oraz-olawska-i-podwale\">https:\/\/www.wroclaw.pl\/komunikacja\/12-lipca-2025-roku-zmiany-w-komunikacji-okolice-mostu-grunwaldzkiego-oraz-olawska-i-podwale<\/a>.<\/span><br \/>\n<span style=\"font-family: georgia, palatino, serif; font-size: 16px;\">Apelujemy o zachowanie ostro\u017cno\u015bci oraz uwzgl\u0119dnienie zmian w planowaniu codziennych tras.<\/span><!--more--><\/p>\n\n\t\t<style type=\"text\/css\">\n\t\t\t#gallery-1 {\n\t\t\t\tmargin: auto;\n\t\t\t}\n\t\t\t#gallery-1 .gallery-item {\n\t\t\t\tfloat: left;\n\t\t\t\tmargin-top: 10px;\n\t\t\t\ttext-align: center;\n\t\t\t\twidth: 33%;\n\t\t\t}\n\t\t\t#gallery-1 img {\n\t\t\t\tborder: 2px solid #cfcfcf;\n\t\t\t}\n\t\t\t#gallery-1 .gallery-caption {\n\t\t\t\tmargin-left: 0;\n\t\t\t}\n\t\t\t\/* see gallery_shortcode() in wp-includes\/media.php *\/\n\t\t<\/style>\n\t\t<div id='gallery-1' class='gallery galleryid-33593 gallery-columns-3 gallery-size-thumbnail'><dl class='gallery-item'>\n\t\t\t<dt class='gallery-icon portrait'>\n\t\t\t\t<a href='https:\/\/smwroclaw.pl\/?attachment_id=33597'><img fetchpriority=\"high\" decoding=\"async\" width=\"360\" height=\"260\" src=\"https:\/\/smwroclaw.pl\/wp-content\/uploads\/2025\/07\/3-2-360x260.jpg\" class=\"attachment-thumbnail size-thumbnail\" alt=\"\" \/><\/a>\n\t\t\t<\/dt><\/dl><dl class='gallery-item'>\n\t\t\t<dt class='gallery-icon portrait'>\n\t\t\t\t<a href='https:\/\/smwroclaw.pl\/?attachment_id=33596'><img decoding=\"async\" width=\"360\" height=\"260\" src=\"https:\/\/smwroclaw.pl\/wp-content\/uploads\/2025\/07\/2-2-360x260.jpg\" class=\"attachment-thumbnail size-thumbnail\" alt=\"\" \/><\/a>\n\t\t\t<\/dt><\/dl>\n\t\t\t<br style='clear: both' \/>\n\t\t<\/div>\n\n<p>BD<\/p>\n","protected":false},"excerpt":{"rendered":"<p>Wroc\u0142aw szykuje si\u0119 na wa\u017cne prace remontowe w rejonie mostu Grunwaldzkiego! Od jutra czyli 12 lipca, rozpoczn\u0105 si\u0119 prace przy naprawie magistrali wodoci\u0105gowej w rejonie Mostu Grunwaldzkiego. Roboty, prowadzone przez MPWiK, potrwaj\u0105 co najmniej miesi\u0105c. W zwi\u0105zku z prowadzonymi pracami wprowadzone zostan\u0105 zmiany w organizacji ruchu: &#8211; Most Grunwaldzki pozostaje przejezdny, jednak ruch samochodowy zostanie [&hellip;]<\/p>\n","protected":false},"author":7,"featured_media":33594,"comment_status":"closed","ping_status":"closed","sticky":false,"template":"","format":"standard","meta":{"footnotes":""},"categories":[16],"tags":[],"class_list":["post-33593","post","type-post","status-publish","format-standard","has-post-thumbnail","hentry","category-aktual"],"_links":{"self":[{"href":"https:\/\/smwroclaw.pl\/index.php?rest_route=\/wp\/v2\/posts\/33593","targetHints":{"allow":["GET"]}}],"collection":[{"href":"https:\/\/smwroclaw.pl\/index.php?rest_route=\/wp\/v2\/posts"}],"about":[{"href":"https:\/\/smwroclaw.pl\/index.php?rest_route=\/wp\/v2\/types\/post"}],"author":[{"embeddable":true,"href":"https:\/\/smwroclaw.pl\/index.php?rest_route=\/wp\/v2\/users\/7"}],"replies":[{"embeddable":true,"href":"https:\/\/smwroclaw.pl\/index.php?rest_route=%2Fwp%2Fv2%2Fcomments&post=33593"}],"version-history":[{"count":3,"href":"https:\/\/smwroclaw.pl\/index.php?rest_route=\/wp\/v2\/posts\/33593\/revisions"}],"predecessor-version":[{"id":33599,"href":"https:\/\/smwroclaw.pl\/index.php?rest_route=\/wp\/v2\/posts\/33593\/revisions\/33599"}],"wp:featuredmedia":[{"embeddable":true,"href":"https:\/\/smwroclaw.pl\/index.php?rest_route=\/wp\/v2\/media\/33594"}],"wp:attachment":[{"href":"https:\/\/smwroclaw.pl\/index.php?rest_route=%2Fwp%2Fv2%2Fmedia&parent=33593"}],"wp:term":[{"taxonomy":"category","embeddable":true,"href":"https:\/\/smwroclaw.pl\/index.php?rest_route=%2Fwp%2Fv2%2Fcategories&post=33593"},{"taxonomy":"post_tag","embeddable":true,"href":"https:\/\/smwroclaw.pl\/index.php?rest_route=%2Fwp%2Fv2%2Ftags&post=33593"}],"curies":[{"name":"wp","href":"https:\/\/api.w.org\/{rel}","templated":true}]}}