{"id":33625,"date":"2025-07-16T10:24:44","date_gmt":"2025-07-16T08:24:44","guid":{"rendered":"https:\/\/smwroclaw.pl\/?p=33625"},"modified":"2025-07-16T10:25:25","modified_gmt":"2025-07-16T08:25:25","slug":"patrol-interwencyjny-w-dzialaniu-pomoc-swiadkowi-zdarzenia","status":"publish","type":"post","link":"https:\/\/smwroclaw.pl\/?p=33625","title":{"rendered":"PATROL INTERWENCYJNY W DZIA\u0141ANIU &#8211; pomoc \u015bwiadkowi zdarzenia"},"content":{"rendered":"<p style=\"text-align: justify;\"><span style=\"font-family: georgia, palatino, serif; font-size: 16px;\">Ostatnio cz\u0119sto s\u0142ycha\u0107 o atakach na ratownik\u00f3w przyje\u017cd\u017caj\u0105cych po to, aby udzieli\u0107 pomocy, dlatego kiedy nasi stra\u017cnicy zauwa\u017cyli karetk\u0119 Pogotowia Ratunkowego przy ulicy Szewskiej oraz dw\u00f3ch szarpi\u0105cych si\u0119 m\u0119\u017cczyzn tu\u017c obok niej natychmiast ruszyli do akcji. Jak si\u0119 okaza\u0142o jeden z m\u0119\u017cczyzn lat 34 (sprawca) zaatakowa\u0142 \u015bwiadka brutalnego pobicia ceg\u0142\u0105, w wyniku kt\u00f3rego kolejnemu m\u0119\u017cczy\u017anie w\u0142a\u015bnie udzielano pomocy w karetce. Sprawca by\u0142 agresywny i nie reagowa\u0142 na polecenia funkcjonariuszy dlatego konieczne by\u0142o u\u017cycie \u015brodk\u00f3w przymusu bezpo\u015bredniego.<\/span><br \/>\n<span style=\"font-family: georgia, palatino, serif; font-size: 16px;\">Na miejsce wezwano Policj\u0119, kt\u00f3ra przej\u0119\u0142a dalsze czynno\u015bci w sprawie.<\/span><br \/>\n<span style=\"font-family: georgia, palatino, serif; font-size: 16px;\">Dzi\u0119ki zdecydowanemu dzia\u0142aniu stra\u017cnik\u00f3w, sytuacja zosta\u0142a opanowana, a pomoc dla poszkodowanego &#8211; nieprzerwana.<\/span><!--more--><\/p>\n<p>&nbsp;<\/p>\n<p style=\"text-align: justify;\"><span style=\"font-family: georgia, palatino, serif; font-size: 16px;\">Cho\u0107 sprawa nie dotyczy\u0142a bezpo\u015brednio ratownik\u00f3w, to przypominamy: <a href=\"https:\/\/pacjent.gov.pl\/aktualnosc\/kara-za-atak-na-ratownika\">https:\/\/pacjent.gov.pl\/aktualnosc\/kara-za-atak-na-ratownika<\/a><\/span><\/p>\n<p>BD<\/p>\n","protected":false},"excerpt":{"rendered":"<p>Ostatnio cz\u0119sto s\u0142ycha\u0107 o atakach na ratownik\u00f3w przyje\u017cd\u017caj\u0105cych po to, aby udzieli\u0107 pomocy, dlatego kiedy nasi stra\u017cnicy zauwa\u017cyli karetk\u0119 Pogotowia Ratunkowego przy ulicy Szewskiej oraz dw\u00f3ch szarpi\u0105cych si\u0119 m\u0119\u017cczyzn tu\u017c obok niej natychmiast ruszyli do akcji. Jak si\u0119 okaza\u0142o jeden z m\u0119\u017cczyzn lat 34 (sprawca) zaatakowa\u0142 \u015bwiadka brutalnego pobicia ceg\u0142\u0105, w wyniku kt\u00f3rego kolejnemu m\u0119\u017cczy\u017anie [&hellip;]<\/p>\n","protected":false},"author":7,"featured_media":33626,"comment_status":"closed","ping_status":"closed","sticky":false,"template":"","format":"standard","meta":{"footnotes":""},"categories":[16],"tags":[],"class_list":["post-33625","post","type-post","status-publish","format-standard","has-post-thumbnail","hentry","category-aktual"],"_links":{"self":[{"href":"https:\/\/smwroclaw.pl\/index.php?rest_route=\/wp\/v2\/posts\/33625","targetHints":{"allow":["GET"]}}],"collection":[{"href":"https:\/\/smwroclaw.pl\/index.php?rest_route=\/wp\/v2\/posts"}],"about":[{"href":"https:\/\/smwroclaw.pl\/index.php?rest_route=\/wp\/v2\/types\/post"}],"author":[{"embeddable":true,"href":"https:\/\/smwroclaw.pl\/index.php?rest_route=\/wp\/v2\/users\/7"}],"replies":[{"embeddable":true,"href":"https:\/\/smwroclaw.pl\/index.php?rest_route=%2Fwp%2Fv2%2Fcomments&post=33625"}],"version-history":[{"count":2,"href":"https:\/\/smwroclaw.pl\/index.php?rest_route=\/wp\/v2\/posts\/33625\/revisions"}],"predecessor-version":[{"id":33628,"href":"https:\/\/smwroclaw.pl\/index.php?rest_route=\/wp\/v2\/posts\/33625\/revisions\/33628"}],"wp:featuredmedia":[{"embeddable":true,"href":"https:\/\/smwroclaw.pl\/index.php?rest_route=\/wp\/v2\/media\/33626"}],"wp:attachment":[{"href":"https:\/\/smwroclaw.pl\/index.php?rest_route=%2Fwp%2Fv2%2Fmedia&parent=33625"}],"wp:term":[{"taxonomy":"category","embeddable":true,"href":"https:\/\/smwroclaw.pl\/index.php?rest_route=%2Fwp%2Fv2%2Fcategories&post=33625"},{"taxonomy":"post_tag","embeddable":true,"href":"https:\/\/smwroclaw.pl\/index.php?rest_route=%2Fwp%2Fv2%2Ftags&post=33625"}],"curies":[{"name":"wp","href":"https:\/\/api.w.org\/{rel}","templated":true}]}}