{"id":33770,"date":"2025-07-28T14:54:58","date_gmt":"2025-07-28T12:54:58","guid":{"rendered":"https:\/\/smwroclaw.pl\/?p=33770"},"modified":"2025-07-28T14:54:58","modified_gmt":"2025-07-28T12:54:58","slug":"straznicy-osiedla-w-dzialaniu-niebezpieczny-konar","status":"publish","type":"post","link":"https:\/\/smwroclaw.pl\/?p=33770","title":{"rendered":"STRA\u017bNICY OSIEDLA W DZIA\u0141ANIU &#8211; niebezpieczny konar"},"content":{"rendered":"<p style=\"text-align: justify;\"><span style=\"font-family: georgia, palatino, serif; font-size: 16px;\">W niedziel\u0119 oko\u0142o godziny 12:10, stra\u017cnicy przeje\u017cd\u017caj\u0105c ulic\u0105 Powsta\u0144c\u00f3w \u015al\u0105skich, zauwa\u017cyli niebezpieczn\u0105 sytuacj\u0119. Na przystanku MPK, cz\u0119\u015bci chodnika oraz drodze dla rower\u00f3w le\u017ca\u0142 od\u0142amany konar drzewa. Masywna ga\u0142\u0105\u017a o d\u0142ugo\u015bci oko\u0142o 15 metr\u00f3w i \u015brednicy 25 centymetr\u00f3w stwarza\u0142a realne zagro\u017cenie dla pieszych, rowerzyst\u00f3w i oczekuj\u0105cych na tramwaj pasa\u017cer\u00f3w. Stra\u017cnicy natychmiast zabezpieczyli miejsce zdarzenia i wezwali Stra\u017c Po\u017carn\u0105. Ju\u017c o godzinie 12:30 na miejsce dotar\u0142 zast\u0119p Stra\u017cy Po\u017carnej, kt\u00f3ry sprawnie usun\u0105\u0142 przeszkod\u0119, przywracaj\u0105c bezpiecze\u0144stwo w tym ruchliwym rejonie miasta.\u00a0<\/span><!--more--><\/p>\n<p style=\"text-align: justify;\"><span style=\"font-family: georgia, palatino, serif; font-size: 16px;\">Pami\u0119taj!<\/span><\/p>\n<p style=\"text-align: justify;\"><span style=\"font-family: georgia, palatino, serif; font-size: 16px;\">je\u017celi zauwa\u017cysz niebezpieczny przedmiot, drzewo lub inne zagro\u017cenie &#8211; dzwo\u0144 112 lub 986.<\/span><\/p>\n<p>BD<\/p>\n","protected":false},"excerpt":{"rendered":"<p>W niedziel\u0119 oko\u0142o godziny 12:10, stra\u017cnicy przeje\u017cd\u017caj\u0105c ulic\u0105 Powsta\u0144c\u00f3w \u015al\u0105skich, zauwa\u017cyli niebezpieczn\u0105 sytuacj\u0119. Na przystanku MPK, cz\u0119\u015bci chodnika oraz drodze dla rower\u00f3w le\u017ca\u0142 od\u0142amany konar drzewa. Masywna ga\u0142\u0105\u017a o d\u0142ugo\u015bci oko\u0142o 15 metr\u00f3w i \u015brednicy 25 centymetr\u00f3w stwarza\u0142a realne zagro\u017cenie dla pieszych, rowerzyst\u00f3w i oczekuj\u0105cych na tramwaj pasa\u017cer\u00f3w. Stra\u017cnicy natychmiast zabezpieczyli miejsce zdarzenia i wezwali [&hellip;]<\/p>\n","protected":false},"author":7,"featured_media":33771,"comment_status":"closed","ping_status":"closed","sticky":false,"template":"","format":"standard","meta":{"footnotes":""},"categories":[16],"tags":[],"class_list":["post-33770","post","type-post","status-publish","format-standard","has-post-thumbnail","hentry","category-aktual"],"_links":{"self":[{"href":"https:\/\/smwroclaw.pl\/index.php?rest_route=\/wp\/v2\/posts\/33770","targetHints":{"allow":["GET"]}}],"collection":[{"href":"https:\/\/smwroclaw.pl\/index.php?rest_route=\/wp\/v2\/posts"}],"about":[{"href":"https:\/\/smwroclaw.pl\/index.php?rest_route=\/wp\/v2\/types\/post"}],"author":[{"embeddable":true,"href":"https:\/\/smwroclaw.pl\/index.php?rest_route=\/wp\/v2\/users\/7"}],"replies":[{"embeddable":true,"href":"https:\/\/smwroclaw.pl\/index.php?rest_route=%2Fwp%2Fv2%2Fcomments&post=33770"}],"version-history":[{"count":1,"href":"https:\/\/smwroclaw.pl\/index.php?rest_route=\/wp\/v2\/posts\/33770\/revisions"}],"predecessor-version":[{"id":33772,"href":"https:\/\/smwroclaw.pl\/index.php?rest_route=\/wp\/v2\/posts\/33770\/revisions\/33772"}],"wp:featuredmedia":[{"embeddable":true,"href":"https:\/\/smwroclaw.pl\/index.php?rest_route=\/wp\/v2\/media\/33771"}],"wp:attachment":[{"href":"https:\/\/smwroclaw.pl\/index.php?rest_route=%2Fwp%2Fv2%2Fmedia&parent=33770"}],"wp:term":[{"taxonomy":"category","embeddable":true,"href":"https:\/\/smwroclaw.pl\/index.php?rest_route=%2Fwp%2Fv2%2Fcategories&post=33770"},{"taxonomy":"post_tag","embeddable":true,"href":"https:\/\/smwroclaw.pl\/index.php?rest_route=%2Fwp%2Fv2%2Ftags&post=33770"}],"curies":[{"name":"wp","href":"https:\/\/api.w.org\/{rel}","templated":true}]}}