{"id":33801,"date":"2025-08-04T11:05:31","date_gmt":"2025-08-04T09:05:31","guid":{"rendered":"https:\/\/smwroclaw.pl\/?p=33801"},"modified":"2025-08-04T11:06:50","modified_gmt":"2025-08-04T09:06:50","slug":"tour-de-pologne-2025-ponownie-rusza-z-wroclawia-straznicy-czuwaja-nad-bezpieczenstwem","status":"publish","type":"post","link":"https:\/\/smwroclaw.pl\/?p=33801","title":{"rendered":"TOUR DE POLOGNE 2025 PONOWNIE RUSZA Z WROC\u0141AWIA &#8211; stra\u017cnicy czuwaj\u0105 nad bezpiecze\u0144stwem"},"content":{"rendered":"<p style=\"text-align: justify;\"><span style=\"font-family: georgia, palatino, serif; font-size: 16px;\">Ju\u017c dzi\u015b oczy ca\u0142ego kolarskiego \u015bwiata zwr\u00f3c\u0105 si\u0119 na Wroc\u0142aw, gdzie podobnie jak w ubieg\u0142ym roku rozpocznie si\u0119 najpopularniejszy wy\u015bcig kolarski w Polsce, czyli Tour de Pologne. Start honorowy zaplanowano przy Hali Stulecia na godzin\u0119 11:35, a wi\u0119c za nieca\u0142\u0105 godzin\u0119. Natomiast start ostry na godzin\u0119 12:05. To wyj\u0105tkowe wydarzenie sportowe, b\u0119d\u0105ce cz\u0119\u015bci\u0105 presti\u017cowego cyklu UCI World Tour, po raz kolejny przyci\u0105ga zar\u00f3wno najlepszych kolarzy \u015bwiata, jak i rzesze kibic\u00f3w. Trasa wy\u015bcigu poprowadzi zawodnik\u00f3w przez najbardziej malownicze zak\u0105tki Dolnego \u015al\u0105ska, daj\u0105c nie tylko okazj\u0119 do rywalizacji na najwy\u017cszym poziomie, ale i do podziwiania urok\u00f3w regionu. Zmagania zako\u0144cz\u0105 si\u0119 tydzie\u0144 p\u00f3\u017aniej, 10 sierpnia, w Wieliczce.<\/span><!--more--><\/p>\n<p style=\"text-align: justify;\">\n<span style=\"font-family: georgia, palatino, serif; font-size: 16px;\">Nad bezpiecze\u0144stwem uczestnik\u00f3w i kibic\u00f3w czuwaj\u0105 patrole Stra\u017cy Miejskiej Wroc\u0142awia, kt\u00f3re wspieraj\u0105 organizator\u00f3w w zapewnieniu porz\u0105dku oraz p\u0142ynno\u015bci ruchu w rejonie trasy przejazdu.\u00a0<\/span><\/p>\n<p style=\"text-align: justify;\"><span style=\"font-family: georgia, palatino, serif; font-size: 16px;\">Tour de Pologne to nie tylko sport \u2013 to tak\u017ce \u015bwi\u0119to dla mieszka\u0144c\u00f3w i go\u015bci miasta. Zapraszamy do kibicowania i wsp\u00f3lnego prze\u017cywania kolarskich emocji!<\/span><\/p>\n\n\t\t<style type=\"text\/css\">\n\t\t\t#gallery-1 {\n\t\t\t\tmargin: auto;\n\t\t\t}\n\t\t\t#gallery-1 .gallery-item {\n\t\t\t\tfloat: left;\n\t\t\t\tmargin-top: 10px;\n\t\t\t\ttext-align: center;\n\t\t\t\twidth: 33%;\n\t\t\t}\n\t\t\t#gallery-1 img {\n\t\t\t\tborder: 2px solid #cfcfcf;\n\t\t\t}\n\t\t\t#gallery-1 .gallery-caption {\n\t\t\t\tmargin-left: 0;\n\t\t\t}\n\t\t\t\/* see gallery_shortcode() in wp-includes\/media.php *\/\n\t\t<\/style>\n\t\t<div id='gallery-1' class='gallery galleryid-33801 gallery-columns-3 gallery-size-thumbnail'><dl class='gallery-item'>\n\t\t\t<dt class='gallery-icon landscape'>\n\t\t\t\t<a href='https:\/\/smwroclaw.pl\/?attachment_id=33802'><img fetchpriority=\"high\" decoding=\"async\" width=\"360\" height=\"260\" src=\"https:\/\/smwroclaw.pl\/wp-content\/uploads\/2025\/08\/1-360x260.jpg\" class=\"attachment-thumbnail size-thumbnail\" alt=\"\" \/><\/a>\n\t\t\t<\/dt><\/dl><dl class='gallery-item'>\n\t\t\t<dt class='gallery-icon landscape'>\n\t\t\t\t<a href='https:\/\/smwroclaw.pl\/?attachment_id=33806'><img decoding=\"async\" width=\"360\" height=\"260\" src=\"https:\/\/smwroclaw.pl\/wp-content\/uploads\/2025\/08\/7-360x260.jpg\" class=\"attachment-thumbnail size-thumbnail\" alt=\"\" \/><\/a>\n\t\t\t<\/dt><\/dl><dl class='gallery-item'>\n\t\t\t<dt class='gallery-icon landscape'>\n\t\t\t\t<a href='https:\/\/smwroclaw.pl\/?attachment_id=33803'><img decoding=\"async\" width=\"360\" height=\"260\" src=\"https:\/\/smwroclaw.pl\/wp-content\/uploads\/2025\/08\/2-360x260.jpg\" class=\"attachment-thumbnail size-thumbnail\" alt=\"\" \/><\/a>\n\t\t\t<\/dt><\/dl><br style=\"clear: both\" \/><dl class='gallery-item'>\n\t\t\t<dt class='gallery-icon landscape'>\n\t\t\t\t<a href='https:\/\/smwroclaw.pl\/?attachment_id=33805'><img loading=\"lazy\" decoding=\"async\" width=\"360\" height=\"260\" src=\"https:\/\/smwroclaw.pl\/wp-content\/uploads\/2025\/08\/6-360x260.jpg\" class=\"attachment-thumbnail size-thumbnail\" alt=\"\" \/><\/a>\n\t\t\t<\/dt><\/dl><dl class='gallery-item'>\n\t\t\t<dt class='gallery-icon landscape'>\n\t\t\t\t<a href='https:\/\/smwroclaw.pl\/?attachment_id=33804'><img loading=\"lazy\" decoding=\"async\" width=\"360\" height=\"260\" src=\"https:\/\/smwroclaw.pl\/wp-content\/uploads\/2025\/08\/5-360x260.jpg\" class=\"attachment-thumbnail size-thumbnail\" alt=\"\" \/><\/a>\n\t\t\t<\/dt><\/dl><dl class='gallery-item'>\n\t\t\t<dt class='gallery-icon landscape'>\n\t\t\t\t<a href='https:\/\/smwroclaw.pl\/?attachment_id=33808'><img loading=\"lazy\" decoding=\"async\" width=\"360\" height=\"260\" src=\"https:\/\/smwroclaw.pl\/wp-content\/uploads\/2025\/08\/4-360x260.jpg\" class=\"attachment-thumbnail size-thumbnail\" alt=\"\" \/><\/a>\n\t\t\t<\/dt><\/dl><br style=\"clear: both\" \/>\n\t\t<\/div>\n\n<p>BD<\/p>\n","protected":false},"excerpt":{"rendered":"<p>Ju\u017c dzi\u015b oczy ca\u0142ego kolarskiego \u015bwiata zwr\u00f3c\u0105 si\u0119 na Wroc\u0142aw, gdzie podobnie jak w ubieg\u0142ym roku rozpocznie si\u0119 najpopularniejszy wy\u015bcig kolarski w Polsce, czyli Tour de Pologne. Start honorowy zaplanowano przy Hali Stulecia na godzin\u0119 11:35, a wi\u0119c za nieca\u0142\u0105 godzin\u0119. Natomiast start ostry na godzin\u0119 12:05. To wyj\u0105tkowe wydarzenie sportowe, b\u0119d\u0105ce cz\u0119\u015bci\u0105 presti\u017cowego cyklu [&hellip;]<\/p>\n","protected":false},"author":7,"featured_media":33807,"comment_status":"closed","ping_status":"closed","sticky":false,"template":"","format":"standard","meta":{"footnotes":""},"categories":[16],"tags":[],"class_list":["post-33801","post","type-post","status-publish","format-standard","has-post-thumbnail","hentry","category-aktual"],"_links":{"self":[{"href":"https:\/\/smwroclaw.pl\/index.php?rest_route=\/wp\/v2\/posts\/33801","targetHints":{"allow":["GET"]}}],"collection":[{"href":"https:\/\/smwroclaw.pl\/index.php?rest_route=\/wp\/v2\/posts"}],"about":[{"href":"https:\/\/smwroclaw.pl\/index.php?rest_route=\/wp\/v2\/types\/post"}],"author":[{"embeddable":true,"href":"https:\/\/smwroclaw.pl\/index.php?rest_route=\/wp\/v2\/users\/7"}],"replies":[{"embeddable":true,"href":"https:\/\/smwroclaw.pl\/index.php?rest_route=%2Fwp%2Fv2%2Fcomments&post=33801"}],"version-history":[{"count":3,"href":"https:\/\/smwroclaw.pl\/index.php?rest_route=\/wp\/v2\/posts\/33801\/revisions"}],"predecessor-version":[{"id":33811,"href":"https:\/\/smwroclaw.pl\/index.php?rest_route=\/wp\/v2\/posts\/33801\/revisions\/33811"}],"wp:featuredmedia":[{"embeddable":true,"href":"https:\/\/smwroclaw.pl\/index.php?rest_route=\/wp\/v2\/media\/33807"}],"wp:attachment":[{"href":"https:\/\/smwroclaw.pl\/index.php?rest_route=%2Fwp%2Fv2%2Fmedia&parent=33801"}],"wp:term":[{"taxonomy":"category","embeddable":true,"href":"https:\/\/smwroclaw.pl\/index.php?rest_route=%2Fwp%2Fv2%2Fcategories&post=33801"},{"taxonomy":"post_tag","embeddable":true,"href":"https:\/\/smwroclaw.pl\/index.php?rest_route=%2Fwp%2Fv2%2Ftags&post=33801"}],"curies":[{"name":"wp","href":"https:\/\/api.w.org\/{rel}","templated":true}]}}