{"id":33862,"date":"2025-08-11T12:10:13","date_gmt":"2025-08-11T10:10:13","guid":{"rendered":"https:\/\/smwroclaw.pl\/?p=33862"},"modified":"2025-08-11T12:10:43","modified_gmt":"2025-08-11T10:10:43","slug":"zagubiona-kobieta-odnaleziona-dzieki-straznikom","status":"publish","type":"post","link":"https:\/\/smwroclaw.pl\/?p=33862","title":{"rendered":"ZAGUBIONA KOBIETA ODNALEZIONA DZI\u0118KI STRA\u017bNIKOM"},"content":{"rendered":"<p style=\"text-align: justify;\"><span style=\"font-family: georgia, palatino, serif; font-size: 16px;\">W niedzielny poranek o godzinie 8:40, do Centrum Kierowania Stra\u017cy Miejskiej Wroc\u0142awia wp\u0142yn\u0119\u0142o niepokoj\u0105ce zg\u0142oszenie. Na ulicy Uraskiej zauwa\u017cono starsz\u0105 kobiet\u0119 ubran\u0105 w koszul\u0119 nocn\u0105, kt\u00f3ra wygl\u0105da\u0142a na zagubion\u0105. Na miejsce natychmiast skierowano stra\u017cnik\u00f3w. Po przybyciu funkcjonariusze nie zastali ju\u017c kobiety, kt\u00f3ra jak poinformowa\u0142a osoba zg\u0142aszaj\u0105ca, wsiad\u0142a ona do autobusu i odjecha\u0142a w kierunku centrum miasta. Stra\u017cnicy rozpocz\u0119li poszukiwania i ju\u017c na kolejnym przystanku zauwa\u017cyli opisywan\u0105 osob\u0119. Po ustaleniu imienia i nazwiska, a tak\u017ce potwierdzeniu to\u017csamo\u015bci w Komisariacie Policji Stare Miasto by\u0142o ju\u017c wiadomo gdzie seniorka mieszka. Kobieta zosta\u0142a bezpiecznie przewieziona do domu.<\/span><br \/>\n<span style=\"font-family: georgia, palatino, serif; font-size: 16px;\">Dzi\u0119kujemy osobie, kt\u00f3ra zareagowa\u0142a i powiadomi\u0142a s\u0142u\u017cby &#8211; to przyk\u0142ad, \u017ce czujno\u015b\u0107 mo\u017ce uratowa\u0107 czyje\u015b zdrowie, a nawet \u017cycie.<\/span><br \/>\n<strong><span style=\"font-family: georgia, palatino, serif; font-size: 16px;\">Widzisz &#8211; Reaguj &#8211; \u017bycie jest tylko jedno!<\/span><\/strong><!--more--><\/p>\n<p>BD<\/p>\n","protected":false},"excerpt":{"rendered":"<p>W niedzielny poranek o godzinie 8:40, do Centrum Kierowania Stra\u017cy Miejskiej Wroc\u0142awia wp\u0142yn\u0119\u0142o niepokoj\u0105ce zg\u0142oszenie. Na ulicy Uraskiej zauwa\u017cono starsz\u0105 kobiet\u0119 ubran\u0105 w koszul\u0119 nocn\u0105, kt\u00f3ra wygl\u0105da\u0142a na zagubion\u0105. Na miejsce natychmiast skierowano stra\u017cnik\u00f3w. Po przybyciu funkcjonariusze nie zastali ju\u017c kobiety, kt\u00f3ra jak poinformowa\u0142a osoba zg\u0142aszaj\u0105ca, wsiad\u0142a ona do autobusu i odjecha\u0142a w kierunku centrum [&hellip;]<\/p>\n","protected":false},"author":7,"featured_media":33863,"comment_status":"closed","ping_status":"closed","sticky":false,"template":"","format":"standard","meta":{"footnotes":""},"categories":[16],"tags":[],"class_list":["post-33862","post","type-post","status-publish","format-standard","has-post-thumbnail","hentry","category-aktual"],"_links":{"self":[{"href":"https:\/\/smwroclaw.pl\/index.php?rest_route=\/wp\/v2\/posts\/33862","targetHints":{"allow":["GET"]}}],"collection":[{"href":"https:\/\/smwroclaw.pl\/index.php?rest_route=\/wp\/v2\/posts"}],"about":[{"href":"https:\/\/smwroclaw.pl\/index.php?rest_route=\/wp\/v2\/types\/post"}],"author":[{"embeddable":true,"href":"https:\/\/smwroclaw.pl\/index.php?rest_route=\/wp\/v2\/users\/7"}],"replies":[{"embeddable":true,"href":"https:\/\/smwroclaw.pl\/index.php?rest_route=%2Fwp%2Fv2%2Fcomments&post=33862"}],"version-history":[{"count":2,"href":"https:\/\/smwroclaw.pl\/index.php?rest_route=\/wp\/v2\/posts\/33862\/revisions"}],"predecessor-version":[{"id":33865,"href":"https:\/\/smwroclaw.pl\/index.php?rest_route=\/wp\/v2\/posts\/33862\/revisions\/33865"}],"wp:featuredmedia":[{"embeddable":true,"href":"https:\/\/smwroclaw.pl\/index.php?rest_route=\/wp\/v2\/media\/33863"}],"wp:attachment":[{"href":"https:\/\/smwroclaw.pl\/index.php?rest_route=%2Fwp%2Fv2%2Fmedia&parent=33862"}],"wp:term":[{"taxonomy":"category","embeddable":true,"href":"https:\/\/smwroclaw.pl\/index.php?rest_route=%2Fwp%2Fv2%2Fcategories&post=33862"},{"taxonomy":"post_tag","embeddable":true,"href":"https:\/\/smwroclaw.pl\/index.php?rest_route=%2Fwp%2Fv2%2Ftags&post=33862"}],"curies":[{"name":"wp","href":"https:\/\/api.w.org\/{rel}","templated":true}]}}