{"id":34153,"date":"2025-09-22T13:15:14","date_gmt":"2025-09-22T11:15:14","guid":{"rendered":"https:\/\/smwroclaw.pl\/?p=34153"},"modified":"2025-09-22T13:15:14","modified_gmt":"2025-09-22T11:15:14","slug":"xxxviii-dolnoslaski-festiwal-nauki-gala-finalowa","status":"publish","type":"post","link":"https:\/\/smwroclaw.pl\/?p=34153","title":{"rendered":"XXXVIII DOLNO\u015aL\u0104SKI FESTIWAL NAUKI &#8211; Gala Fina\u0142owa"},"content":{"rendered":"<p style=\"text-align: justify;\"><span style=\"font-family: georgia, palatino, serif; font-size: 16px;\">XXVIII Dolno\u015bl\u0105ski Festiwal Nauki zako\u0144czy\u0142 si\u0119 wyj\u0105tkow\u0105 Gal\u0105 Fina\u0142ow\u0105 na Politechnice Wroc\u0142awskiej. W pi\u0105tek go\u015bciem specjalnym wydarzenia by\u0142 S\u0142awosz Uzna\u0144ski &#8211; Wi\u015bniewski polski in\u017cynier, astronauta Europejskiej Agencji Kosmicznej, drugi Polak w kosmosie i pierwszy, kt\u00f3ry przebywa\u0142 na pok\u0142adzie Mi\u0119dzynarodowej Stacji Kosmicznej. Serdecznie dzi\u0119kujemy za zaproszenie oraz mo\u017cliwo\u015b\u0107 uczestniczenia w tak wa\u017cnym i inspiruj\u0105cym wydarzeniu. To zaszczyt by\u0107 cz\u0119\u015bci\u0105 inicjatywy, kt\u00f3ra popularyzuje nauk\u0119 i rozwija pasj\u0119 do poznawania \u015bwiata.<\/span><!--more--><\/p>\n\n\t\t<style type=\"text\/css\">\n\t\t\t#gallery-1 {\n\t\t\t\tmargin: auto;\n\t\t\t}\n\t\t\t#gallery-1 .gallery-item {\n\t\t\t\tfloat: left;\n\t\t\t\tmargin-top: 10px;\n\t\t\t\ttext-align: center;\n\t\t\t\twidth: 33%;\n\t\t\t}\n\t\t\t#gallery-1 img {\n\t\t\t\tborder: 2px solid #cfcfcf;\n\t\t\t}\n\t\t\t#gallery-1 .gallery-caption {\n\t\t\t\tmargin-left: 0;\n\t\t\t}\n\t\t\t\/* see gallery_shortcode() in wp-includes\/media.php *\/\n\t\t<\/style>\n\t\t<div id='gallery-1' class='gallery galleryid-34153 gallery-columns-3 gallery-size-thumbnail'><dl class='gallery-item'>\n\t\t\t<dt class='gallery-icon portrait'>\n\t\t\t\t<a href='https:\/\/smwroclaw.pl\/?attachment_id=34156'><img fetchpriority=\"high\" decoding=\"async\" width=\"360\" height=\"260\" src=\"https:\/\/smwroclaw.pl\/wp-content\/uploads\/2025\/09\/4-6-360x260.jpg\" class=\"attachment-thumbnail size-thumbnail\" alt=\"\" \/><\/a>\n\t\t\t<\/dt><\/dl><dl class='gallery-item'>\n\t\t\t<dt class='gallery-icon portrait'>\n\t\t\t\t<a href='https:\/\/smwroclaw.pl\/?attachment_id=34154'><img decoding=\"async\" width=\"360\" height=\"260\" src=\"https:\/\/smwroclaw.pl\/wp-content\/uploads\/2025\/09\/2-5-360x260.jpg\" class=\"attachment-thumbnail size-thumbnail\" alt=\"\" \/><\/a>\n\t\t\t<\/dt><\/dl><dl class='gallery-item'>\n\t\t\t<dt class='gallery-icon portrait'>\n\t\t\t\t<a href='https:\/\/smwroclaw.pl\/?attachment_id=34155'><img decoding=\"async\" width=\"360\" height=\"260\" src=\"https:\/\/smwroclaw.pl\/wp-content\/uploads\/2025\/09\/3-6-360x260.jpg\" class=\"attachment-thumbnail size-thumbnail\" alt=\"\" \/><\/a>\n\t\t\t<\/dt><\/dl><br style=\"clear: both\" \/>\n\t\t<\/div>\n\n<div style=\"width: 478px;\" class=\"wp-video\"><!--[if lt IE 9]><script>document.createElement('video');<\/script><![endif]-->\n<video class=\"wp-video-shortcode\" id=\"video-34153-1\" width=\"478\" height=\"850\" preload=\"metadata\" controls=\"controls\"><source type=\"video\/mp4\" src=\"https:\/\/smwroclaw.pl\/wp-content\/uploads\/2025\/09\/WhatsApp-Video-2025-09-22-at-13.06.13.mp4?_=1\" \/><a href=\"https:\/\/smwroclaw.pl\/wp-content\/uploads\/2025\/09\/WhatsApp-Video-2025-09-22-at-13.06.13.mp4\">https:\/\/smwroclaw.pl\/wp-content\/uploads\/2025\/09\/WhatsApp-Video-2025-09-22-at-13.06.13.mp4<\/a><\/video><\/div>\n<p>BD<\/p>\n<p>&nbsp;<\/p>\n","protected":false},"excerpt":{"rendered":"<p>XXVIII Dolno\u015bl\u0105ski Festiwal Nauki zako\u0144czy\u0142 si\u0119 wyj\u0105tkow\u0105 Gal\u0105 Fina\u0142ow\u0105 na Politechnice Wroc\u0142awskiej. W pi\u0105tek go\u015bciem specjalnym wydarzenia by\u0142 S\u0142awosz Uzna\u0144ski &#8211; Wi\u015bniewski polski in\u017cynier, astronauta Europejskiej Agencji Kosmicznej, drugi Polak w kosmosie i pierwszy, kt\u00f3ry przebywa\u0142 na pok\u0142adzie Mi\u0119dzynarodowej Stacji Kosmicznej. Serdecznie dzi\u0119kujemy za zaproszenie oraz mo\u017cliwo\u015b\u0107 uczestniczenia w tak wa\u017cnym i inspiruj\u0105cym wydarzeniu. To [&hellip;]<\/p>\n","protected":false},"author":7,"featured_media":34158,"comment_status":"closed","ping_status":"closed","sticky":false,"template":"","format":"standard","meta":{"footnotes":""},"categories":[16],"tags":[],"class_list":["post-34153","post","type-post","status-publish","format-standard","has-post-thumbnail","hentry","category-aktual"],"_links":{"self":[{"href":"https:\/\/smwroclaw.pl\/index.php?rest_route=\/wp\/v2\/posts\/34153","targetHints":{"allow":["GET"]}}],"collection":[{"href":"https:\/\/smwroclaw.pl\/index.php?rest_route=\/wp\/v2\/posts"}],"about":[{"href":"https:\/\/smwroclaw.pl\/index.php?rest_route=\/wp\/v2\/types\/post"}],"author":[{"embeddable":true,"href":"https:\/\/smwroclaw.pl\/index.php?rest_route=\/wp\/v2\/users\/7"}],"replies":[{"embeddable":true,"href":"https:\/\/smwroclaw.pl\/index.php?rest_route=%2Fwp%2Fv2%2Fcomments&post=34153"}],"version-history":[{"count":1,"href":"https:\/\/smwroclaw.pl\/index.php?rest_route=\/wp\/v2\/posts\/34153\/revisions"}],"predecessor-version":[{"id":34159,"href":"https:\/\/smwroclaw.pl\/index.php?rest_route=\/wp\/v2\/posts\/34153\/revisions\/34159"}],"wp:featuredmedia":[{"embeddable":true,"href":"https:\/\/smwroclaw.pl\/index.php?rest_route=\/wp\/v2\/media\/34158"}],"wp:attachment":[{"href":"https:\/\/smwroclaw.pl\/index.php?rest_route=%2Fwp%2Fv2%2Fmedia&parent=34153"}],"wp:term":[{"taxonomy":"category","embeddable":true,"href":"https:\/\/smwroclaw.pl\/index.php?rest_route=%2Fwp%2Fv2%2Fcategories&post=34153"},{"taxonomy":"post_tag","embeddable":true,"href":"https:\/\/smwroclaw.pl\/index.php?rest_route=%2Fwp%2Fv2%2Ftags&post=34153"}],"curies":[{"name":"wp","href":"https:\/\/api.w.org\/{rel}","templated":true}]}}