{"id":34163,"date":"2025-09-22T14:34:23","date_gmt":"2025-09-22T12:34:23","guid":{"rendered":"https:\/\/smwroclaw.pl\/?p=34163"},"modified":"2025-09-22T14:34:23","modified_gmt":"2025-09-22T12:34:23","slug":"zakonczenie-lata-spotkania-z-mieszkancami","status":"publish","type":"post","link":"https:\/\/smwroclaw.pl\/?p=34163","title":{"rendered":"ZAKO\u0143CZENIE LATA &#8211; spotkania z mieszka\u0144cami"},"content":{"rendered":"<p style=\"text-align: justify;\"><span style=\"font-family: georgia, palatino, serif; font-size: 16px;\">Stra\u017cnicy regularnie spotykaj\u0105 si\u0119 z mieszka\u0144cami, prowadz\u0105c zaj\u0119cia edukacyjne i prezentuj\u0105c sprz\u0119t wykorzystywany w codziennej s\u0142u\u017cbie. Podczas spotka\u0144 funkcjonariusze ucz\u0105 pierwszej pomocy, rozmawiaj\u0105 o bezpiecze\u0144stwie, ekologii i zasadach wsp\u00f3\u0142\u017cycia w przestrzeni publicznej. Najm\u0142odsi przyswajaj\u0105 wiedz\u0119 o tym, jak bezpiecznie porusza\u0107 si\u0119 po mie\u015bcie, a seniorzy, jak chroni\u0107 si\u0119 przed oszustami. Du\u017cym zainteresowaniem cieszy si\u0119 tak\u017ce pokaz sprz\u0119tu: radiowozy, quady, rowery, drony, a tak\u017ce najbardziej popularne konie. Dzi\u0119ki temu mieszka\u0144cy mog\u0105 zobaczy\u0107, jak r\u00f3\u017cnorodne \u015brodki wspieraj\u0105 codzienn\u0105 prac\u0119 funkcjonariuszy. Spotkania to r\u00f3wnie\u017c okazja do bezpo\u015bredniej rozmowy, zg\u0142aszania problem\u00f3w i wymiany do\u015bwiadcze\u0144. Takie dzia\u0142ania buduj\u0105 partnerstwo i zaufanie pokazuj\u0105c, \u017ce bezpiecze\u0144stwo naszego miasta to wsp\u00f3lna odpowiedzialno\u015b\u0107. <\/span><!--more--><\/p>\n<p style=\"text-align: justify;\"><span style=\"font-family: georgia, palatino, serif; font-size: 16px;\">W ten weekend mieli\u015bmy przyjemno\u015b\u0107 go\u015bci\u0107 na nast\u0119puj\u0105cych wydarzeniach:<\/span><br \/>\n<span style=\"font-family: georgia, palatino, serif; font-size: 16px;\">&#8211; Europejski Dzie\u0144 S\u0105siada, ul. Sk\u0142adowa,<\/span><br \/>\n<span style=\"font-family: georgia, palatino, serif; font-size: 16px;\">&#8211; Staromiejski Festyn Osiedlowy, pl. Solny,<\/span><br \/>\n<span style=\"font-family: georgia, palatino, serif; font-size: 16px;\">&#8211; Babie Lato, ul. Komandorska,<\/span><br \/>\n<span style=\"font-family: georgia, palatino, serif; font-size: 16px;\">&#8211; Dzie\u0144 S\u0105siada, ul. Pasterska.<\/span><\/p>\n\n\t\t<style type=\"text\/css\">\n\t\t\t#gallery-1 {\n\t\t\t\tmargin: auto;\n\t\t\t}\n\t\t\t#gallery-1 .gallery-item {\n\t\t\t\tfloat: left;\n\t\t\t\tmargin-top: 10px;\n\t\t\t\ttext-align: center;\n\t\t\t\twidth: 33%;\n\t\t\t}\n\t\t\t#gallery-1 img {\n\t\t\t\tborder: 2px solid #cfcfcf;\n\t\t\t}\n\t\t\t#gallery-1 .gallery-caption {\n\t\t\t\tmargin-left: 0;\n\t\t\t}\n\t\t\t\/* see gallery_shortcode() in wp-includes\/media.php *\/\n\t\t<\/style>\n\t\t<div id='gallery-1' class='gallery galleryid-34163 gallery-columns-3 gallery-size-thumbnail'><dl class='gallery-item'>\n\t\t\t<dt class='gallery-icon landscape'>\n\t\t\t\t<a href='https:\/\/smwroclaw.pl\/?attachment_id=34166'><img fetchpriority=\"high\" decoding=\"async\" width=\"360\" height=\"260\" src=\"https:\/\/smwroclaw.pl\/wp-content\/uploads\/2025\/09\/3-7-360x260.jpg\" class=\"attachment-thumbnail size-thumbnail\" alt=\"\" \/><\/a>\n\t\t\t<\/dt><\/dl><dl class='gallery-item'>\n\t\t\t<dt class='gallery-icon landscape'>\n\t\t\t\t<a href='https:\/\/smwroclaw.pl\/?attachment_id=34164'><img decoding=\"async\" width=\"360\" height=\"260\" src=\"https:\/\/smwroclaw.pl\/wp-content\/uploads\/2025\/09\/1-7-360x260.jpg\" class=\"attachment-thumbnail size-thumbnail\" alt=\"\" \/><\/a>\n\t\t\t<\/dt><\/dl><dl class='gallery-item'>\n\t\t\t<dt class='gallery-icon portrait'>\n\t\t\t\t<a href='https:\/\/smwroclaw.pl\/?attachment_id=34165'><img decoding=\"async\" width=\"360\" height=\"260\" src=\"https:\/\/smwroclaw.pl\/wp-content\/uploads\/2025\/09\/2-6-360x260.jpg\" class=\"attachment-thumbnail size-thumbnail\" alt=\"\" \/><\/a>\n\t\t\t<\/dt><\/dl><br style=\"clear: both\" \/><dl class='gallery-item'>\n\t\t\t<dt class='gallery-icon portrait'>\n\t\t\t\t<a href='https:\/\/smwroclaw.pl\/?attachment_id=34168'><img loading=\"lazy\" decoding=\"async\" width=\"360\" height=\"260\" src=\"https:\/\/smwroclaw.pl\/wp-content\/uploads\/2025\/09\/5-6-360x260.jpg\" class=\"attachment-thumbnail size-thumbnail\" alt=\"\" \/><\/a>\n\t\t\t<\/dt><\/dl><dl class='gallery-item'>\n\t\t\t<dt class='gallery-icon landscape'>\n\t\t\t\t<a href='https:\/\/smwroclaw.pl\/?attachment_id=34169'><img loading=\"lazy\" decoding=\"async\" width=\"360\" height=\"260\" src=\"https:\/\/smwroclaw.pl\/wp-content\/uploads\/2025\/09\/6-5-360x260.jpg\" class=\"attachment-thumbnail size-thumbnail\" alt=\"\" \/><\/a>\n\t\t\t<\/dt><\/dl><dl class='gallery-item'>\n\t\t\t<dt class='gallery-icon landscape'>\n\t\t\t\t<a href='https:\/\/smwroclaw.pl\/?attachment_id=34167'><img loading=\"lazy\" decoding=\"async\" width=\"360\" height=\"260\" src=\"https:\/\/smwroclaw.pl\/wp-content\/uploads\/2025\/09\/4-7-360x260.jpg\" class=\"attachment-thumbnail size-thumbnail\" alt=\"\" \/><\/a>\n\t\t\t<\/dt><\/dl><br style=\"clear: both\" \/><dl class='gallery-item'>\n\t\t\t<dt class='gallery-icon portrait'>\n\t\t\t\t<a href='https:\/\/smwroclaw.pl\/?attachment_id=34170'><img loading=\"lazy\" decoding=\"async\" width=\"360\" height=\"260\" src=\"https:\/\/smwroclaw.pl\/wp-content\/uploads\/2025\/09\/7-4-360x260.jpg\" class=\"attachment-thumbnail size-thumbnail\" alt=\"\" \/><\/a>\n\t\t\t<\/dt><\/dl><dl class='gallery-item'>\n\t\t\t<dt class='gallery-icon portrait'>\n\t\t\t\t<a href='https:\/\/smwroclaw.pl\/?attachment_id=34171'><img loading=\"lazy\" decoding=\"async\" width=\"360\" height=\"260\" src=\"https:\/\/smwroclaw.pl\/wp-content\/uploads\/2025\/09\/8-3-360x260.jpg\" class=\"attachment-thumbnail size-thumbnail\" alt=\"\" \/><\/a>\n\t\t\t<\/dt><\/dl>\n\t\t\t<br style='clear: both' \/>\n\t\t<\/div>\n\n<p style=\"text-align: justify;\">\nBD<\/p>\n","protected":false},"excerpt":{"rendered":"<p>Stra\u017cnicy regularnie spotykaj\u0105 si\u0119 z mieszka\u0144cami, prowadz\u0105c zaj\u0119cia edukacyjne i prezentuj\u0105c sprz\u0119t wykorzystywany w codziennej s\u0142u\u017cbie. Podczas spotka\u0144 funkcjonariusze ucz\u0105 pierwszej pomocy, rozmawiaj\u0105 o bezpiecze\u0144stwie, ekologii i zasadach wsp\u00f3\u0142\u017cycia w przestrzeni publicznej. Najm\u0142odsi przyswajaj\u0105 wiedz\u0119 o tym, jak bezpiecznie porusza\u0107 si\u0119 po mie\u015bcie, a seniorzy, jak chroni\u0107 si\u0119 przed oszustami. Du\u017cym zainteresowaniem cieszy si\u0119 tak\u017ce [&hellip;]<\/p>\n","protected":false},"author":7,"featured_media":34172,"comment_status":"closed","ping_status":"closed","sticky":false,"template":"","format":"standard","meta":{"footnotes":""},"categories":[16],"tags":[],"class_list":["post-34163","post","type-post","status-publish","format-standard","has-post-thumbnail","hentry","category-aktual"],"_links":{"self":[{"href":"https:\/\/smwroclaw.pl\/index.php?rest_route=\/wp\/v2\/posts\/34163","targetHints":{"allow":["GET"]}}],"collection":[{"href":"https:\/\/smwroclaw.pl\/index.php?rest_route=\/wp\/v2\/posts"}],"about":[{"href":"https:\/\/smwroclaw.pl\/index.php?rest_route=\/wp\/v2\/types\/post"}],"author":[{"embeddable":true,"href":"https:\/\/smwroclaw.pl\/index.php?rest_route=\/wp\/v2\/users\/7"}],"replies":[{"embeddable":true,"href":"https:\/\/smwroclaw.pl\/index.php?rest_route=%2Fwp%2Fv2%2Fcomments&post=34163"}],"version-history":[{"count":1,"href":"https:\/\/smwroclaw.pl\/index.php?rest_route=\/wp\/v2\/posts\/34163\/revisions"}],"predecessor-version":[{"id":34173,"href":"https:\/\/smwroclaw.pl\/index.php?rest_route=\/wp\/v2\/posts\/34163\/revisions\/34173"}],"wp:featuredmedia":[{"embeddable":true,"href":"https:\/\/smwroclaw.pl\/index.php?rest_route=\/wp\/v2\/media\/34172"}],"wp:attachment":[{"href":"https:\/\/smwroclaw.pl\/index.php?rest_route=%2Fwp%2Fv2%2Fmedia&parent=34163"}],"wp:term":[{"taxonomy":"category","embeddable":true,"href":"https:\/\/smwroclaw.pl\/index.php?rest_route=%2Fwp%2Fv2%2Fcategories&post=34163"},{"taxonomy":"post_tag","embeddable":true,"href":"https:\/\/smwroclaw.pl\/index.php?rest_route=%2Fwp%2Fv2%2Ftags&post=34163"}],"curies":[{"name":"wp","href":"https:\/\/api.w.org\/{rel}","templated":true}]}}