{"id":34221,"date":"2025-10-01T08:33:33","date_gmt":"2025-10-01T06:33:33","guid":{"rendered":"https:\/\/smwroclaw.pl\/?p=34221"},"modified":"2025-10-01T08:33:33","modified_gmt":"2025-10-01T06:33:33","slug":"tak-nie-parkujmy-1063","status":"publish","type":"post","link":"https:\/\/smwroclaw.pl\/?p=34221","title":{"rendered":"TAK NIE PARKUJMY"},"content":{"rendered":"<p style=\"text-align: justify;\"><span style=\"font-family: georgia, palatino, serif; font-size: 16px;\"><strong>30 wrze\u015bnia 2025 r. (wtorek)<\/strong> stra\u017cnicy miejscy w wyniku dzia\u0142a\u0144 prewencyjno kontrolnych, pod k\u0105tem przestrzegania przepis\u00f3w zawartych w\u00a0<strong>ustawie prawo o\u00a0ruchu drogowym<\/strong>:<\/span><br \/>\n<span style=\"font-family: georgia, palatino, serif; font-size: 16px;\">\u2022 na\u0142o\u017cyli\u00a0<strong>45<\/strong>\u00a0mandat\u00f3w na kwot\u0119\u00a0<strong>5700 z\u0142<\/strong>;<\/span><br \/>\n<span style=\"font-family: georgia, palatino, serif; font-size: 16px;\">\u2022 wydali dyspozycje odholowania\u00a0<strong>26<\/strong>\u00a0pojazd\u00f3w;<\/span><br \/>\n<span style=\"font-family: georgia, palatino, serif; font-size: 16px;\">\u2022 na ko\u0142a nieprawid\u0142owo zaparkowanych pojazd\u00f3w za\u0142o\u017cyli <strong>3<\/strong> blokady;<\/span><br \/>\n<span style=\"font-family: georgia, palatino, serif; font-size: 16px;\">\u2022 pouczyli\u00a0<strong>12<\/strong>\u00a0os\u00f3b;<\/span><br \/>\n<span style=\"font-family: georgia, palatino, serif; font-size: 16px;\">\u2022 w sprawie <strong>20<\/strong>\u00a0wykrocze\u0144 wszcz\u0119to czynno\u015bci wyja\u015bniaj\u0105ce. <\/span><\/p>\n","protected":false},"excerpt":{"rendered":"<p>30 wrze\u015bnia 2025 r. (wtorek) stra\u017cnicy miejscy w wyniku dzia\u0142a\u0144 prewencyjno kontrolnych, pod k\u0105tem przestrzegania przepis\u00f3w zawartych w\u00a0ustawie prawo o\u00a0ruchu drogowym: \u2022 na\u0142o\u017cyli\u00a045\u00a0mandat\u00f3w na kwot\u0119\u00a05700 z\u0142; \u2022 wydali dyspozycje odholowania\u00a026\u00a0pojazd\u00f3w; \u2022 na ko\u0142a nieprawid\u0142owo zaparkowanych pojazd\u00f3w za\u0142o\u017cyli 3 blokady; \u2022 pouczyli\u00a012\u00a0os\u00f3b; \u2022 w sprawie 20\u00a0wykrocze\u0144 wszcz\u0119to czynno\u015bci wyja\u015bniaj\u0105ce.<\/p>\n","protected":false},"author":7,"featured_media":34222,"comment_status":"closed","ping_status":"closed","sticky":false,"template":"","format":"standard","meta":{"footnotes":""},"categories":[16],"tags":[],"class_list":["post-34221","post","type-post","status-publish","format-standard","has-post-thumbnail","hentry","category-aktual"],"_links":{"self":[{"href":"https:\/\/smwroclaw.pl\/index.php?rest_route=\/wp\/v2\/posts\/34221","targetHints":{"allow":["GET"]}}],"collection":[{"href":"https:\/\/smwroclaw.pl\/index.php?rest_route=\/wp\/v2\/posts"}],"about":[{"href":"https:\/\/smwroclaw.pl\/index.php?rest_route=\/wp\/v2\/types\/post"}],"author":[{"embeddable":true,"href":"https:\/\/smwroclaw.pl\/index.php?rest_route=\/wp\/v2\/users\/7"}],"replies":[{"embeddable":true,"href":"https:\/\/smwroclaw.pl\/index.php?rest_route=%2Fwp%2Fv2%2Fcomments&post=34221"}],"version-history":[{"count":1,"href":"https:\/\/smwroclaw.pl\/index.php?rest_route=\/wp\/v2\/posts\/34221\/revisions"}],"predecessor-version":[{"id":34223,"href":"https:\/\/smwroclaw.pl\/index.php?rest_route=\/wp\/v2\/posts\/34221\/revisions\/34223"}],"wp:featuredmedia":[{"embeddable":true,"href":"https:\/\/smwroclaw.pl\/index.php?rest_route=\/wp\/v2\/media\/34222"}],"wp:attachment":[{"href":"https:\/\/smwroclaw.pl\/index.php?rest_route=%2Fwp%2Fv2%2Fmedia&parent=34221"}],"wp:term":[{"taxonomy":"category","embeddable":true,"href":"https:\/\/smwroclaw.pl\/index.php?rest_route=%2Fwp%2Fv2%2Fcategories&post=34221"},{"taxonomy":"post_tag","embeddable":true,"href":"https:\/\/smwroclaw.pl\/index.php?rest_route=%2Fwp%2Fv2%2Ftags&post=34221"}],"curies":[{"name":"wp","href":"https:\/\/api.w.org\/{rel}","templated":true}]}}