{"id":34299,"date":"2025-10-23T10:33:25","date_gmt":"2025-10-23T08:33:25","guid":{"rendered":"https:\/\/smwroclaw.pl\/?p=34299"},"modified":"2025-10-23T10:33:25","modified_gmt":"2025-10-23T08:33:25","slug":"tak-nie-parkujmy-1071","status":"publish","type":"post","link":"https:\/\/smwroclaw.pl\/?p=34299","title":{"rendered":"TAK NIE PARKUJMY"},"content":{"rendered":"<p style=\"text-align: justify;\"><span style=\"font-family: georgia, palatino, serif; font-size: 16px;\"><strong>17 \u2013 22 pa\u017adziernika 2025 r.<\/strong>\u00a0stra\u017cnicy miejscy w wyniku dzia\u0142a\u0144 prewencyjno kontrolnych, pod k\u0105tem przestrzegania przepis\u00f3w zawartych w\u00a0<strong>ustawie prawo o\u00a0ruchu drogowym<\/strong>:<\/span><br \/>\n<span style=\"font-family: georgia, palatino, serif; font-size: 16px;\">\u2022 na\u0142o\u017cyli\u00a0<strong>274<\/strong> mandaty na kwot\u0119\u00a0<strong>41800 z\u0142<\/strong>;<\/span><br \/>\n<span style=\"font-family: georgia, palatino, serif; font-size: 16px;\">\u2022 wydali dyspozycje odholowania\u00a0<strong>73<\/strong>\u00a0pojazd\u00f3w;<\/span><br \/>\n<span style=\"font-family: georgia, palatino, serif; font-size: 16px;\">\u2022 na ko\u0142a nieprawid\u0142owo zaparkowanych pojazd\u00f3w za\u0142o\u017cyli <strong>15<\/strong> blokad;<\/span><br \/>\n<span style=\"font-family: georgia, palatino, serif; font-size: 16px;\">\u2022 pouczyli\u00a0<strong>99<\/strong>\u00a0os\u00f3b;<\/span><br \/>\n<span style=\"font-family: georgia, palatino, serif; font-size: 16px;\">\u2022 w sprawie <strong>226<\/strong>\u00a0wykrocze\u0144 wszcz\u0119to czynno\u015bci wyja\u015bniaj\u0105ce. <\/span><\/p>\n","protected":false},"excerpt":{"rendered":"<p>17 \u2013 22 pa\u017adziernika 2025 r.\u00a0stra\u017cnicy miejscy w wyniku dzia\u0142a\u0144 prewencyjno kontrolnych, pod k\u0105tem przestrzegania przepis\u00f3w zawartych w\u00a0ustawie prawo o\u00a0ruchu drogowym: \u2022 na\u0142o\u017cyli\u00a0274 mandaty na kwot\u0119\u00a041800 z\u0142; \u2022 wydali dyspozycje odholowania\u00a073\u00a0pojazd\u00f3w; \u2022 na ko\u0142a nieprawid\u0142owo zaparkowanych pojazd\u00f3w za\u0142o\u017cyli 15 blokad; \u2022 pouczyli\u00a099\u00a0os\u00f3b; \u2022 w sprawie 226\u00a0wykrocze\u0144 wszcz\u0119to czynno\u015bci wyja\u015bniaj\u0105ce.<\/p>\n","protected":false},"author":7,"featured_media":34300,"comment_status":"closed","ping_status":"closed","sticky":false,"template":"","format":"standard","meta":{"footnotes":""},"categories":[16],"tags":[],"class_list":["post-34299","post","type-post","status-publish","format-standard","has-post-thumbnail","hentry","category-aktual"],"_links":{"self":[{"href":"https:\/\/smwroclaw.pl\/index.php?rest_route=\/wp\/v2\/posts\/34299","targetHints":{"allow":["GET"]}}],"collection":[{"href":"https:\/\/smwroclaw.pl\/index.php?rest_route=\/wp\/v2\/posts"}],"about":[{"href":"https:\/\/smwroclaw.pl\/index.php?rest_route=\/wp\/v2\/types\/post"}],"author":[{"embeddable":true,"href":"https:\/\/smwroclaw.pl\/index.php?rest_route=\/wp\/v2\/users\/7"}],"replies":[{"embeddable":true,"href":"https:\/\/smwroclaw.pl\/index.php?rest_route=%2Fwp%2Fv2%2Fcomments&post=34299"}],"version-history":[{"count":1,"href":"https:\/\/smwroclaw.pl\/index.php?rest_route=\/wp\/v2\/posts\/34299\/revisions"}],"predecessor-version":[{"id":34301,"href":"https:\/\/smwroclaw.pl\/index.php?rest_route=\/wp\/v2\/posts\/34299\/revisions\/34301"}],"wp:featuredmedia":[{"embeddable":true,"href":"https:\/\/smwroclaw.pl\/index.php?rest_route=\/wp\/v2\/media\/34300"}],"wp:attachment":[{"href":"https:\/\/smwroclaw.pl\/index.php?rest_route=%2Fwp%2Fv2%2Fmedia&parent=34299"}],"wp:term":[{"taxonomy":"category","embeddable":true,"href":"https:\/\/smwroclaw.pl\/index.php?rest_route=%2Fwp%2Fv2%2Fcategories&post=34299"},{"taxonomy":"post_tag","embeddable":true,"href":"https:\/\/smwroclaw.pl\/index.php?rest_route=%2Fwp%2Fv2%2Ftags&post=34299"}],"curies":[{"name":"wp","href":"https:\/\/api.w.org\/{rel}","templated":true}]}}