{"id":34309,"date":"2025-10-23T13:40:51","date_gmt":"2025-10-23T11:40:51","guid":{"rendered":"https:\/\/smwroclaw.pl\/?p=34309"},"modified":"2025-10-23T15:06:32","modified_gmt":"2025-10-23T13:06:32","slug":"patrol-interwencyjny-w-dzialaniu-pomoc-osobie-w-kryzysie-bezdomnosci","status":"publish","type":"post","link":"https:\/\/smwroclaw.pl\/?p=34309","title":{"rendered":"PATROL INTERWENCYJNY W DZIA\u0141ANIU \u2013 pomoc osobie w kryzysie bezdomno\u015bci"},"content":{"rendered":"<p style=\"text-align: justify;\"><span style=\"font-family: georgia, palatino, serif; font-size: 16px;\">Dzi\u015b, oko\u0142o godziny 9:40, przy ul. \u015bw. Antoniego w jednej z bram przej\u015bciowych, w pustostanie, nasi funkcjonariusze zauwa\u017cyli m\u0119\u017cczyzn\u0119 \u015bpi\u0105cego na materacu. 52-letni m\u0119\u017cczyzna w kryzysie bezdomno\u015bci porusza\u0142 si\u0119 przy pomocy chodzika. Stra\u017cnicy zaproponowali mu pomoc i wsparcie, z kt\u00f3rego skorzysta\u0142. Zosta\u0142 przewieziony do ogrzewalni przy ul. Popielskiego. <\/span><span style=\"font-family: georgia, palatino, serif; font-size: 16px;\">Tego typu dzia\u0142ania stra\u017cnik\u00f3w s\u0105 prowadzone regularnie, zw\u0142aszcza w okresie jesienno &#8211; zimowym, kiedy osoby w kryzysie bezdomno\u015bci nara\u017cone s\u0105 na wych\u0142odzenie organizmu. <\/span><\/p>\n<p style=\"text-align: justify;\"><span style=\"font-family: georgia, palatino, serif; font-size: 16px;\">Pami\u0119taj!<\/span><br \/>\n<span style=\"font-family: georgia, palatino, serif; font-size: 16px;\">Je\u017celi zauwa\u017cysz osob\u0119 potrzebuj\u0105c\u0105 pomocy &#8211; dzwo\u0144 &#8211; 986 lub 112.<\/span><!--more--><\/p>\n\n\t\t<style type=\"text\/css\">\n\t\t\t#gallery-1 {\n\t\t\t\tmargin: auto;\n\t\t\t}\n\t\t\t#gallery-1 .gallery-item {\n\t\t\t\tfloat: left;\n\t\t\t\tmargin-top: 10px;\n\t\t\t\ttext-align: center;\n\t\t\t\twidth: 33%;\n\t\t\t}\n\t\t\t#gallery-1 img {\n\t\t\t\tborder: 2px solid #cfcfcf;\n\t\t\t}\n\t\t\t#gallery-1 .gallery-caption {\n\t\t\t\tmargin-left: 0;\n\t\t\t}\n\t\t\t\/* see gallery_shortcode() in wp-includes\/media.php *\/\n\t\t<\/style>\n\t\t<div id='gallery-1' class='gallery galleryid-34309 gallery-columns-3 gallery-size-thumbnail'><dl class='gallery-item'>\n\t\t\t<dt class='gallery-icon portrait'>\n\t\t\t\t<a href='https:\/\/smwroclaw.pl\/?attachment_id=34312'><img fetchpriority=\"high\" decoding=\"async\" width=\"360\" height=\"260\" src=\"https:\/\/smwroclaw.pl\/wp-content\/uploads\/2025\/10\/3-1-360x260.jpg\" class=\"attachment-thumbnail size-thumbnail\" alt=\"\" \/><\/a>\n\t\t\t<\/dt><\/dl><dl class='gallery-item'>\n\t\t\t<dt class='gallery-icon portrait'>\n\t\t\t\t<a href='https:\/\/smwroclaw.pl\/?attachment_id=34313'><img decoding=\"async\" width=\"360\" height=\"260\" src=\"https:\/\/smwroclaw.pl\/wp-content\/uploads\/2025\/10\/4-1-360x260.jpg\" class=\"attachment-thumbnail size-thumbnail\" alt=\"\" \/><\/a>\n\t\t\t<\/dt><\/dl><dl class='gallery-item'>\n\t\t\t<dt class='gallery-icon landscape'>\n\t\t\t\t<a href='https:\/\/smwroclaw.pl\/?attachment_id=34315'><img decoding=\"async\" width=\"360\" height=\"260\" src=\"https:\/\/smwroclaw.pl\/wp-content\/uploads\/2025\/10\/6-1-360x260.jpg\" class=\"attachment-thumbnail size-thumbnail\" alt=\"\" \/><\/a>\n\t\t\t<\/dt><\/dl><br style=\"clear: both\" \/><dl class='gallery-item'>\n\t\t\t<dt class='gallery-icon landscape'>\n\t\t\t\t<a href='https:\/\/smwroclaw.pl\/?attachment_id=34314'><img loading=\"lazy\" decoding=\"async\" width=\"360\" height=\"260\" src=\"https:\/\/smwroclaw.pl\/wp-content\/uploads\/2025\/10\/5-2-360x260.jpg\" class=\"attachment-thumbnail size-thumbnail\" alt=\"\" \/><\/a>\n\t\t\t<\/dt><\/dl>\n\t\t\t<br style='clear: both' \/>\n\t\t<\/div>\n\n<ul>\n<li>BD<\/li>\n<\/ul>\n","protected":false},"excerpt":{"rendered":"<p>Dzi\u015b, oko\u0142o godziny 9:40, przy ul. \u015bw. Antoniego w jednej z bram przej\u015bciowych, w pustostanie, nasi funkcjonariusze zauwa\u017cyli m\u0119\u017cczyzn\u0119 \u015bpi\u0105cego na materacu. 52-letni m\u0119\u017cczyzna w kryzysie bezdomno\u015bci porusza\u0142 si\u0119 przy pomocy chodzika. Stra\u017cnicy zaproponowali mu pomoc i wsparcie, z kt\u00f3rego skorzysta\u0142. Zosta\u0142 przewieziony do ogrzewalni przy ul. Popielskiego. Tego typu dzia\u0142ania stra\u017cnik\u00f3w s\u0105 prowadzone regularnie, [&hellip;]<\/p>\n","protected":false},"author":7,"featured_media":34316,"comment_status":"closed","ping_status":"closed","sticky":false,"template":"","format":"standard","meta":{"footnotes":""},"categories":[16],"tags":[],"class_list":["post-34309","post","type-post","status-publish","format-standard","has-post-thumbnail","hentry","category-aktual"],"_links":{"self":[{"href":"https:\/\/smwroclaw.pl\/index.php?rest_route=\/wp\/v2\/posts\/34309","targetHints":{"allow":["GET"]}}],"collection":[{"href":"https:\/\/smwroclaw.pl\/index.php?rest_route=\/wp\/v2\/posts"}],"about":[{"href":"https:\/\/smwroclaw.pl\/index.php?rest_route=\/wp\/v2\/types\/post"}],"author":[{"embeddable":true,"href":"https:\/\/smwroclaw.pl\/index.php?rest_route=\/wp\/v2\/users\/7"}],"replies":[{"embeddable":true,"href":"https:\/\/smwroclaw.pl\/index.php?rest_route=%2Fwp%2Fv2%2Fcomments&post=34309"}],"version-history":[{"count":3,"href":"https:\/\/smwroclaw.pl\/index.php?rest_route=\/wp\/v2\/posts\/34309\/revisions"}],"predecessor-version":[{"id":34319,"href":"https:\/\/smwroclaw.pl\/index.php?rest_route=\/wp\/v2\/posts\/34309\/revisions\/34319"}],"wp:featuredmedia":[{"embeddable":true,"href":"https:\/\/smwroclaw.pl\/index.php?rest_route=\/wp\/v2\/media\/34316"}],"wp:attachment":[{"href":"https:\/\/smwroclaw.pl\/index.php?rest_route=%2Fwp%2Fv2%2Fmedia&parent=34309"}],"wp:term":[{"taxonomy":"category","embeddable":true,"href":"https:\/\/smwroclaw.pl\/index.php?rest_route=%2Fwp%2Fv2%2Fcategories&post=34309"},{"taxonomy":"post_tag","embeddable":true,"href":"https:\/\/smwroclaw.pl\/index.php?rest_route=%2Fwp%2Fv2%2Ftags&post=34309"}],"curies":[{"name":"wp","href":"https:\/\/api.w.org\/{rel}","templated":true}]}}