{"id":34328,"date":"2025-10-28T07:44:57","date_gmt":"2025-10-28T06:44:57","guid":{"rendered":"https:\/\/smwroclaw.pl\/?p=34328"},"modified":"2025-10-28T07:44:57","modified_gmt":"2025-10-28T06:44:57","slug":"wszystkich-swietych-wazne-informacje","status":"publish","type":"post","link":"https:\/\/smwroclaw.pl\/?p=34328","title":{"rendered":"WSZYSTKICH \u015aWI\u0118TYCH &#8211; wa\u017cne informacje"},"content":{"rendered":"<p style=\"text-align: justify;\"><span style=\"font-family: georgia, palatino, serif; font-size: 16px;\">Przed nami dni zadumy i refleksji. Odwiedzamy groby bliskich, wspominamy tych, kt\u00f3rzy odeszli. Nasze patrole ju\u017c pracuj\u0105 w rejonach wroc\u0142awskich cmentarzy, dbaj\u0105c o bezpiecze\u0144stwo odwiedzaj\u0105cych. Tradycyjnie w tym okresie musimy liczy\u0107 si\u0119 ze zmianami w kursowaniu tramwaj\u00f3w i autobus\u00f3w oraz utrudnieniami dla kierowc\u00f3w w pobli\u017cu miejskich nekropolii. Ze specjalnej komunikacji miejskiej b\u0119dzie mo\u017cna korzysta\u0107 a\u017c do 2 listopada. Zach\u0119camy, by z niej skorzysta\u0107.<\/span><br \/>\n<span style=\"font-family: georgia, palatino, serif; font-size: 16px;\">Poni\u017cej kilka praktycznych wskaz\u00f3wek, kt\u00f3re pomog\u0105 spokojnie i bezpiecznie odwiedzi\u0107 cmentarze.<\/span><br \/>\n<span style=\"font-family: georgia, palatino, serif; font-size: 16px;\">Dla pieszych:<\/span><!--more--><\/p>\n<p style=\"text-align: justify;\">\n<span style=\"font-family: georgia, palatino, serif; font-size: 16px;\">&#8211; zachowaj szczeg\u00f3ln\u0105 ostro\u017cno\u015b\u0107 przy wysiadaniu z tramwaj\u00f3w i autobus\u00f3w;<\/span><br \/>\n<span style=\"font-family: georgia, palatino, serif; font-size: 16px;\">&#8211; przechod\u017a przez jezdni\u0119 tylko w miejscach wyznaczonych, najlepiej nadzorowanych przez Policj\u0119 lub Stra\u017c Miejsk\u0105;<\/span><br \/>\n<span style=\"font-family: georgia, palatino, serif; font-size: 16px;\">&#8211; nie wbiegaj na jezdni\u0119;<\/span><br \/>\n<span style=\"font-family: georgia, palatino, serif; font-size: 16px;\">&#8211; po zmroku no\u015b elementy odblaskowe;<\/span><br \/>\n<span style=\"font-family: georgia, palatino, serif; font-size: 16px;\">&#8211; korzystaj wy\u0142\u0105cznie z chodnik\u00f3w i wyznaczonych przej\u015b\u0107;<\/span><br \/>\n<span style=\"font-family: georgia, palatino, serif; font-size: 16px;\">&#8211; stosuj si\u0119 do polece\u0144 s\u0142u\u017cb.<\/span><br \/>\n<span style=\"font-family: georgia, palatino, serif; font-size: 16px;\">Dla kierowc\u00f3w:<\/span><br \/>\n<span style=\"font-family: georgia, palatino, serif; font-size: 16px;\">&#8211; zachowaj uwag\u0119 i ostro\u017cno\u015b\u0107;<\/span><br \/>\n<span style=\"font-family: georgia, palatino, serif; font-size: 16px;\">&#8211; respektuj zmiany w organizacji ruchu;<\/span><br \/>\n<span style=\"font-family: georgia, palatino, serif; font-size: 16px;\">&#8211; zwolnij, zw\u0142aszcza w pobli\u017cu przystank\u00f3w MPK i cmentarzy;<\/span><br \/>\n<span style=\"font-family: georgia, palatino, serif; font-size: 16px;\">&#8211; wykonuj polecenia funkcjonariuszy dbaj\u0105cych o bezpiecze\u0144stwo.<\/span><br \/>\n<span style=\"font-family: georgia, palatino, serif; font-size: 16px;\">Dla wszystkich:<\/span><br \/>\n<span style=\"font-family: georgia, palatino, serif; font-size: 16px;\">&#8211; nie pozostawiaj bez nadzoru torebek i osobistych rzeczy;<\/span><br \/>\n<span style=\"font-family: georgia, palatino, serif; font-size: 16px;\">&#8211; unikaj noszenia du\u017cych kwot pieni\u0119dzy, bo kieszonkowcy bywaj\u0105 aktywni tak\u017ce w komunikacji miejskiej;<\/span><br \/>\n<span style=\"font-family: georgia, palatino, serif; font-size: 16px;\">&#8211; pilnuj dzieci, bo w t\u0142umie \u0142atwo si\u0119 zgubi\u0107!<\/span><br \/>\n<span style=\"font-family: georgia, palatino, serif; font-size: 16px;\">&#8211; je\u015bli zauwa\u017cysz zagubione dziecko, zareaguj, powiadom stra\u017cnika lub policjanta;<\/span><br \/>\n<span style=\"font-family: georgia, palatino, serif; font-size: 16px;\">&#8211; zwr\u00f3\u0107 uwag\u0119 na senior\u00f3w, je\u015bli wygl\u0105daj\u0105 na zagubionych lub \u017ale si\u0119 czuj\u0105, pom\u00f3\u017c i powiadom s\u0142u\u017cby.<\/span><br \/>\n<span style=\"font-family: georgia, palatino, serif; font-size: 16px;\">Komunikacja miejska \u2013 zmiany w kursowaniu!<\/span><br \/>\n<span style=\"font-family: georgia, palatino, serif; font-size: 16px;\">Szczeg\u00f3\u0142owe informacje o rozk\u0142adach i dodatkowych liniach znajdziesz <a href=\"https:\/\/www.wroclaw.pl\/...\/wszystkich-swietych-wroclaw...\">https:\/\/www.wroclaw.pl\/&#8230;\/wszystkich-swietych-wroclaw&#8230;<\/a><\/span><br \/>\n<span style=\"font-family: georgia, palatino, serif; font-size: 16px;\">Wyszukiwarka grob\u00f3w we Wroc\u0142awiu:<\/span><br \/>\n<span style=\"font-family: georgia, palatino, serif; font-size: 16px;\">Zach\u0119camy w przypadku problem\u00f3w z odnalezieniem grob\u00f3w Waszych bliskich do skorzystania z wyszukiwarki grob\u00f3w we Wroc\u0142awiu.<\/span><br \/>\n<span style=\"font-family: georgia, palatino, serif; font-size: 16px;\"><a href=\"https:\/\/groby.cui.wroclaw.pl\/\">https:\/\/groby.cui.wroclaw.pl\/<\/a><\/span><\/p>\n\n\t\t<style type=\"text\/css\">\n\t\t\t#gallery-1 {\n\t\t\t\tmargin: auto;\n\t\t\t}\n\t\t\t#gallery-1 .gallery-item {\n\t\t\t\tfloat: left;\n\t\t\t\tmargin-top: 10px;\n\t\t\t\ttext-align: center;\n\t\t\t\twidth: 33%;\n\t\t\t}\n\t\t\t#gallery-1 img {\n\t\t\t\tborder: 2px solid #cfcfcf;\n\t\t\t}\n\t\t\t#gallery-1 .gallery-caption {\n\t\t\t\tmargin-left: 0;\n\t\t\t}\n\t\t\t\/* see gallery_shortcode() in wp-includes\/media.php *\/\n\t\t<\/style>\n\t\t<div id='gallery-1' class='gallery galleryid-34328 gallery-columns-3 gallery-size-thumbnail'><dl class='gallery-item'>\n\t\t\t<dt class='gallery-icon landscape'>\n\t\t\t\t<a href='https:\/\/smwroclaw.pl\/?attachment_id=34330'><img fetchpriority=\"high\" decoding=\"async\" width=\"360\" height=\"260\" src=\"https:\/\/smwroclaw.pl\/wp-content\/uploads\/2025\/10\/MPK-Wszystkich-Swietych-360x260.jpg\" class=\"attachment-thumbnail size-thumbnail\" alt=\"\" aria-describedby=\"gallery-1-34330\" \/><\/a>\n\t\t\t<\/dt>\n\t\t\t\t<dd class='wp-caption-text gallery-caption' id='gallery-1-34330'>\n\t\t\t\t\u0179r\u00f3d\u0142o: MPK Wroc\u0142aw\n\t\t\t\t<\/dd><\/dl><dl class='gallery-item'>\n\t\t\t<dt class='gallery-icon portrait'>\n\t\t\t\t<a href='https:\/\/smwroclaw.pl\/?attachment_id=34331'><img decoding=\"async\" width=\"360\" height=\"260\" src=\"https:\/\/smwroclaw.pl\/wp-content\/uploads\/2025\/10\/Ulotka-Bezpieczny-senior-360x260.jpg\" class=\"attachment-thumbnail size-thumbnail\" alt=\"\" \/><\/a>\n\t\t\t<\/dt><\/dl>\n\t\t\t<br style='clear: both' \/>\n\t\t<\/div>\n\n<p>BD<\/p>\n","protected":false},"excerpt":{"rendered":"<p>Przed nami dni zadumy i refleksji. Odwiedzamy groby bliskich, wspominamy tych, kt\u00f3rzy odeszli. Nasze patrole ju\u017c pracuj\u0105 w rejonach wroc\u0142awskich cmentarzy, dbaj\u0105c o bezpiecze\u0144stwo odwiedzaj\u0105cych. Tradycyjnie w tym okresie musimy liczy\u0107 si\u0119 ze zmianami w kursowaniu tramwaj\u00f3w i autobus\u00f3w oraz utrudnieniami dla kierowc\u00f3w w pobli\u017cu miejskich nekropolii. Ze specjalnej komunikacji miejskiej b\u0119dzie mo\u017cna korzysta\u0107 a\u017c [&hellip;]<\/p>\n","protected":false},"author":7,"featured_media":34329,"comment_status":"closed","ping_status":"closed","sticky":false,"template":"","format":"standard","meta":{"footnotes":""},"categories":[16],"tags":[],"class_list":["post-34328","post","type-post","status-publish","format-standard","has-post-thumbnail","hentry","category-aktual"],"_links":{"self":[{"href":"https:\/\/smwroclaw.pl\/index.php?rest_route=\/wp\/v2\/posts\/34328","targetHints":{"allow":["GET"]}}],"collection":[{"href":"https:\/\/smwroclaw.pl\/index.php?rest_route=\/wp\/v2\/posts"}],"about":[{"href":"https:\/\/smwroclaw.pl\/index.php?rest_route=\/wp\/v2\/types\/post"}],"author":[{"embeddable":true,"href":"https:\/\/smwroclaw.pl\/index.php?rest_route=\/wp\/v2\/users\/7"}],"replies":[{"embeddable":true,"href":"https:\/\/smwroclaw.pl\/index.php?rest_route=%2Fwp%2Fv2%2Fcomments&post=34328"}],"version-history":[{"count":1,"href":"https:\/\/smwroclaw.pl\/index.php?rest_route=\/wp\/v2\/posts\/34328\/revisions"}],"predecessor-version":[{"id":34332,"href":"https:\/\/smwroclaw.pl\/index.php?rest_route=\/wp\/v2\/posts\/34328\/revisions\/34332"}],"wp:featuredmedia":[{"embeddable":true,"href":"https:\/\/smwroclaw.pl\/index.php?rest_route=\/wp\/v2\/media\/34329"}],"wp:attachment":[{"href":"https:\/\/smwroclaw.pl\/index.php?rest_route=%2Fwp%2Fv2%2Fmedia&parent=34328"}],"wp:term":[{"taxonomy":"category","embeddable":true,"href":"https:\/\/smwroclaw.pl\/index.php?rest_route=%2Fwp%2Fv2%2Fcategories&post=34328"},{"taxonomy":"post_tag","embeddable":true,"href":"https:\/\/smwroclaw.pl\/index.php?rest_route=%2Fwp%2Fv2%2Ftags&post=34328"}],"curies":[{"name":"wp","href":"https:\/\/api.w.org\/{rel}","templated":true}]}}