{"id":34410,"date":"2025-11-12T09:23:18","date_gmt":"2025-11-12T08:23:18","guid":{"rendered":"https:\/\/smwroclaw.pl\/?p=34410"},"modified":"2025-11-12T09:23:18","modified_gmt":"2025-11-12T08:23:18","slug":"straznik-osiedla-stare-miasto-w-dzialaniu-pozar-na-wroclawskim-rynku","status":"publish","type":"post","link":"https:\/\/smwroclaw.pl\/?p=34410","title":{"rendered":"STRA\u017bNIK OSIEDLA STARE MIASTO W DZIA\u0141ANIU &#8211; po\u017car na wroc\u0142awskim Rynku"},"content":{"rendered":"<p style=\"text-align: justify;\"><span style=\"font-family: georgia, palatino, serif; font-size: 16px;\">W poniedzia\u0142ek, oko\u0142o godziny 12:10, podczas kontroli w rejonie Rynku, nasze stra\u017cniczki zauwa\u017cy\u0142y ogie\u0144 w ogr\u00f3dku gastronomicznym jednego z lokali. Stra\u017cniczki natychmiast wezwa\u0142y na miejsce Stra\u017c Po\u017carn\u0105. Do czasu przyjazdu stra\u017cak\u00f3w, zadysponowane w rejon po\u017caru patrole Stra\u017cy Miejskiej zabezpieczy\u0142y miejsce zdarzenia przed dost\u0119pem os\u00f3b postronnych i pomog\u0142y w ewakuacji 16 pracownik\u00f3w lokalu. O godzinie 12:15 na miejscu pojawi\u0142a si\u0119 Stra\u017c Po\u017carna, kt\u00f3ra przyst\u0105pi\u0142a do gaszenia ognia. W trakcie dzia\u0142a\u0144 do naszych funkcjonariuszy zg\u0142osi\u0142 si\u0119 m\u0119\u017cczyzna, kt\u00f3ry wcze\u015bniej pr\u00f3bowa\u0142 samodzielnie ugasi\u0107 po\u017car. Skar\u017cy\u0142 si\u0119 na z\u0142e samopoczucie i objawy prawdopodobnego podtrucia dymem. Na miejsce wezwano Pogotowie Ratunkowe, kt\u00f3re udzieli\u0142o mu pomocy medycznej.<\/span><!--more--><\/p>\n<p style=\"text-align: justify;\"><span style=\"font-family: georgia, palatino, serif; font-size: 16px;\"> Przez ca\u0142y czas trwania akcji stra\u017cnicy zabezpieczali teren, kierowali ruchem pieszych i informowali mieszka\u0144c\u00f3w o zagro\u017ceniu. O godzinie 13:15 stra\u017cacy zako\u0144czyli akcj\u0119 ga\u015bnicz\u0105, a stra\u017cnicy oznakowali teren ta\u015bm\u0105 ostrzegawcz\u0105, by zapobiec wtargni\u0119ciu os\u00f3b postronnych w rejon zdarzenia.<\/span><br \/>\n<span style=\"font-family: georgia, palatino, serif; font-size: 16px;\">Dzi\u0119ki szybkiej reakcji i wzorowej wsp\u00f3\u0142pracy s\u0142u\u017cb, sytuacj\u0119 uda\u0142o si\u0119 szybko opanowa\u0107, a ogie\u0144 nie rozprzestrzeni\u0142 si\u0119 na s\u0105siednie lokale.<\/span><\/p>\n\n\t\t<style type=\"text\/css\">\n\t\t\t#gallery-1 {\n\t\t\t\tmargin: auto;\n\t\t\t}\n\t\t\t#gallery-1 .gallery-item {\n\t\t\t\tfloat: left;\n\t\t\t\tmargin-top: 10px;\n\t\t\t\ttext-align: center;\n\t\t\t\twidth: 33%;\n\t\t\t}\n\t\t\t#gallery-1 img {\n\t\t\t\tborder: 2px solid #cfcfcf;\n\t\t\t}\n\t\t\t#gallery-1 .gallery-caption {\n\t\t\t\tmargin-left: 0;\n\t\t\t}\n\t\t\t\/* see gallery_shortcode() in wp-includes\/media.php *\/\n\t\t<\/style>\n\t\t<div id='gallery-1' class='gallery galleryid-34410 gallery-columns-3 gallery-size-thumbnail'><dl class='gallery-item'>\n\t\t\t<dt class='gallery-icon portrait'>\n\t\t\t\t<a href='https:\/\/smwroclaw.pl\/?attachment_id=34416'><img fetchpriority=\"high\" decoding=\"async\" width=\"360\" height=\"260\" src=\"https:\/\/smwroclaw.pl\/wp-content\/uploads\/2025\/11\/6-360x260.jpg\" class=\"attachment-thumbnail size-thumbnail\" alt=\"\" \/><\/a>\n\t\t\t<\/dt><\/dl><dl class='gallery-item'>\n\t\t\t<dt class='gallery-icon landscape'>\n\t\t\t\t<a href='https:\/\/smwroclaw.pl\/?attachment_id=34413'><img decoding=\"async\" width=\"360\" height=\"260\" src=\"https:\/\/smwroclaw.pl\/wp-content\/uploads\/2025\/11\/3-1-360x260.jpg\" class=\"attachment-thumbnail size-thumbnail\" alt=\"\" \/><\/a>\n\t\t\t<\/dt><\/dl><dl class='gallery-item'>\n\t\t\t<dt class='gallery-icon portrait'>\n\t\t\t\t<a href='https:\/\/smwroclaw.pl\/?attachment_id=34415'><img decoding=\"async\" width=\"360\" height=\"260\" src=\"https:\/\/smwroclaw.pl\/wp-content\/uploads\/2025\/11\/5-360x260.jpg\" class=\"attachment-thumbnail size-thumbnail\" alt=\"\" \/><\/a>\n\t\t\t<\/dt><\/dl><br style=\"clear: both\" \/><dl class='gallery-item'>\n\t\t\t<dt class='gallery-icon portrait'>\n\t\t\t\t<a href='https:\/\/smwroclaw.pl\/?attachment_id=34414'><img loading=\"lazy\" decoding=\"async\" width=\"360\" height=\"260\" src=\"https:\/\/smwroclaw.pl\/wp-content\/uploads\/2025\/11\/4-360x260.jpg\" class=\"attachment-thumbnail size-thumbnail\" alt=\"\" \/><\/a>\n\t\t\t<\/dt><\/dl>\n\t\t\t<br style='clear: both' \/>\n\t\t<\/div>\n\n<div style=\"width: 478px;\" class=\"wp-video\"><!--[if lt IE 9]><script>document.createElement('video');<\/script><![endif]-->\n<video class=\"wp-video-shortcode\" id=\"video-34410-1\" width=\"478\" height=\"850\" preload=\"metadata\" controls=\"controls\"><source type=\"video\/mp4\" src=\"https:\/\/smwroclaw.pl\/wp-content\/uploads\/2025\/11\/1.mp4?_=1\" \/><a href=\"https:\/\/smwroclaw.pl\/wp-content\/uploads\/2025\/11\/1.mp4\">https:\/\/smwroclaw.pl\/wp-content\/uploads\/2025\/11\/1.mp4<\/a><\/video><\/div>\n<div style=\"width: 478px;\" class=\"wp-video\"><video class=\"wp-video-shortcode\" id=\"video-34410-2\" width=\"478\" height=\"850\" preload=\"metadata\" controls=\"controls\"><source type=\"video\/mp4\" src=\"https:\/\/smwroclaw.pl\/wp-content\/uploads\/2025\/11\/2.mp4?_=2\" \/><a href=\"https:\/\/smwroclaw.pl\/wp-content\/uploads\/2025\/11\/2.mp4\">https:\/\/smwroclaw.pl\/wp-content\/uploads\/2025\/11\/2.mp4<\/a><\/video><\/div>\n<div style=\"width: 478px;\" class=\"wp-video\"><video class=\"wp-video-shortcode\" id=\"video-34410-3\" width=\"478\" height=\"850\" preload=\"metadata\" controls=\"controls\"><source type=\"video\/mp4\" src=\"https:\/\/smwroclaw.pl\/wp-content\/uploads\/2025\/11\/7.mp4?_=3\" \/><a href=\"https:\/\/smwroclaw.pl\/wp-content\/uploads\/2025\/11\/7.mp4\">https:\/\/smwroclaw.pl\/wp-content\/uploads\/2025\/11\/7.mp4<\/a><\/video><\/div>\n<p>BD<\/p>\n","protected":false},"excerpt":{"rendered":"<p>W poniedzia\u0142ek, oko\u0142o godziny 12:10, podczas kontroli w rejonie Rynku, nasze stra\u017cniczki zauwa\u017cy\u0142y ogie\u0144 w ogr\u00f3dku gastronomicznym jednego z lokali. Stra\u017cniczki natychmiast wezwa\u0142y na miejsce Stra\u017c Po\u017carn\u0105. Do czasu przyjazdu stra\u017cak\u00f3w, zadysponowane w rejon po\u017caru patrole Stra\u017cy Miejskiej zabezpieczy\u0142y miejsce zdarzenia przed dost\u0119pem os\u00f3b postronnych i pomog\u0142y w ewakuacji 16 pracownik\u00f3w lokalu. O godzinie 12:15 [&hellip;]<\/p>\n","protected":false},"author":7,"featured_media":34418,"comment_status":"closed","ping_status":"closed","sticky":false,"template":"","format":"standard","meta":{"footnotes":""},"categories":[16],"tags":[],"class_list":["post-34410","post","type-post","status-publish","format-standard","has-post-thumbnail","hentry","category-aktual"],"_links":{"self":[{"href":"https:\/\/smwroclaw.pl\/index.php?rest_route=\/wp\/v2\/posts\/34410","targetHints":{"allow":["GET"]}}],"collection":[{"href":"https:\/\/smwroclaw.pl\/index.php?rest_route=\/wp\/v2\/posts"}],"about":[{"href":"https:\/\/smwroclaw.pl\/index.php?rest_route=\/wp\/v2\/types\/post"}],"author":[{"embeddable":true,"href":"https:\/\/smwroclaw.pl\/index.php?rest_route=\/wp\/v2\/users\/7"}],"replies":[{"embeddable":true,"href":"https:\/\/smwroclaw.pl\/index.php?rest_route=%2Fwp%2Fv2%2Fcomments&post=34410"}],"version-history":[{"count":1,"href":"https:\/\/smwroclaw.pl\/index.php?rest_route=\/wp\/v2\/posts\/34410\/revisions"}],"predecessor-version":[{"id":34419,"href":"https:\/\/smwroclaw.pl\/index.php?rest_route=\/wp\/v2\/posts\/34410\/revisions\/34419"}],"wp:featuredmedia":[{"embeddable":true,"href":"https:\/\/smwroclaw.pl\/index.php?rest_route=\/wp\/v2\/media\/34418"}],"wp:attachment":[{"href":"https:\/\/smwroclaw.pl\/index.php?rest_route=%2Fwp%2Fv2%2Fmedia&parent=34410"}],"wp:term":[{"taxonomy":"category","embeddable":true,"href":"https:\/\/smwroclaw.pl\/index.php?rest_route=%2Fwp%2Fv2%2Fcategories&post=34410"},{"taxonomy":"post_tag","embeddable":true,"href":"https:\/\/smwroclaw.pl\/index.php?rest_route=%2Fwp%2Fv2%2Ftags&post=34410"}],"curies":[{"name":"wp","href":"https:\/\/api.w.org\/{rel}","templated":true}]}}