{"id":34473,"date":"2025-11-20T11:22:44","date_gmt":"2025-11-20T10:22:44","guid":{"rendered":"https:\/\/smwroclaw.pl\/?p=34473"},"modified":"2025-11-20T11:22:44","modified_gmt":"2025-11-20T10:22:44","slug":"miedzynarodowy-dzien-praw-dziecka","status":"publish","type":"post","link":"https:\/\/smwroclaw.pl\/?p=34473","title":{"rendered":"MI\u0118DZYNARODOWY DZIE\u0143 PRAW DZIECKA"},"content":{"rendered":"<p style=\"text-align: justify;\"><span style=\"font-family: georgia, palatino, serif; font-size: 16px;\">20 listopada to bardzo wa\u017cna data dla du\u017cych i ma\u0142ych &#8211; rocznica uchwalenia Konwencji o prawach dziecka. Ten dzie\u0144 przypomina nam, \u017ce nie tylko od \u015bwi\u0119ta powinni\u015bmy zwraca\u0107 szczeg\u00f3ln\u0105 uwag\u0119 na dzieci i ich prawa. Jest to okazja, aby z jednej strony w spos\u00f3b pozytywny i radosny u\u015bwiadamia\u0107 wszystkim, \u017ce prawa dziecka s\u0105 wa\u017cne i ka\u017cde dziecko powinno m\u00f3c z nich korzysta\u0107, z drugiej strony to dzie\u0144 okazywania solidarno\u015bci i wsparcia tym dzieciom na \u015bwiecie, kt\u00f3rych praw nikt nie respektuje, s\u0105 ofiarami przemocy fizycznej i psychicznej, samotne pozostawione same sobie. To niew\u0105tpliwie radosny dzie\u0144, ale przede wszystkim z powa\u017cnym przes\u0142aniem.<\/span><br \/>\n<span style=\"font-family: georgia, palatino, serif; font-size: 16px;\">Pami\u0119taj! <\/span><span style=\"font-family: georgia, palatino, serif; font-size: 16px;\">Nie jeste\u015b sam! Je\u017celi jeste\u015b ofiar\u0105 przemocy, masz problem, nie wiesz co zrobi\u0107, zadzwo\u0144! <\/span><strong><span style=\"font-family: georgia, palatino, serif; font-size: 16px;\">116111 &#8211; t<\/span><\/strong><span style=\"font-family: georgia, palatino, serif; font-size: 16px;\"><strong>elefon zaufania dla dzieci i m\u0142odzie\u017cy<\/strong>.<\/span><!--more--><\/p>\n<p>BD<\/p>\n","protected":false},"excerpt":{"rendered":"<p>20 listopada to bardzo wa\u017cna data dla du\u017cych i ma\u0142ych &#8211; rocznica uchwalenia Konwencji o prawach dziecka. Ten dzie\u0144 przypomina nam, \u017ce nie tylko od \u015bwi\u0119ta powinni\u015bmy zwraca\u0107 szczeg\u00f3ln\u0105 uwag\u0119 na dzieci i ich prawa. Jest to okazja, aby z jednej strony w spos\u00f3b pozytywny i radosny u\u015bwiadamia\u0107 wszystkim, \u017ce prawa dziecka s\u0105 wa\u017cne i [&hellip;]<\/p>\n","protected":false},"author":7,"featured_media":34474,"comment_status":"closed","ping_status":"closed","sticky":false,"template":"","format":"standard","meta":{"footnotes":""},"categories":[16],"tags":[],"class_list":["post-34473","post","type-post","status-publish","format-standard","has-post-thumbnail","hentry","category-aktual"],"_links":{"self":[{"href":"https:\/\/smwroclaw.pl\/index.php?rest_route=\/wp\/v2\/posts\/34473","targetHints":{"allow":["GET"]}}],"collection":[{"href":"https:\/\/smwroclaw.pl\/index.php?rest_route=\/wp\/v2\/posts"}],"about":[{"href":"https:\/\/smwroclaw.pl\/index.php?rest_route=\/wp\/v2\/types\/post"}],"author":[{"embeddable":true,"href":"https:\/\/smwroclaw.pl\/index.php?rest_route=\/wp\/v2\/users\/7"}],"replies":[{"embeddable":true,"href":"https:\/\/smwroclaw.pl\/index.php?rest_route=%2Fwp%2Fv2%2Fcomments&post=34473"}],"version-history":[{"count":1,"href":"https:\/\/smwroclaw.pl\/index.php?rest_route=\/wp\/v2\/posts\/34473\/revisions"}],"predecessor-version":[{"id":34475,"href":"https:\/\/smwroclaw.pl\/index.php?rest_route=\/wp\/v2\/posts\/34473\/revisions\/34475"}],"wp:featuredmedia":[{"embeddable":true,"href":"https:\/\/smwroclaw.pl\/index.php?rest_route=\/wp\/v2\/media\/34474"}],"wp:attachment":[{"href":"https:\/\/smwroclaw.pl\/index.php?rest_route=%2Fwp%2Fv2%2Fmedia&parent=34473"}],"wp:term":[{"taxonomy":"category","embeddable":true,"href":"https:\/\/smwroclaw.pl\/index.php?rest_route=%2Fwp%2Fv2%2Fcategories&post=34473"},{"taxonomy":"post_tag","embeddable":true,"href":"https:\/\/smwroclaw.pl\/index.php?rest_route=%2Fwp%2Fv2%2Ftags&post=34473"}],"curies":[{"name":"wp","href":"https:\/\/api.w.org\/{rel}","templated":true}]}}