{"id":34531,"date":"2025-11-27T10:05:21","date_gmt":"2025-11-27T09:05:21","guid":{"rendered":"https:\/\/smwroclaw.pl\/?p=34531"},"modified":"2025-11-27T10:05:21","modified_gmt":"2025-11-27T09:05:21","slug":"eko-patrol-w-dzialaniu-bezpieczny-wroclaw","status":"publish","type":"post","link":"https:\/\/smwroclaw.pl\/?p=34531","title":{"rendered":"EKO PATROL W DZIA\u0141ANIU &#8211; \u201eBezpieczny Wroc\u0142aw\u201d"},"content":{"rendered":"<p style=\"text-align: justify;\"><span style=\"font-family: georgia, palatino, serif; font-size: 16px;\">W \u015brod\u0119, 26 listopada 2025 r, w godzinach 14:30-18:30, we Wroc\u0142awskim Centrum Kongresowym w Hali Stulecia odby\u0142o si\u0119 kolejne spotkanie po\u015bwi\u0119cone bezpiecze\u0144stwu mieszka\u0144c\u00f3w. Wydarzenie organizowane przez Urz\u0105d Miejski Wroc\u0142awia przy wsp\u00f3\u0142udziale wielu instytucji m.in. Stra\u017cy Miejskiej Wroc\u0142awia, by\u0142o cz\u0119\u015bci\u0105 cyklu realizowanego w ramach programu \u201eBezpieczny Wroc\u0142aw\u201d. Podczas szkolenia uczestnicy mieli okazj\u0119 zdoby\u0107 praktyczn\u0105 i specjalistyczn\u0105 wiedz\u0119 przekazywan\u0105 przez ekspert\u00f3w. Zaj\u0119cia obejmowa\u0142y zar\u00f3wno wyk\u0142ady, jak i \u0107wiczenia praktyczne dotycz\u0105ce najwa\u017cniejszych zagadnie\u0144 zwi\u0105zanych z reagowaniem w sytuacjach kryzysowych. Om\u00f3wiono m.in.:<\/span><br \/>\n<span style=\"font-family: georgia, palatino, serif; font-size: 16px;\">\u2022 znaczenie sygna\u0142\u00f3w alarmowych i zasady reagowania na komunikaty ostrzegawcze,<!--more--><\/span><\/p>\n<p style=\"text-align: justify;\">\n<span style=\"font-family: georgia, palatino, serif; font-size: 16px;\">\u2022 wyposa\u017cenie plecaka ewakuacyjnego i przygotowanie do nag\u0142ych zdarze\u0144,<\/span><br \/>\n<span style=\"font-family: georgia, palatino, serif; font-size: 16px;\">\u2022 procedury bezpiecznej ewakuacji ludzi i zwierz\u0105t,<\/span><br \/>\n<span style=\"font-family: georgia, palatino, serif; font-size: 16px;\">\u2022 podstawy udzielania pierwszej pomocy przedmedycznej,<\/span><br \/>\n<span style=\"font-family: georgia, palatino, serif; font-size: 16px;\">\u2022 zasady korzystania z miejsc schronienia.<\/span><br \/>\n<span style=\"font-family: georgia, palatino, serif; font-size: 16px;\">Funkcjonariusze z Oddzia\u0142u Ochrony \u015arodowiska zaprezentowali bezza\u0142ogowe statki powietrzne wykorzystywane w dzia\u0142aniach na terenie Wroc\u0142awia oraz om\u00f3wili obowi\u0105zki stra\u017cnik\u00f3w wynikaj\u0105ce z Ustawy o stra\u017cach gminnych oraz Ustawy o ochronie ludno\u015bci i obronie cywilnej. Funkcjonariusze podkre\u015blali r\u00f3wnie\u017c znaczenie wsp\u00f3\u0142pracy mi\u0119dzy s\u0142u\u017cbami i instytucjami, kt\u00f3r\u0105 wspieraj\u0105 stra\u017cnicy z Zespo\u0142u Monitoringu Mobilnego dzi\u0119ki posiadanym \u015brodkom technicznym. Spotkanie by\u0142o kolejnym dzia\u0142aniem maj\u0105cym na celu zwi\u0119kszenie \u015bwiadomo\u015bci i przygotowania mieszka\u0144c\u00f3w Wroc\u0142awia do radzenia sobie w sytuacjach zagro\u017cenia. Program \u201eBezpieczny Wroc\u0142aw\u201d regularnie oferuje podobne inicjatywy, buduj\u0105c kultur\u0119 bezpiecze\u0144stwa w\u015br\u00f3d lokalnej spo\u0142eczno\u015bci.<\/span><\/p>\n\n\t\t<style type=\"text\/css\">\n\t\t\t#gallery-1 {\n\t\t\t\tmargin: auto;\n\t\t\t}\n\t\t\t#gallery-1 .gallery-item {\n\t\t\t\tfloat: left;\n\t\t\t\tmargin-top: 10px;\n\t\t\t\ttext-align: center;\n\t\t\t\twidth: 33%;\n\t\t\t}\n\t\t\t#gallery-1 img {\n\t\t\t\tborder: 2px solid #cfcfcf;\n\t\t\t}\n\t\t\t#gallery-1 .gallery-caption {\n\t\t\t\tmargin-left: 0;\n\t\t\t}\n\t\t\t\/* see gallery_shortcode() in wp-includes\/media.php *\/\n\t\t<\/style>\n\t\t<div id='gallery-1' class='gallery galleryid-34531 gallery-columns-3 gallery-size-thumbnail'><dl class='gallery-item'>\n\t\t\t<dt class='gallery-icon landscape'>\n\t\t\t\t<a href='https:\/\/smwroclaw.pl\/?attachment_id=34536'><img fetchpriority=\"high\" decoding=\"async\" width=\"360\" height=\"260\" src=\"https:\/\/smwroclaw.pl\/wp-content\/uploads\/2025\/11\/5-2-360x260.jpg\" class=\"attachment-thumbnail size-thumbnail\" alt=\"\" \/><\/a>\n\t\t\t<\/dt><\/dl><dl class='gallery-item'>\n\t\t\t<dt class='gallery-icon landscape'>\n\t\t\t\t<a href='https:\/\/smwroclaw.pl\/?attachment_id=34535'><img decoding=\"async\" width=\"360\" height=\"260\" src=\"https:\/\/smwroclaw.pl\/wp-content\/uploads\/2025\/11\/4-2-360x260.jpg\" class=\"attachment-thumbnail size-thumbnail\" alt=\"\" \/><\/a>\n\t\t\t<\/dt><\/dl><dl class='gallery-item'>\n\t\t\t<dt class='gallery-icon landscape'>\n\t\t\t\t<a href='https:\/\/smwroclaw.pl\/?attachment_id=34534'><img decoding=\"async\" width=\"360\" height=\"260\" src=\"https:\/\/smwroclaw.pl\/wp-content\/uploads\/2025\/11\/3-3-360x260.jpg\" class=\"attachment-thumbnail size-thumbnail\" alt=\"\" \/><\/a>\n\t\t\t<\/dt><\/dl><br style=\"clear: both\" \/><dl class='gallery-item'>\n\t\t\t<dt class='gallery-icon landscape'>\n\t\t\t\t<a href='https:\/\/smwroclaw.pl\/?attachment_id=34533'><img loading=\"lazy\" decoding=\"async\" width=\"360\" height=\"260\" src=\"https:\/\/smwroclaw.pl\/wp-content\/uploads\/2025\/11\/2-3-360x260.jpg\" class=\"attachment-thumbnail size-thumbnail\" alt=\"\" \/><\/a>\n\t\t\t<\/dt><\/dl><dl class='gallery-item'>\n\t\t\t<dt class='gallery-icon landscape'>\n\t\t\t\t<a href='https:\/\/smwroclaw.pl\/?attachment_id=34532'><img loading=\"lazy\" decoding=\"async\" width=\"360\" height=\"260\" src=\"https:\/\/smwroclaw.pl\/wp-content\/uploads\/2025\/11\/1-2-360x260.jpg\" class=\"attachment-thumbnail size-thumbnail\" alt=\"\" \/><\/a>\n\t\t\t<\/dt><\/dl>\n\t\t\t<br style='clear: both' \/>\n\t\t<\/div>\n\n<p>BD<\/p>\n","protected":false},"excerpt":{"rendered":"<p>W \u015brod\u0119, 26 listopada 2025 r, w godzinach 14:30-18:30, we Wroc\u0142awskim Centrum Kongresowym w Hali Stulecia odby\u0142o si\u0119 kolejne spotkanie po\u015bwi\u0119cone bezpiecze\u0144stwu mieszka\u0144c\u00f3w. Wydarzenie organizowane przez Urz\u0105d Miejski Wroc\u0142awia przy wsp\u00f3\u0142udziale wielu instytucji m.in. Stra\u017cy Miejskiej Wroc\u0142awia, by\u0142o cz\u0119\u015bci\u0105 cyklu realizowanego w ramach programu \u201eBezpieczny Wroc\u0142aw\u201d. Podczas szkolenia uczestnicy mieli okazj\u0119 zdoby\u0107 praktyczn\u0105 i specjalistyczn\u0105 [&hellip;]<\/p>\n","protected":false},"author":7,"featured_media":34537,"comment_status":"closed","ping_status":"closed","sticky":false,"template":"","format":"standard","meta":{"footnotes":""},"categories":[16],"tags":[],"class_list":["post-34531","post","type-post","status-publish","format-standard","has-post-thumbnail","hentry","category-aktual"],"_links":{"self":[{"href":"https:\/\/smwroclaw.pl\/index.php?rest_route=\/wp\/v2\/posts\/34531","targetHints":{"allow":["GET"]}}],"collection":[{"href":"https:\/\/smwroclaw.pl\/index.php?rest_route=\/wp\/v2\/posts"}],"about":[{"href":"https:\/\/smwroclaw.pl\/index.php?rest_route=\/wp\/v2\/types\/post"}],"author":[{"embeddable":true,"href":"https:\/\/smwroclaw.pl\/index.php?rest_route=\/wp\/v2\/users\/7"}],"replies":[{"embeddable":true,"href":"https:\/\/smwroclaw.pl\/index.php?rest_route=%2Fwp%2Fv2%2Fcomments&post=34531"}],"version-history":[{"count":1,"href":"https:\/\/smwroclaw.pl\/index.php?rest_route=\/wp\/v2\/posts\/34531\/revisions"}],"predecessor-version":[{"id":34538,"href":"https:\/\/smwroclaw.pl\/index.php?rest_route=\/wp\/v2\/posts\/34531\/revisions\/34538"}],"wp:featuredmedia":[{"embeddable":true,"href":"https:\/\/smwroclaw.pl\/index.php?rest_route=\/wp\/v2\/media\/34537"}],"wp:attachment":[{"href":"https:\/\/smwroclaw.pl\/index.php?rest_route=%2Fwp%2Fv2%2Fmedia&parent=34531"}],"wp:term":[{"taxonomy":"category","embeddable":true,"href":"https:\/\/smwroclaw.pl\/index.php?rest_route=%2Fwp%2Fv2%2Fcategories&post=34531"},{"taxonomy":"post_tag","embeddable":true,"href":"https:\/\/smwroclaw.pl\/index.php?rest_route=%2Fwp%2Fv2%2Ftags&post=34531"}],"curies":[{"name":"wp","href":"https:\/\/api.w.org\/{rel}","templated":true}]}}