{"id":34589,"date":"2025-12-09T11:59:48","date_gmt":"2025-12-09T10:59:48","guid":{"rendered":"https:\/\/smwroclaw.pl\/?p=34589"},"modified":"2025-12-09T11:59:48","modified_gmt":"2025-12-09T10:59:48","slug":"patrol-interwencyjny-w-dzialaniu-zatrzymanie-dwoch-sprawcow-pobicia-w-centrum-miasta","status":"publish","type":"post","link":"https:\/\/smwroclaw.pl\/?p=34589","title":{"rendered":"PATROL INTERWENCYJNY W DZIA\u0141ANIU &#8211; zatrzymanie dw\u00f3ch sprawc\u00f3w pobicia w centrum miasta"},"content":{"rendered":"<p style=\"text-align: justify;\"><span style=\"font-family: georgia, palatino, serif; font-size: 16px;\">W sobot\u0119, o godzinie 09:50, nasi stra\u017cnicy interweniowali na skrzy\u017cowaniu ulic \u0141aciarskiej i O\u0142awskiej po zg\u0142oszeniu dotycz\u0105cym pobicia m\u0142odego m\u0119\u017cczyzny. \u015awiadek zdarzenia wskaza\u0142 dw\u00f3ch nietrze\u017awych pan\u00f3w w wieku oko\u0142o 40 lat, jako sprawc\u00f3w ataku. Na widok nadchodz\u0105cego patrolu obaj zacz\u0119li oddala\u0107 si\u0119 w kierunku Rynku. Funkcjonariusze podj\u0119li po\u015bcig i zatrzymali ich w rejonie skrzy\u017cowania Rynku z ulic\u0105 \u015awidnick\u0105. M\u0119\u017cczy\u017ani nie stosowali si\u0119 do wydawanych polece\u0144, wobec czego zostali uprzedzeni o mo\u017cliwo\u015bci u\u017cycia \u015brodk\u00f3w przymusu bezpo\u015bredniego. Z uwagi na czynny i bierny op\u00f3r zastosowano \u015bpb. Na miejsce skierowano r\u00f3wnie\u017c dodatkowe patrole w celu wsparcia dzia\u0142a\u0144. Poszkodowany 26-letni m\u0119\u017cczyzna otrzyma\u0142 pomoc medyczn\u0105 udzielon\u0105 przez wezwane wcze\u015bniej Pogotowie Ratunkowe. Zesp\u00f3\u0142 ratownik\u00f3w podj\u0105\u0142 decyzj\u0119 o przewiezieniu rannego do szpitala. <!--more--><\/span><\/p>\n<p style=\"text-align: justify;\"><span style=\"font-family: georgia, palatino, serif; font-size: 16px;\">Wkr\u00f3tce na miejsce przyby\u0142 patrol r\u00f3wnie\u017c patrol Policji z KP Stare Miasto, kt\u00f3ry potwierdzi\u0142 dane zatrzymanych i uda\u0142 si\u0119 do szpitala w celu prowadzenia dalszych czynno\u015bci procesowych. Obaj sprawcy zostali przewiezieni przez stra\u017cnik\u00f3w do Wroc\u0142awskiego O\u015brodka Pomocy Osobom Nietrze\u017awym. Badania na zawarto\u015b\u0107 alkoholu w wydychanym powietrzu wykaza\u0142y:<\/span><br \/>\n<span style=\"font-family: georgia, palatino, serif; font-size: 16px;\">\u2022 u pierwszego z zatrzymanych &#8211; 1,51 mg\/l,<\/span><br \/>\n<span style=\"font-family: georgia, palatino, serif; font-size: 16px;\">\u2022 u drugiego &#8211; 1,3 mg\/l.<\/span><br \/>\n<span style=\"font-family: georgia, palatino, serif; font-size: 16px;\">Obaj m\u0119\u017cczy\u017ani zostali przyj\u0119ci do wytrze\u017awienia, a sprawa b\u0119dzie mia\u0142a dalszy bieg w kt\u00f3rym czynno\u015bci prowadzi policja.<\/span><\/p>\n<p>BD<\/p>\n","protected":false},"excerpt":{"rendered":"<p>W sobot\u0119, o godzinie 09:50, nasi stra\u017cnicy interweniowali na skrzy\u017cowaniu ulic \u0141aciarskiej i O\u0142awskiej po zg\u0142oszeniu dotycz\u0105cym pobicia m\u0142odego m\u0119\u017cczyzny. \u015awiadek zdarzenia wskaza\u0142 dw\u00f3ch nietrze\u017awych pan\u00f3w w wieku oko\u0142o 40 lat, jako sprawc\u00f3w ataku. Na widok nadchodz\u0105cego patrolu obaj zacz\u0119li oddala\u0107 si\u0119 w kierunku Rynku. Funkcjonariusze podj\u0119li po\u015bcig i zatrzymali ich w rejonie skrzy\u017cowania Rynku [&hellip;]<\/p>\n","protected":false},"author":7,"featured_media":34590,"comment_status":"closed","ping_status":"closed","sticky":false,"template":"","format":"standard","meta":{"footnotes":""},"categories":[16],"tags":[],"class_list":["post-34589","post","type-post","status-publish","format-standard","has-post-thumbnail","hentry","category-aktual"],"_links":{"self":[{"href":"https:\/\/smwroclaw.pl\/index.php?rest_route=\/wp\/v2\/posts\/34589","targetHints":{"allow":["GET"]}}],"collection":[{"href":"https:\/\/smwroclaw.pl\/index.php?rest_route=\/wp\/v2\/posts"}],"about":[{"href":"https:\/\/smwroclaw.pl\/index.php?rest_route=\/wp\/v2\/types\/post"}],"author":[{"embeddable":true,"href":"https:\/\/smwroclaw.pl\/index.php?rest_route=\/wp\/v2\/users\/7"}],"replies":[{"embeddable":true,"href":"https:\/\/smwroclaw.pl\/index.php?rest_route=%2Fwp%2Fv2%2Fcomments&post=34589"}],"version-history":[{"count":1,"href":"https:\/\/smwroclaw.pl\/index.php?rest_route=\/wp\/v2\/posts\/34589\/revisions"}],"predecessor-version":[{"id":34591,"href":"https:\/\/smwroclaw.pl\/index.php?rest_route=\/wp\/v2\/posts\/34589\/revisions\/34591"}],"wp:featuredmedia":[{"embeddable":true,"href":"https:\/\/smwroclaw.pl\/index.php?rest_route=\/wp\/v2\/media\/34590"}],"wp:attachment":[{"href":"https:\/\/smwroclaw.pl\/index.php?rest_route=%2Fwp%2Fv2%2Fmedia&parent=34589"}],"wp:term":[{"taxonomy":"category","embeddable":true,"href":"https:\/\/smwroclaw.pl\/index.php?rest_route=%2Fwp%2Fv2%2Fcategories&post=34589"},{"taxonomy":"post_tag","embeddable":true,"href":"https:\/\/smwroclaw.pl\/index.php?rest_route=%2Fwp%2Fv2%2Ftags&post=34589"}],"curies":[{"name":"wp","href":"https:\/\/api.w.org\/{rel}","templated":true}]}}