{"id":34807,"date":"2026-01-22T08:06:28","date_gmt":"2026-01-22T07:06:28","guid":{"rendered":"https:\/\/smwroclaw.pl\/?p=34807"},"modified":"2026-01-22T08:42:35","modified_gmt":"2026-01-22T07:42:35","slug":"34-final-wielkiej-orkiestry-swiatecznej-pomocy-licytacje-ruszyly","status":"publish","type":"post","link":"https:\/\/smwroclaw.pl\/?p=34807","title":{"rendered":"34. FINA\u0141 WIELKIEJ ORKIESTRY \u015aWI\u0104TECZNEJ POMOCY  &#8211; licytacje ruszy\u0142y!"},"content":{"rendered":"<p style=\"text-align: justify;\"><span style=\"font-family: georgia, palatino, serif; font-size: 16px;\">25 stycznia 2026 roku odb\u0119dzie si\u0119 <strong>34. FINA\u0141 WIELKIEJ ORKIESTRY \u015aWI\u0104TECZNEJ POMOCY<\/strong>, kt\u00f3rego motywem przewodnim jest diagnostyka i leczenie chor\u00f3b przewodu pokarmowego u najm\u0142odszych pacjent\u00f3w \u201eZdrowe brzuszki naszych dzieci\u201d. Gramy razem do ko\u0144ca \u015bwiata i jeden dzie\u0144 d\u0142u\u017cej. zapraszamy do wzi\u0119cia udzia\u0142u w naszych licytacjach na Allegro i zasileniu naszej eskarbonki \u00a0\u00a0 \u00a0\u00a0 <\/span><\/p>\n<p style=\"text-align: justify;\"><span style=\"font-family: georgia, palatino, serif; font-size: 16px;\"><a href=\"https:\/\/eskarbonka.wosp.org.pl\/wabywufaho?fbclid=IwY2xjawPepLtleHRuA2FlbQIxMABicmlkETFpTURDeTQ5N2oxeTdvdERuc3J0YwZhcHBfaWQQMjIyMDM5MTc4ODIwMDg5MgABHl8-kheY8DjXbu6AGpAnFfyvT6Di2_JknVLzw-PvqX3OSQ0t3s7gYY3wMIuD_aem_1J57unYUEo86ElDnkLtGJw\">https:\/\/eskarbonka.wosp.org.pl\/wabywufaho?fbclid=IwY2xjawPepLtleHRuA2FlbQIxMABicmlkETFpTURDeTQ5N2oxeTdvdERuc3J0YwZhcHBfaWQQMjIyMDM5MTc4ODIwMDg5MgABHl8-kheY8DjXbu6AGpAnFfyvT6Di2_JknVLzw-PvqX3OSQ0t3s7gYY3wMIuD_aem_1J57unYUEo86ElDnkLtGJw<\/a><\/span><\/p>\n<p style=\"text-align: center;\"><!--more--><\/p>\n<p style=\"text-align: center;\"><span style=\"font-family: georgia, palatino, serif; font-size: 16px;\">NASZE LICYTACJE:<\/span><br \/>\n<span style=\"font-family: georgia, palatino, serif; font-size: 16px;\">1. Dzie\u0144 z Referatem Patroli Konnych<\/span><\/p>\n<p style=\"text-align: center;\"><span style=\"font-family: georgia, palatino, serif; font-size: 16px;\"><img fetchpriority=\"high\" decoding=\"async\" class=\"size-medium wp-image-34810 aligncenter\" src=\"https:\/\/smwroclaw.pl\/wp-content\/uploads\/2026\/01\/Konie-300x212.png\" alt=\"\" width=\"300\" height=\"212\" srcset=\"https:\/\/smwroclaw.pl\/wp-content\/uploads\/2026\/01\/Konie-300x212.png 300w, https:\/\/smwroclaw.pl\/wp-content\/uploads\/2026\/01\/Konie-768x543.png 768w, https:\/\/smwroclaw.pl\/wp-content\/uploads\/2026\/01\/Konie-1536x1086.png 1536w, https:\/\/smwroclaw.pl\/wp-content\/uploads\/2026\/01\/Konie.png 2000w\" sizes=\"(max-width: 300px) 100vw, 300px\" \/><\/span><br \/>\n<span style=\"font-family: georgia, palatino, serif; font-size: 16px;\"><a href=\"https:\/\/allegro.pl\/oferta\/dzien-z-referatem-patroli-konnych-18256799417?fbclid=IwY2xjawPepNxleHRuA2FlbQIxMABicmlkETFpTURDeTQ5N2oxeTdvdERuc3J0YwZhcHBfaWQQMjIyMDM5MTc4ODIwMDg5MgABHt4omcxiIdbkZtZU7kwRQka8VcXAa9obIKWgAp-e_xu-Z67QAmJe5etI6_98_aem_FMpROf0jyEtLxcTo0FXV1w\">https:\/\/allegro.pl\/oferta\/dzien-z-referatem-patroli-konnych-18256799417?fbclid=IwY2xjawPepNxleHRuA2FlbQIxMABicmlkETFpTURDeTQ5N2oxeTdvdERuc3J0YwZhcHBfaWQQMjIyMDM5MTc4ODIwMDg5MgABHt4omcxiIdbkZtZU7kwRQka8VcXAa9obIKWgAp-e_xu-Z67QAmJe5etI6_98_aem_FMpROf0jyEtLxcTo0FXV1w<\/a><\/span><\/p>\n<p style=\"text-align: center;\"><span style=\"font-family: georgia, palatino, serif; font-size: 16px;\">2. Dzie\u0144 z Referatem Patroli Wodnych<\/span><\/p>\n<p style=\"text-align: center;\"><img decoding=\"async\" class=\"alignnone size-medium wp-image-34816\" src=\"https:\/\/smwroclaw.pl\/wp-content\/uploads\/2026\/01\/Wodniacy-300x212.png\" alt=\"\" width=\"300\" height=\"212\" srcset=\"https:\/\/smwroclaw.pl\/wp-content\/uploads\/2026\/01\/Wodniacy-300x212.png 300w, https:\/\/smwroclaw.pl\/wp-content\/uploads\/2026\/01\/Wodniacy-768x543.png 768w, https:\/\/smwroclaw.pl\/wp-content\/uploads\/2026\/01\/Wodniacy-1536x1086.png 1536w, https:\/\/smwroclaw.pl\/wp-content\/uploads\/2026\/01\/Wodniacy.png 2000w\" sizes=\"(max-width: 300px) 100vw, 300px\" \/><br \/>\n<span style=\"font-family: georgia, palatino, serif; font-size: 16px;\"><a href=\"https:\/\/allegro.pl\/oferta\/dzien-z-referatem-patroli-wodnych-18256875559?fbclid=IwY2xjawPepPZleHRuA2FlbQIxMABicmlkETFpTURDeTQ5N2oxeTdvdERuc3J0YwZhcHBfaWQQMjIyMDM5MTc4ODIwMDg5MgABHt4omcxiIdbkZtZU7kwRQka8VcXAa9obIKWgAp-e_xu-Z67QAmJe5etI6_98_aem_FMpROf0jyEtLxcTo0FXV1w\">https:\/\/allegro.pl\/oferta\/dzien-z-referatem-patroli-wodnych-18256875559?fbclid=IwY2xjawPepPZleHRuA2FlbQIxMABicmlkETFpTURDeTQ5N2oxeTdvdERuc3J0YwZhcHBfaWQQMjIyMDM5MTc4ODIwMDg5MgABHt4omcxiIdbkZtZU7kwRQka8VcXAa9obIKWgAp-e_xu-Z67QAmJe5etI6_98_aem_FMpROf0jyEtLxcTo0FXV1w<\/a><\/span><\/p>\n<p style=\"text-align: center;\"><span style=\"font-family: georgia, palatino, serif; font-size: 16px;\">3. Szkolenie z Pierwszej Pomocy &#8222;Widzisz &#8211; Reaguj &#8211; \u017bycie jest tylko jedno&#8221;<\/span><\/p>\n<p style=\"text-align: center;\"><img decoding=\"async\" class=\"alignnone size-medium wp-image-34815\" src=\"https:\/\/smwroclaw.pl\/wp-content\/uploads\/2026\/01\/Widzisz-Reaguj-Zycie-jest-tylko-jedno-300x212.jpg\" alt=\"\" width=\"300\" height=\"212\" srcset=\"https:\/\/smwroclaw.pl\/wp-content\/uploads\/2026\/01\/Widzisz-Reaguj-Zycie-jest-tylko-jedno-300x212.jpg 300w, https:\/\/smwroclaw.pl\/wp-content\/uploads\/2026\/01\/Widzisz-Reaguj-Zycie-jest-tylko-jedno-768x543.jpg 768w, https:\/\/smwroclaw.pl\/wp-content\/uploads\/2026\/01\/Widzisz-Reaguj-Zycie-jest-tylko-jedno-1536x1086.jpg 1536w, https:\/\/smwroclaw.pl\/wp-content\/uploads\/2026\/01\/Widzisz-Reaguj-Zycie-jest-tylko-jedno.jpg 1600w\" sizes=\"(max-width: 300px) 100vw, 300px\" \/><br \/>\n<span style=\"font-family: georgia, palatino, serif; font-size: 16px;\"><a href=\"https:\/\/allegro.pl\/oferta\/szkolenie-z-pierwszej-pomocy-widzisz-reaguj-zycie-jest-tylko-jedno-18256777522?fbclid=IwY2xjawPepSFleHRuA2FlbQIxMABicmlkETFpTURDeTQ5N2oxeTdvdERuc3J0YwZhcHBfaWQQMjIyMDM5MTc4ODIwMDg5MgABHqtFtWtkNnGrjeE5-9w8bYxKJh1ZYaFFFlxijClLBabuXyPUmT3X7Wd0eHNd_aem_VJGmcs0Ze407Vq2MUpmbYQ\">https:\/\/allegro.pl\/oferta\/szkolenie-z-pierwszej-pomocy-widzisz-reaguj-zycie-jest-tylko-jedno-18256777522?fbclid=IwY2xjawPepSFleHRuA2FlbQIxMABicmlkETFpTURDeTQ5N2oxeTdvdERuc3J0YwZhcHBfaWQQMjIyMDM5MTc4ODIwMDg5MgABHqtFtWtkNnGrjeE5-9w8bYxKJh1ZYaFFFlxijClLBabuXyPUmT3X7Wd0eHNd_aem_VJGmcs0Ze407Vq2MUpmbYQ<\/a><\/span><\/p>\n<p style=\"text-align: center;\"><span style=\"font-family: georgia, palatino, serif; font-size: 16px;\">4. Zwiedzanie Sali Tradycji Stra\u017cy Miejskiej Wroc\u0142awia<\/span><\/p>\n<p style=\"text-align: center;\"><img loading=\"lazy\" decoding=\"async\" class=\"alignnone size-medium wp-image-34814\" src=\"https:\/\/smwroclaw.pl\/wp-content\/uploads\/2026\/01\/Sala-Tradycji-300x212.jpg\" alt=\"\" width=\"300\" height=\"212\" srcset=\"https:\/\/smwroclaw.pl\/wp-content\/uploads\/2026\/01\/Sala-Tradycji-300x212.jpg 300w, https:\/\/smwroclaw.pl\/wp-content\/uploads\/2026\/01\/Sala-Tradycji-768x543.jpg 768w, https:\/\/smwroclaw.pl\/wp-content\/uploads\/2026\/01\/Sala-Tradycji-1536x1086.jpg 1536w, https:\/\/smwroclaw.pl\/wp-content\/uploads\/2026\/01\/Sala-Tradycji.jpg 1600w\" sizes=\"(max-width: 300px) 100vw, 300px\" \/><br \/>\n<span style=\"font-family: georgia, palatino, serif; font-size: 16px;\"><a href=\"https:\/\/allegro.pl\/oferta\/wyjatkowe-chwile-w-sali-tradycji-strazy-miejskiej-wroclawia-18256752700?fbclid=IwY2xjawPepThleHRuA2FlbQIxMABicmlkETFpTURDeTQ5N2oxeTdvdERuc3J0YwZhcHBfaWQQMjIyMDM5MTc4ODIwMDg5MgABHvc96ofd8yTSQIBiqJS4p1Pd_SamXyx7yewO-aJO-fXYKujPMSNwz-u-Lp02_aem_nFsDxFAs4YggAdssn0tyaQ\">https:\/\/allegro.pl\/oferta\/wyjatkowe-chwile-w-sali-tradycji-strazy-miejskiej-wroclawia-18256752700?fbclid=IwY2xjawPepThleHRuA2FlbQIxMABicmlkETFpTURDeTQ5N2oxeTdvdERuc3J0YwZhcHBfaWQQMjIyMDM5MTc4ODIwMDg5MgABHvc96ofd8yTSQIBiqJS4p1Pd_SamXyx7yewO-aJO-fXYKujPMSNwz-u-Lp02_aem_nFsDxFAs4YggAdssn0tyaQ<\/a><\/span><\/p>\n<p style=\"text-align: center;\"><span style=\"font-family: georgia, palatino, serif; font-size: 16px;\">5. MiniRatownik &#8211; zaj\u0119cia edukacyjne z Pierwszej Pomocy dla najm\u0142odszych<\/span><\/p>\n<p style=\"text-align: center;\"><img loading=\"lazy\" decoding=\"async\" class=\"alignnone size-medium wp-image-34808\" src=\"https:\/\/smwroclaw.pl\/wp-content\/uploads\/2026\/01\/MiniRatownik-300x212.jpg\" alt=\"\" width=\"300\" height=\"212\" srcset=\"https:\/\/smwroclaw.pl\/wp-content\/uploads\/2026\/01\/MiniRatownik-300x212.jpg 300w, https:\/\/smwroclaw.pl\/wp-content\/uploads\/2026\/01\/MiniRatownik-768x543.jpg 768w, https:\/\/smwroclaw.pl\/wp-content\/uploads\/2026\/01\/MiniRatownik-1536x1086.jpg 1536w, https:\/\/smwroclaw.pl\/wp-content\/uploads\/2026\/01\/MiniRatownik.jpg 1600w\" sizes=\"(max-width: 300px) 100vw, 300px\" \/><br \/>\n<span style=\"font-family: georgia, palatino, serif; font-size: 16px;\"><a href=\"https:\/\/allegro.pl\/oferta\/zajecia-edukacyjne-miniratownik-18256728505?fbclid=IwY2xjawPepVFleHRuA2FlbQIxMABicmlkETFpTURDeTQ5N2oxeTdvdERuc3J0YwZhcHBfaWQQMjIyMDM5MTc4ODIwMDg5MgABHialrVRh54JtL-sFIyxKKdD4_OhQHZ5Z5Zjbhj_8a567FGd0vkgJaz09MBko_aem_dk8Jeb4WbJRQNXO8305YmQ\">https:\/\/allegro.pl\/oferta\/zajecia-edukacyjne-miniratownik-18256728505?fbclid=IwY2xjawPepVFleHRuA2FlbQIxMABicmlkETFpTURDeTQ5N2oxeTdvdERuc3J0YwZhcHBfaWQQMjIyMDM5MTc4ODIwMDg5MgABHialrVRh54JtL-sFIyxKKdD4_OhQHZ5Z5Zjbhj_8a567FGd0vkgJaz09MBko_aem_dk8Jeb4WbJRQNXO8305YmQ<\/a><\/span><\/p>\n<p style=\"text-align: center;\"><span style=\"font-family: georgia, palatino, serif; font-size: 16px;\">6. Dzie\u0144 z nami &#8211; funkcjonariuszami i super sprz\u0119tem<\/span><\/p>\n<p style=\"text-align: center;\"><img loading=\"lazy\" decoding=\"async\" class=\"alignnone size-medium wp-image-34809\" src=\"https:\/\/smwroclaw.pl\/wp-content\/uploads\/2026\/01\/Dzien-ze-Straza-300x212.jpg\" alt=\"\" width=\"300\" height=\"212\" srcset=\"https:\/\/smwroclaw.pl\/wp-content\/uploads\/2026\/01\/Dzien-ze-Straza-300x212.jpg 300w, https:\/\/smwroclaw.pl\/wp-content\/uploads\/2026\/01\/Dzien-ze-Straza-768x543.jpg 768w, https:\/\/smwroclaw.pl\/wp-content\/uploads\/2026\/01\/Dzien-ze-Straza-1536x1086.jpg 1536w, https:\/\/smwroclaw.pl\/wp-content\/uploads\/2026\/01\/Dzien-ze-Straza.jpg 1600w\" sizes=\"(max-width: 300px) 100vw, 300px\" \/><br \/>\n<span style=\"font-family: georgia, palatino, serif; font-size: 16px;\"><a href=\"https:\/\/allegro.pl\/oferta\/dzien-ze-straza-miejska-wroclawia-18256601106?fbclid=IwY2xjawPepYFleHRuA2FlbQIxMABicmlkETFpTURDeTQ5N2oxeTdvdERuc3J0YwZhcHBfaWQQMjIyMDM5MTc4ODIwMDg5MgABHrvsuaCjNiwHcM6XqgyGJw8aL3dxAHAoTeavzAD3cNsemN_hF26Iha9KEYqW_aem_syfxFGZ1bXjJcl7v2E9AZQ\">https:\/\/allegro.pl\/oferta\/dzien-ze-straza-miejska-wroclawia-18256601106?fbclid=IwY2xjawPepYFleHRuA2FlbQIxMABicmlkETFpTURDeTQ5N2oxeTdvdERuc3J0YwZhcHBfaWQQMjIyMDM5MTc4ODIwMDg5MgABHrvsuaCjNiwHcM6XqgyGJw8aL3dxAHAoTeavzAD3cNsemN_hF26Iha9KEYqW_aem_syfxFGZ1bXjJcl7v2E9AZQ<\/a><\/span><\/p>\n<p style=\"text-align: center;\"><span style=\"font-family: georgia, palatino, serif; font-size: 16px;\">7. Cztery zestawy gad\u017cet\u00f3w<\/span><\/p>\n<p style=\"text-align: center;\"><span style=\"font-family: georgia, palatino, serif; font-size: 16px;\"><a href=\"https:\/\/allegro.pl\/oferta\/zestaw-nr-1-gadzetow-strazy-miejskiej-wroclawia-18253626914?fbclid=IwY2xjawPepaJleHRuA2FlbQIxMABicmlkETFpTURDeTQ5N2oxeTdvdERuc3J0YwZhcHBfaWQQMjIyMDM5MTc4ODIwMDg5MgABHi2Nswz5r0Yp1AqewPqMYo-AlTcz7RktsxYdYNs2rgZkM4EBykUeCLV_1DUo_aem_HYNKrrFfizTIbyk65cqzRA\">https:\/\/allegro.pl\/oferta\/zestaw-nr-1-gadzetow-strazy-miejskiej-wroclawia-18253626914?fbclid=IwY2xjawPepaJleHRuA2FlbQIxMABicmlkETFpTURDeTQ5N2oxeTdvdERuc3J0YwZhcHBfaWQQMjIyMDM5MTc4ODIwMDg5MgABHi2Nswz5r0Yp1AqewPqMYo-AlTcz7RktsxYdYNs2rgZkM4EBykUeCLV_1DUo_aem_HYNKrrFfizTIbyk65cqzRA<\/a><\/span><br \/>\n<span style=\"font-family: georgia, palatino, serif; font-size: 16px;\"><a href=\"https:\/\/allegro.pl\/oferta\/zestaw-nr-2-gadzetow-strazy-miejskiej-wroclawia-18253682760?fbclid=IwY2xjawPepblleHRuA2FlbQIxMABicmlkETFpTURDeTQ5N2oxeTdvdERuc3J0YwZhcHBfaWQQMjIyMDM5MTc4ODIwMDg5MgABHi2Nswz5r0Yp1AqewPqMYo-AlTcz7RktsxYdYNs2rgZkM4EBykUeCLV_1DUo_aem_HYNKrrFfizTIbyk65cqzRA\">https:\/\/allegro.pl\/oferta\/zestaw-nr-2-gadzetow-strazy-miejskiej-wroclawia-18253682760?fbclid=IwY2xjawPepblleHRuA2FlbQIxMABicmlkETFpTURDeTQ5N2oxeTdvdERuc3J0YwZhcHBfaWQQMjIyMDM5MTc4ODIwMDg5MgABHi2Nswz5r0Yp1AqewPqMYo-AlTcz7RktsxYdYNs2rgZkM4EBykUeCLV_1DUo_aem_HYNKrrFfizTIbyk65cqzRA<\/a><\/span><\/p>\n<p style=\"text-align: center;\"><span style=\"font-family: georgia, palatino, serif; font-size: 16px;\"><a href=\"https:\/\/allegro.pl\/oferta\/zestaw-nr-3-gadzetow-strazy-miejskiej-wroclawia-18253695166?fbclid=IwY2xjawPepctleHRuA2FlbQIxMABicmlkETFpTURDeTQ5N2oxeTdvdERuc3J0YwZhcHBfaWQQMjIyMDM5MTc4ODIwMDg5MgABHoF1mcpyhtb5mor4blMJYGuaSKLKpPn1F6uW6pA2gitU9MjnAPWHng-YG94b_aem_D3AW7APmuZE1gTelbxyV8Q\">https:\/\/allegro.pl\/oferta\/zestaw-nr-3-gadzetow-strazy-miejskiej-wroclawia-18253695166?fbclid=IwY2xjawPepctleHRuA2FlbQIxMABicmlkETFpTURDeTQ5N2oxeTdvdERuc3J0YwZhcHBfaWQQMjIyMDM5MTc4ODIwMDg5MgABHoF1mcpyhtb5mor4blMJYGuaSKLKpPn1F6uW6pA2gitU9MjnAPWHng-YG94b_aem_D3AW7APmuZE1gTelbxyV8Q<\/a><\/span><br \/>\n<span style=\"font-family: georgia, palatino, serif; font-size: 16px;\"><a href=\"https:\/\/allegro.pl\/oferta\/zestaw-nr-4-gadzetow-strazy-miejskiej-wroclawia-18253714914?fbclid=IwY2xjawPephBleHRuA2FlbQIxMABicmlkETFpTURDeTQ5N2oxeTdvdERuc3J0YwZhcHBfaWQQMjIyMDM5MTc4ODIwMDg5MgABHialrVRh54JtL-sFIyxKKdD4_OhQHZ5Z5Zjbhj_8a567FGd0vkgJaz09MBko_aem_dk8Jeb4WbJRQNXO8305YmQ\">https:\/\/allegro.pl\/oferta\/zestaw-nr-4-gadzetow-strazy-miejskiej-wroclawia-18253714914?fbclid=IwY2xjawPephBleHRuA2FlbQIxMABicmlkETFpTURDeTQ5N2oxeTdvdERuc3J0YwZhcHBfaWQQMjIyMDM5MTc4ODIwMDg5MgABHialrVRh54JtL-sFIyxKKdD4_OhQHZ5Z5Zjbhj_8a567FGd0vkgJaz09MBko_aem_dk8Jeb4WbJRQNXO8305YmQ<\/a><\/span><\/p>\n<p style=\"text-align: center;\"><span style=\"font-family: georgia, palatino, serif; font-size: 16px;\">8. Unikatowa pami\u0105tka nr 3 Stra\u017cy Miejskiej Wroc\u0142awia<\/span><\/p>\n<p style=\"text-align: center;\"><img loading=\"lazy\" decoding=\"async\" class=\"alignnone size-medium wp-image-34825\" src=\"https:\/\/smwroclaw.pl\/wp-content\/uploads\/2026\/01\/Emblemat-z-bialym-300x212.png\" alt=\"\" width=\"300\" height=\"212\" srcset=\"https:\/\/smwroclaw.pl\/wp-content\/uploads\/2026\/01\/Emblemat-z-bialym-300x212.png 300w, https:\/\/smwroclaw.pl\/wp-content\/uploads\/2026\/01\/Emblemat-z-bialym-768x543.png 768w, https:\/\/smwroclaw.pl\/wp-content\/uploads\/2026\/01\/Emblemat-z-bialym-1536x1086.png 1536w, https:\/\/smwroclaw.pl\/wp-content\/uploads\/2026\/01\/Emblemat-z-bialym.png 2000w\" sizes=\"(max-width: 300px) 100vw, 300px\" \/><br \/>\n<span style=\"font-family: georgia, palatino, serif; font-size: 16px;\"><a href=\"https:\/\/allegro.pl\/oferta\/unikatowa-pamiatka-nr-3-strazy-miejskiej-wroclawia-18256433169?fbclid=IwY2xjawPepjBleHRuA2FlbQIxMABicmlkETFpTURDeTQ5N2oxeTdvdERuc3J0YwZhcHBfaWQQMjIyMDM5MTc4ODIwMDg5MgABHoF1mcpyhtb5mor4blMJYGuaSKLKpPn1F6uW6pA2gitU9MjnAPWHng-YG94b_aem_D3AW7APmuZE1gTelbxyV8Q\">https:\/\/allegro.pl\/oferta\/unikatowa-pamiatka-nr-3-strazy-miejskiej-wroclawia-18256433169?fbclid=IwY2xjawPepjBleHRuA2FlbQIxMABicmlkETFpTURDeTQ5N2oxeTdvdERuc3J0YwZhcHBfaWQQMjIyMDM5MTc4ODIwMDg5MgABHoF1mcpyhtb5mor4blMJYGuaSKLKpPn1F6uW6pA2gitU9MjnAPWHng-YG94b_aem_D3AW7APmuZE1gTelbxyV8Q<\/a><\/span><\/p>\n<p style=\"text-align: center;\"><span style=\"font-family: georgia, palatino, serif; font-size: 16px;\">9. Unikatowa maskotka Krasnal Stra\u017cnik &#8211; Stra\u017cy Miejskiej Wroc\u0142awia<\/span><\/p>\n<p style=\"text-align: center;\"><img loading=\"lazy\" decoding=\"async\" class=\"alignnone size-medium wp-image-34812\" src=\"https:\/\/smwroclaw.pl\/wp-content\/uploads\/2026\/01\/Krasnal-300x212.png\" alt=\"\" width=\"300\" height=\"212\" srcset=\"https:\/\/smwroclaw.pl\/wp-content\/uploads\/2026\/01\/Krasnal-300x212.png 300w, https:\/\/smwroclaw.pl\/wp-content\/uploads\/2026\/01\/Krasnal-768x543.png 768w, https:\/\/smwroclaw.pl\/wp-content\/uploads\/2026\/01\/Krasnal-1536x1086.png 1536w, https:\/\/smwroclaw.pl\/wp-content\/uploads\/2026\/01\/Krasnal.png 2000w\" sizes=\"(max-width: 300px) 100vw, 300px\" \/><br \/>\n<span style=\"font-family: georgia, palatino, serif; font-size: 16px;\"><a href=\"https:\/\/allegro.pl\/oferta\/unikatowa-maskotka-krasnal-straznik-strazy-miejskiej-wroclawia-18253720521?fbclid=IwY2xjawPepkxleHRuA2FlbQIxMABicmlkETFpTURDeTQ5N2oxeTdvdERuc3J0YwZhcHBfaWQQMjIyMDM5MTc4ODIwMDg5MgABHi2Nswz5r0Yp1AqewPqMYo-AlTcz7RktsxYdYNs2rgZkM4EBykUeCLV_1DUo_aem_HYNKrrFfizTIbyk65cqzRA\">https:\/\/allegro.pl\/oferta\/unikatowa-maskotka-krasnal-straznik-strazy-miejskiej-wroclawia-18253720521?fbclid=IwY2xjawPepkxleHRuA2FlbQIxMABicmlkETFpTURDeTQ5N2oxeTdvdERuc3J0YwZhcHBfaWQQMjIyMDM5MTc4ODIwMDg5MgABHi2Nswz5r0Yp1AqewPqMYo-AlTcz7RktsxYdYNs2rgZkM4EBykUeCLV_1DUo_aem_HYNKrrFfizTIbyk65cqzRA<\/a><\/span><\/p>\n<p style=\"text-align: center;\"><span style=\"font-family: georgia, palatino, serif; font-size: 16px;\">10. Szcz\u0119\u015bliwa podkowa \u2013 Referat Patroli Konnych Stra\u017c Miejska Wroc\u0142awia<\/span><\/p>\n<p style=\"text-align: center;\"><img loading=\"lazy\" decoding=\"async\" class=\"alignnone size-medium wp-image-34813\" src=\"https:\/\/smwroclaw.pl\/wp-content\/uploads\/2026\/01\/Podkowa-300x212.png\" alt=\"\" width=\"300\" height=\"212\" srcset=\"https:\/\/smwroclaw.pl\/wp-content\/uploads\/2026\/01\/Podkowa-300x212.png 300w, https:\/\/smwroclaw.pl\/wp-content\/uploads\/2026\/01\/Podkowa-768x543.png 768w, https:\/\/smwroclaw.pl\/wp-content\/uploads\/2026\/01\/Podkowa-1536x1086.png 1536w, https:\/\/smwroclaw.pl\/wp-content\/uploads\/2026\/01\/Podkowa.png 2000w\" sizes=\"(max-width: 300px) 100vw, 300px\" \/><br \/>\n<span style=\"font-family: georgia, palatino, serif; font-size: 16px;\"><a href=\"https:\/\/allegro.pl\/oferta\/szczesliwa-podkowa-referat-patroli-konnych-straz-miejska-wroclawia-18253805462?fbclid=IwY2xjawPepm5leHRuA2FlbQIxMABicmlkETFpTURDeTQ5N2oxeTdvdERuc3J0YwZhcHBfaWQQMjIyMDM5MTc4ODIwMDg5MgABHl8-kheY8DjXbu6AGpAnFfyvT6Di2_JknVLzw-PvqX3OSQ0t3s7gYY3wMIuD_aem_1J57unYUEo86ElDnkLtGJw\">https:\/\/allegro.pl\/oferta\/szczesliwa-podkowa-referat-patroli-konnych-straz-miejska-wroclawia-18253805462?fbclid=IwY2xjawPepm5leHRuA2FlbQIxMABicmlkETFpTURDeTQ5N2oxeTdvdERuc3J0YwZhcHBfaWQQMjIyMDM5MTc4ODIwMDg5MgABHl8-kheY8DjXbu6AGpAnFfyvT6Di2_JknVLzw-PvqX3OSQ0t3s7gYY3wMIuD_aem_1J57unYUEo86ElDnkLtGJw<\/a><\/span><\/p>\n<p style=\"text-align: center;\"><span style=\"font-family: georgia, palatino, serif; font-size: 16px;\">11. Unikatowa pami\u0105tka nr 1 Stra\u017cy Miejskiej Wroc\u0142awia<\/span><\/p>\n<p style=\"text-align: center;\"><img loading=\"lazy\" decoding=\"async\" class=\"alignnone size-medium wp-image-34826\" src=\"https:\/\/smwroclaw.pl\/wp-content\/uploads\/2026\/01\/Emblemat-300x212.png\" alt=\"\" width=\"300\" height=\"212\" srcset=\"https:\/\/smwroclaw.pl\/wp-content\/uploads\/2026\/01\/Emblemat-300x212.png 300w, https:\/\/smwroclaw.pl\/wp-content\/uploads\/2026\/01\/Emblemat-768x543.png 768w, https:\/\/smwroclaw.pl\/wp-content\/uploads\/2026\/01\/Emblemat-1536x1086.png 1536w, https:\/\/smwroclaw.pl\/wp-content\/uploads\/2026\/01\/Emblemat.png 2000w\" sizes=\"(max-width: 300px) 100vw, 300px\" \/><br \/>\n<span style=\"font-family: georgia, palatino, serif; font-size: 16px;\"><a href=\"https:\/\/allegro.pl\/oferta\/unikatowa-pamiatka-nr-1-strazy-miejskiej-wroclawia-18253833623?fbclid=IwY2xjawPeppJleHRuA2FlbQIxMABicmlkETFpTURDeTQ5N2oxeTdvdERuc3J0YwZhcHBfaWQQMjIyMDM5MTc4ODIwMDg5MgABHqtFtWtkNnGrjeE5-9w8bYxKJh1ZYaFFFlxijClLBabuXyPUmT3X7Wd0eHNd_aem_VJGmcs0Ze407Vq2MUpmbYQ\">https:\/\/allegro.pl\/oferta\/unikatowa-pamiatka-nr-1-strazy-miejskiej-wroclawia-18253833623?fbclid=IwY2xjawPeppJleHRuA2FlbQIxMABicmlkETFpTURDeTQ5N2oxeTdvdERuc3J0YwZhcHBfaWQQMjIyMDM5MTc4ODIwMDg5MgABHqtFtWtkNnGrjeE5-9w8bYxKJh1ZYaFFFlxijClLBabuXyPUmT3X7Wd0eHNd_aem_VJGmcs0Ze407Vq2MUpmbYQ<\/a><\/span><\/p>\n<p style=\"text-align: center;\"><span style=\"font-family: georgia, palatino, serif; font-size: 16px;\">12. Unikatowa pami\u0105tka nr 2 Stra\u017cy Miejskiej Wroc\u0142awia<\/span><\/p>\n<p style=\"text-align: center;\"><img loading=\"lazy\" decoding=\"async\" class=\"alignnone size-medium wp-image-34824\" src=\"https:\/\/smwroclaw.pl\/wp-content\/uploads\/2026\/01\/Emblemat-maly-300x212.png\" alt=\"\" width=\"300\" height=\"212\" srcset=\"https:\/\/smwroclaw.pl\/wp-content\/uploads\/2026\/01\/Emblemat-maly-300x212.png 300w, https:\/\/smwroclaw.pl\/wp-content\/uploads\/2026\/01\/Emblemat-maly-768x543.png 768w, https:\/\/smwroclaw.pl\/wp-content\/uploads\/2026\/01\/Emblemat-maly-1536x1086.png 1536w, https:\/\/smwroclaw.pl\/wp-content\/uploads\/2026\/01\/Emblemat-maly.png 2000w\" sizes=\"(max-width: 300px) 100vw, 300px\" \/><br \/>\n<span style=\"font-family: georgia, palatino, serif; font-size: 16px;\"><a href=\"https:\/\/allegro.pl\/oferta\/unikatowa-pamiatka-nr-2-strazy-miejskiej-wroclawia-18253996747?fbclid=IwY2xjawPepq1leHRuA2FlbQIxMABicmlkETFpTURDeTQ5N2oxeTdvdERuc3J0YwZhcHBfaWQQMjIyMDM5MTc4ODIwMDg5MgABHvc96ofd8yTSQIBiqJS4p1Pd_SamXyx7yewO-aJO-fXYKujPMSNwz-u-Lp02_aem_nFsDxFAs4YggAdssn0tyaQ\">https:\/\/allegro.pl\/oferta\/unikatowa-pamiatka-nr-2-strazy-miejskiej-wroclawia-18253996747?fbclid=IwY2xjawPepq1leHRuA2FlbQIxMABicmlkETFpTURDeTQ5N2oxeTdvdERuc3J0YwZhcHBfaWQQMjIyMDM5MTc4ODIwMDg5MgABHvc96ofd8yTSQIBiqJS4p1Pd_SamXyx7yewO-aJO-fXYKujPMSNwz-u-Lp02_aem_nFsDxFAs4YggAdssn0tyaQ<\/a><\/span><\/p>\n<p style=\"text-align: center;\"><span style=\"font-family: georgia, palatino, serif; font-size: 16px;\">13. Unikatowa pami\u0105tka krasnal halabardnik w ramce &#8211; Stra\u017c Miejska Wroc\u0142awia<\/span><\/p>\n<p style=\"text-align: center;\"><img loading=\"lazy\" decoding=\"async\" class=\"alignnone size-medium wp-image-34811\" src=\"https:\/\/smwroclaw.pl\/wp-content\/uploads\/2026\/01\/Krasnal-w-ramce-300x212.png\" alt=\"\" width=\"300\" height=\"212\" srcset=\"https:\/\/smwroclaw.pl\/wp-content\/uploads\/2026\/01\/Krasnal-w-ramce-300x212.png 300w, https:\/\/smwroclaw.pl\/wp-content\/uploads\/2026\/01\/Krasnal-w-ramce-768x543.png 768w, https:\/\/smwroclaw.pl\/wp-content\/uploads\/2026\/01\/Krasnal-w-ramce-1536x1086.png 1536w, https:\/\/smwroclaw.pl\/wp-content\/uploads\/2026\/01\/Krasnal-w-ramce.png 2000w\" sizes=\"(max-width: 300px) 100vw, 300px\" \/><br \/>\n<span style=\"font-family: georgia, palatino, serif; font-size: 16px;\"><a href=\"https:\/\/allegro.pl\/oferta\/unikatowa-pamiatka-krasnal-halabardnik-w-ramce-straz-miejska-wroclawia-18254011955?fbclid=IwY2xjawPepsZleHRuA2FlbQIxMABicmlkETFpTURDeTQ5N2oxeTdvdERuc3J0YwZhcHBfaWQQMjIyMDM5MTc4ODIwMDg5MgABHoF1mcpyhtb5mor4blMJYGuaSKLKpPn1F6uW6pA2gitU9MjnAPWHng-YG94b_aem_D3AW7APmuZE1gTelbxyV8Q\">https:\/\/allegro.pl\/oferta\/unikatowa-pamiatka-krasnal-halabardnik-w-ramce-straz-miejska-wroclawia-18254011955?fbclid=IwY2xjawPepsZleHRuA2FlbQIxMABicmlkETFpTURDeTQ5N2oxeTdvdERuc3J0YwZhcHBfaWQQMjIyMDM5MTc4ODIwMDg5MgABHoF1mcpyhtb5mor4blMJYGuaSKLKpPn1F6uW6pA2gitU9MjnAPWHng-YG94b_aem_D3AW7APmuZE1gTelbxyV8Q<\/a><\/span><br \/>\n#pomagam2026<\/p>\n<p>BD<\/p>\n","protected":false},"excerpt":{"rendered":"<p>25 stycznia 2026 roku odb\u0119dzie si\u0119 34. FINA\u0141 WIELKIEJ ORKIESTRY \u015aWI\u0104TECZNEJ POMOCY, kt\u00f3rego motywem przewodnim jest diagnostyka i leczenie chor\u00f3b przewodu pokarmowego u najm\u0142odszych pacjent\u00f3w \u201eZdrowe brzuszki naszych dzieci\u201d. Gramy razem do ko\u0144ca \u015bwiata i jeden dzie\u0144 d\u0142u\u017cej. zapraszamy do wzi\u0119cia udzia\u0142u w naszych licytacjach na Allegro i zasileniu naszej eskarbonki \u00a0\u00a0 \u00a0\u00a0 https:\/\/eskarbonka.wosp.org.pl\/wabywufaho?fbclid=IwY2xjawPepLtleHRuA2FlbQIxMABicmlkETFpTURDeTQ5N2oxeTdvdERuc3J0YwZhcHBfaWQQMjIyMDM5MTc4ODIwMDg5MgABHl8-kheY8DjXbu6AGpAnFfyvT6Di2_JknVLzw-PvqX3OSQ0t3s7gYY3wMIuD_aem_1J57unYUEo86ElDnkLtGJw<\/p>\n","protected":false},"author":7,"featured_media":34823,"comment_status":"closed","ping_status":"closed","sticky":false,"template":"","format":"standard","meta":{"footnotes":""},"categories":[16],"tags":[],"class_list":["post-34807","post","type-post","status-publish","format-standard","has-post-thumbnail","hentry","category-aktual"],"_links":{"self":[{"href":"https:\/\/smwroclaw.pl\/index.php?rest_route=\/wp\/v2\/posts\/34807","targetHints":{"allow":["GET"]}}],"collection":[{"href":"https:\/\/smwroclaw.pl\/index.php?rest_route=\/wp\/v2\/posts"}],"about":[{"href":"https:\/\/smwroclaw.pl\/index.php?rest_route=\/wp\/v2\/types\/post"}],"author":[{"embeddable":true,"href":"https:\/\/smwroclaw.pl\/index.php?rest_route=\/wp\/v2\/users\/7"}],"replies":[{"embeddable":true,"href":"https:\/\/smwroclaw.pl\/index.php?rest_route=%2Fwp%2Fv2%2Fcomments&post=34807"}],"version-history":[{"count":6,"href":"https:\/\/smwroclaw.pl\/index.php?rest_route=\/wp\/v2\/posts\/34807\/revisions"}],"predecessor-version":[{"id":34832,"href":"https:\/\/smwroclaw.pl\/index.php?rest_route=\/wp\/v2\/posts\/34807\/revisions\/34832"}],"wp:featuredmedia":[{"embeddable":true,"href":"https:\/\/smwroclaw.pl\/index.php?rest_route=\/wp\/v2\/media\/34823"}],"wp:attachment":[{"href":"https:\/\/smwroclaw.pl\/index.php?rest_route=%2Fwp%2Fv2%2Fmedia&parent=34807"}],"wp:term":[{"taxonomy":"category","embeddable":true,"href":"https:\/\/smwroclaw.pl\/index.php?rest_route=%2Fwp%2Fv2%2Fcategories&post=34807"},{"taxonomy":"post_tag","embeddable":true,"href":"https:\/\/smwroclaw.pl\/index.php?rest_route=%2Fwp%2Fv2%2Ftags&post=34807"}],"curies":[{"name":"wp","href":"https:\/\/api.w.org\/{rel}","templated":true}]}}