{"id":34836,"date":"2026-01-23T07:52:17","date_gmt":"2026-01-23T06:52:17","guid":{"rendered":"https:\/\/smwroclaw.pl\/?p=34836"},"modified":"2026-01-23T09:38:41","modified_gmt":"2026-01-23T08:38:41","slug":"tak-nie-parkujmy-1120","status":"publish","type":"post","link":"https:\/\/smwroclaw.pl\/?p=34836","title":{"rendered":"TAK NIE PARKUJMY"},"content":{"rendered":"<p style=\"text-align: justify;\"><span style=\"font-family: georgia, palatino, serif; font-size: 16px;\"><strong>22 stycznia 2026 r. (czwartek)<\/strong> stra\u017cnicy miejscy w wyniku dzia\u0142a\u0144 prewencyjno kontrolnych, pod k\u0105tem przestrzegania przepis\u00f3w zawartych w\u00a0<strong>ustawie prawo o\u00a0ruchu drogowym<\/strong>:<\/span><br \/>\n<span style=\"font-family: georgia, palatino, serif; font-size: 16px;\">\u2022 na\u0142o\u017cyli\u00a0<strong>25<\/strong>\u00a0mandat\u00f3w na kwot\u0119\u00a0<strong>3000 z\u0142<\/strong>;<\/span><br \/>\n<span style=\"font-family: georgia, palatino, serif; font-size: 16px;\">\u2022 wydali dyspozycje odholowania\u00a0<strong>7<\/strong>\u00a0pojazd\u00f3w;<\/span><br \/>\n<span style=\"font-family: georgia, palatino, serif; font-size: 16px;\">\u2022 na ko\u0142a nieprawid\u0142owo zaparkowanych pojazd\u00f3w za\u0142o\u017cyli <strong>8<\/strong> blokad;<\/span><br \/>\n<span style=\"font-family: georgia, palatino, serif; font-size: 16px;\">\u2022 pouczyli\u00a0<strong>15<\/strong>\u00a0os\u00f3b;<\/span><br \/>\n<span style=\"font-family: georgia, palatino, serif; font-size: 16px;\">\u2022 w sprawie <strong>47\u00a0<\/strong>wykrocze\u0144 wszcz\u0119to czynno\u015bci wyja\u015bniaj\u0105ce. <\/span><\/p>\n","protected":false},"excerpt":{"rendered":"<p>22 stycznia 2026 r. (czwartek) stra\u017cnicy miejscy w wyniku dzia\u0142a\u0144 prewencyjno kontrolnych, pod k\u0105tem przestrzegania przepis\u00f3w zawartych w\u00a0ustawie prawo o\u00a0ruchu drogowym: \u2022 na\u0142o\u017cyli\u00a025\u00a0mandat\u00f3w na kwot\u0119\u00a03000 z\u0142; \u2022 wydali dyspozycje odholowania\u00a07\u00a0pojazd\u00f3w; \u2022 na ko\u0142a nieprawid\u0142owo zaparkowanych pojazd\u00f3w za\u0142o\u017cyli 8 blokad; \u2022 pouczyli\u00a015\u00a0os\u00f3b; \u2022 w sprawie 47\u00a0wykrocze\u0144 wszcz\u0119to czynno\u015bci wyja\u015bniaj\u0105ce.<\/p>\n","protected":false},"author":7,"featured_media":34851,"comment_status":"closed","ping_status":"closed","sticky":false,"template":"","format":"standard","meta":{"footnotes":""},"categories":[16],"tags":[],"class_list":["post-34836","post","type-post","status-publish","format-standard","has-post-thumbnail","hentry","category-aktual"],"_links":{"self":[{"href":"https:\/\/smwroclaw.pl\/index.php?rest_route=\/wp\/v2\/posts\/34836","targetHints":{"allow":["GET"]}}],"collection":[{"href":"https:\/\/smwroclaw.pl\/index.php?rest_route=\/wp\/v2\/posts"}],"about":[{"href":"https:\/\/smwroclaw.pl\/index.php?rest_route=\/wp\/v2\/types\/post"}],"author":[{"embeddable":true,"href":"https:\/\/smwroclaw.pl\/index.php?rest_route=\/wp\/v2\/users\/7"}],"replies":[{"embeddable":true,"href":"https:\/\/smwroclaw.pl\/index.php?rest_route=%2Fwp%2Fv2%2Fcomments&post=34836"}],"version-history":[{"count":1,"href":"https:\/\/smwroclaw.pl\/index.php?rest_route=\/wp\/v2\/posts\/34836\/revisions"}],"predecessor-version":[{"id":34840,"href":"https:\/\/smwroclaw.pl\/index.php?rest_route=\/wp\/v2\/posts\/34836\/revisions\/34840"}],"wp:featuredmedia":[{"embeddable":true,"href":"https:\/\/smwroclaw.pl\/index.php?rest_route=\/wp\/v2\/media\/34851"}],"wp:attachment":[{"href":"https:\/\/smwroclaw.pl\/index.php?rest_route=%2Fwp%2Fv2%2Fmedia&parent=34836"}],"wp:term":[{"taxonomy":"category","embeddable":true,"href":"https:\/\/smwroclaw.pl\/index.php?rest_route=%2Fwp%2Fv2%2Fcategories&post=34836"},{"taxonomy":"post_tag","embeddable":true,"href":"https:\/\/smwroclaw.pl\/index.php?rest_route=%2Fwp%2Fv2%2Ftags&post=34836"}],"curies":[{"name":"wp","href":"https:\/\/api.w.org\/{rel}","templated":true}]}}