{"id":34843,"date":"2026-01-23T09:19:02","date_gmt":"2026-01-23T08:19:02","guid":{"rendered":"https:\/\/smwroclaw.pl\/?p=34843"},"modified":"2026-01-23T09:20:15","modified_gmt":"2026-01-23T08:20:15","slug":"pomocna-dlon-w-dzialaniu-straznicy-pomogli-zagubionej-seniorce","status":"publish","type":"post","link":"https:\/\/smwroclaw.pl\/?p=34843","title":{"rendered":"POMOCNA D\u0141O\u0143\u201d W DZIA\u0141ANIU \u2013 stra\u017cnicy pomogli zagubionej seniorce"},"content":{"rendered":"<p style=\"text-align: justify;\"><span style=\"font-family: georgia, palatino, serif; font-size: 16px;\">Wczoraj, oko\u0142o godziny 13:30, na placu Franciszka\u0144skim dosz\u0142o do zdarzenia, kt\u00f3re pokazuje, jak wa\u017cna jest wra\u017cliwo\u015b\u0107 na potrzeby drugiego cz\u0142owieka. Stra\u017cnicy otrzymali od mieszka\u0144ca zg\u0142oszenie dotycz\u0105ce starszej kobiety, kt\u00f3ra wesz\u0142a do jednego z biur podr\u00f3\u017cy i nie chcia\u0142a go opu\u015bci\u0107. Pracownicy zauwa\u017cyli, \u017ce seniorka jest wyra\u017anie zagubiona i zdezorientowana. By\u0142a to kobieta, w wieku oko\u0142o 80 lat i mia\u0142a wyra\u017ane zaniki pami\u0119ci. Nie wiedzia\u0142a, gdzie si\u0119 znajduje, kontakt z ni\u0105 by\u0142 utrudniony, a dodatkowo nie posiada\u0142a odzie\u017cy wierzchniej, mimo zimowej aury. Wszystko wskazywa\u0142o na to, \u017ce potrzebuje natychmiastowej pomocy i opieki. Na miejsce skierowano funkcjonariuszy wraz z pracownikami Miejskiego O\u015brodka Pomocy Spo\u0142ecznej, kt\u00f3rzy na co dzie\u0144 wsp\u00f3lnie dzia\u0142aj\u0105 w ramach akcji \u201ePomocna d\u0142o\u0144\u201d, skierowanej do os\u00f3b w kryzysie bezdomno\u015bci, wymagaj\u0105cych wsparcia. <\/span><!--more--><\/p>\n<p style=\"text-align: justify;\"><span style=\"font-family: georgia, palatino, serif; font-size: 16px;\">Funkcjonariusze i pracownicy MOPS z ogromn\u0105 cierpliwo\u015bci\u0105 i empati\u0105 zaj\u0119li si\u0119 seniork\u0105, staraj\u0105c si\u0119 j\u0105 uspokoi\u0107 i zapewni\u0107 jej poczucie bezpiecze\u0144stwa, a jednocze\u015bnie uzyska\u0107 niezb\u0119dne informacje, kt\u00f3re umo\u017cliwi\u0142yby kontakt z jej bliskimi. O godzinie 14:45, z uwagi na zamykanie biura podr\u00f3\u017cy, kobieta zosta\u0142a przewieziona przez stra\u017cnik\u00f3w na posterunek Stra\u017cy Miejskiej w Sukiennicach. Tam kontynuowano rozmow\u0119 i ustalanie jej to\u017csamo\u015bci. Dzi\u0119ki dok\u0142adnemu rozpytaniu i sprawdzeniu danych okaza\u0142o si\u0119, \u017ce ma 84 lata, cierpi na zaniki pami\u0119ci i mieszka przy ul. Kazimierza Wielkiego wraz z c\u00f3rk\u0105, zi\u0119ciem i wnuczk\u0105. Skontaktowano si\u0119 z bliskimi i o godzinie 17:20 na posterunek przyszed\u0142 zi\u0119\u0107 kobiety, kt\u00f3remu przekazano te\u015bciow\u0105 pod opiek\u0119. Seniorka bezpiecznie wr\u00f3ci\u0142a do domu. Ze zdarzenia sporz\u0105dzono notatk\u0119, kt\u00f3ra pozwoli MOPS-owi obj\u0105\u0107 starsz\u0105 pani\u0105 odpowiedni\u0105 opiek\u0105 i pomoc\u0105.<\/span><br \/>\n<span style=\"font-family: georgia, palatino, serif; font-size: 16px;\">To zdarzenie pokazuje, \u017ce czujno\u015b\u0107 mieszka\u0144c\u00f3w i szybka reakcja s\u0142u\u017cb mog\u0105 realnie zmieni\u0107 czyje\u015b \u017cycie.<\/span><\/p>\n","protected":false},"excerpt":{"rendered":"<p>Wczoraj, oko\u0142o godziny 13:30, na placu Franciszka\u0144skim dosz\u0142o do zdarzenia, kt\u00f3re pokazuje, jak wa\u017cna jest wra\u017cliwo\u015b\u0107 na potrzeby drugiego cz\u0142owieka. Stra\u017cnicy otrzymali od mieszka\u0144ca zg\u0142oszenie dotycz\u0105ce starszej kobiety, kt\u00f3ra wesz\u0142a do jednego z biur podr\u00f3\u017cy i nie chcia\u0142a go opu\u015bci\u0107. Pracownicy zauwa\u017cyli, \u017ce seniorka jest wyra\u017anie zagubiona i zdezorientowana. By\u0142a to kobieta, w wieku oko\u0142o [&hellip;]<\/p>\n","protected":false},"author":7,"featured_media":34844,"comment_status":"closed","ping_status":"closed","sticky":false,"template":"","format":"standard","meta":{"footnotes":""},"categories":[16],"tags":[],"class_list":["post-34843","post","type-post","status-publish","format-standard","has-post-thumbnail","hentry","category-aktual"],"_links":{"self":[{"href":"https:\/\/smwroclaw.pl\/index.php?rest_route=\/wp\/v2\/posts\/34843","targetHints":{"allow":["GET"]}}],"collection":[{"href":"https:\/\/smwroclaw.pl\/index.php?rest_route=\/wp\/v2\/posts"}],"about":[{"href":"https:\/\/smwroclaw.pl\/index.php?rest_route=\/wp\/v2\/types\/post"}],"author":[{"embeddable":true,"href":"https:\/\/smwroclaw.pl\/index.php?rest_route=\/wp\/v2\/users\/7"}],"replies":[{"embeddable":true,"href":"https:\/\/smwroclaw.pl\/index.php?rest_route=%2Fwp%2Fv2%2Fcomments&post=34843"}],"version-history":[{"count":3,"href":"https:\/\/smwroclaw.pl\/index.php?rest_route=\/wp\/v2\/posts\/34843\/revisions"}],"predecessor-version":[{"id":34846,"href":"https:\/\/smwroclaw.pl\/index.php?rest_route=\/wp\/v2\/posts\/34843\/revisions\/34846"}],"wp:featuredmedia":[{"embeddable":true,"href":"https:\/\/smwroclaw.pl\/index.php?rest_route=\/wp\/v2\/media\/34844"}],"wp:attachment":[{"href":"https:\/\/smwroclaw.pl\/index.php?rest_route=%2Fwp%2Fv2%2Fmedia&parent=34843"}],"wp:term":[{"taxonomy":"category","embeddable":true,"href":"https:\/\/smwroclaw.pl\/index.php?rest_route=%2Fwp%2Fv2%2Fcategories&post=34843"},{"taxonomy":"post_tag","embeddable":true,"href":"https:\/\/smwroclaw.pl\/index.php?rest_route=%2Fwp%2Fv2%2Ftags&post=34843"}],"curies":[{"name":"wp","href":"https:\/\/api.w.org\/{rel}","templated":true}]}}