{"id":35080,"date":"2026-03-06T08:57:54","date_gmt":"2026-03-06T07:57:54","guid":{"rendered":"https:\/\/smwroclaw.pl\/?p=35080"},"modified":"2026-03-08T17:10:36","modified_gmt":"2026-03-08T16:10:36","slug":"patrol-interwencyjny-w-dzialaniu-agresywny-kierowca-ujety-po-poscigu-w-centrum-miasta","status":"publish","type":"post","link":"https:\/\/smwroclaw.pl\/?p=35080","title":{"rendered":"PATROL INTERWENCYJNY W DZIA\u0141ANIU &#8211; agresywny kierowca uj\u0119ty po po\u015bcigu w centrum miasta"},"content":{"rendered":"<p style=\"text-align: justify;\"><span style=\"font-family: georgia, palatino, serif; font-size: 16px;\">Dzi\u015b, wczesnym rankiem stra\u017cnicy z Oddzia\u0142u Patrolowo &#8211; Prewencyjnego podj\u0119li interwencj\u0119 wobec kierowcy, kt\u00f3ry nie zastosowa\u0142 si\u0119 do obowi\u0105zuj\u0105cych przepis\u00f3w ruchu drogowego i pr\u00f3bowa\u0142 oddali\u0107 si\u0119 z miejsca zdarzenia. O godzinie 4:50 funkcjonariusze pe\u0142ni\u0105cy s\u0142u\u017cb\u0119 w rejonie ulicy Kurzy Targ zauwa\u017cyli samoch\u00f3d marki BMW, kt\u00f3rego kieruj\u0105cy nie zastosowa\u0142 si\u0119 do znaku drogowego B-1 (zakaz ruchu w obu kierunkach). Stra\u017cnicy natychmiast podj\u0119li interwencj\u0119 wobec kierowcy. Podczas rozmowy z m\u0119\u017cczyzn\u0105, 31-letnim kieruj\u0105cym pojazdem, stra\u017cnicy wyczuli wyra\u017an\u0105 wo\u0144 alkoholu.<\/span><!--more--><\/p>\n<p style=\"text-align: justify;\"><span style=\"font-family: georgia, palatino, serif; font-size: 16px;\"> Kierowca zachowywa\u0142 si\u0119 przy tym bardzo agresywnie i nie stosowa\u0142 si\u0119 do wydawanych polece\u0144. W zwi\u0105zku z podejrzeniem, \u017ce mo\u017ce znajdowa\u0107 si\u0119 pod wp\u0142ywem alkoholu, na miejsce wezwano patrol Policji. W trakcie interwencji kierowca pieszo podj\u0105\u0142 pr\u00f3b\u0119 ucieczki z miejsca zdarzenia. <\/span><span style=\"font-family: georgia, palatino, serif; font-size: 16px;\">Stra\u017cnicy niezw\u0142ocznie udali si\u0119 w po\u015bcig. M\u0119\u017cczyzna zosta\u0142 uj\u0119ty kilka minut p\u00f3\u017aniej na ulicy Krawieckiej. W trakcie zatrzymania funkcjonariusze byli zmuszeni u\u017cy\u0107 \u015brodk\u00f3w przymusu bezpo\u015bredniego w postaci si\u0142y fizycznej, gazu oraz kajdanek. Uj\u0119tego m\u0119\u017cczyzn\u0119 przewieziono z powrotem na miejsce zdarzenia, gdzie oczekiwano na przyjazd patrolu Policji. <\/span><span style=\"font-family: georgia, palatino, serif;\">O godzinie 6:25 funkcjonariusze Policji przej\u0119li interwencj\u0119. Przeprowadzone badanie na zawarto\u015b\u0107 alkoholu w wydychanym powietrzu wykaza\u0142o 0,64 mg\/l. Dalsze czynno\u015bci w sprawie prowadzi Policja.<\/span><\/p>\n<p>BD<\/p>\n","protected":false},"excerpt":{"rendered":"<p>Dzi\u015b, wczesnym rankiem stra\u017cnicy z Oddzia\u0142u Patrolowo &#8211; Prewencyjnego podj\u0119li interwencj\u0119 wobec kierowcy, kt\u00f3ry nie zastosowa\u0142 si\u0119 do obowi\u0105zuj\u0105cych przepis\u00f3w ruchu drogowego i pr\u00f3bowa\u0142 oddali\u0107 si\u0119 z miejsca zdarzenia. O godzinie 4:50 funkcjonariusze pe\u0142ni\u0105cy s\u0142u\u017cb\u0119 w rejonie ulicy Kurzy Targ zauwa\u017cyli samoch\u00f3d marki BMW, kt\u00f3rego kieruj\u0105cy nie zastosowa\u0142 si\u0119 do znaku drogowego B-1 (zakaz ruchu [&hellip;]<\/p>\n","protected":false},"author":7,"featured_media":35081,"comment_status":"closed","ping_status":"closed","sticky":false,"template":"","format":"standard","meta":{"footnotes":""},"categories":[16],"tags":[],"class_list":["post-35080","post","type-post","status-publish","format-standard","has-post-thumbnail","hentry","category-aktual"],"_links":{"self":[{"href":"https:\/\/smwroclaw.pl\/index.php?rest_route=\/wp\/v2\/posts\/35080","targetHints":{"allow":["GET"]}}],"collection":[{"href":"https:\/\/smwroclaw.pl\/index.php?rest_route=\/wp\/v2\/posts"}],"about":[{"href":"https:\/\/smwroclaw.pl\/index.php?rest_route=\/wp\/v2\/types\/post"}],"author":[{"embeddable":true,"href":"https:\/\/smwroclaw.pl\/index.php?rest_route=\/wp\/v2\/users\/7"}],"replies":[{"embeddable":true,"href":"https:\/\/smwroclaw.pl\/index.php?rest_route=%2Fwp%2Fv2%2Fcomments&post=35080"}],"version-history":[{"count":4,"href":"https:\/\/smwroclaw.pl\/index.php?rest_route=\/wp\/v2\/posts\/35080\/revisions"}],"predecessor-version":[{"id":35087,"href":"https:\/\/smwroclaw.pl\/index.php?rest_route=\/wp\/v2\/posts\/35080\/revisions\/35087"}],"wp:featuredmedia":[{"embeddable":true,"href":"https:\/\/smwroclaw.pl\/index.php?rest_route=\/wp\/v2\/media\/35081"}],"wp:attachment":[{"href":"https:\/\/smwroclaw.pl\/index.php?rest_route=%2Fwp%2Fv2%2Fmedia&parent=35080"}],"wp:term":[{"taxonomy":"category","embeddable":true,"href":"https:\/\/smwroclaw.pl\/index.php?rest_route=%2Fwp%2Fv2%2Fcategories&post=35080"},{"taxonomy":"post_tag","embeddable":true,"href":"https:\/\/smwroclaw.pl\/index.php?rest_route=%2Fwp%2Fv2%2Ftags&post=35080"}],"curies":[{"name":"wp","href":"https:\/\/api.w.org\/{rel}","templated":true}]}}