{"id":3520,"date":"2018-09-14T10:26:10","date_gmt":"2018-09-14T08:26:10","guid":{"rendered":"http:\/\/smwroclaw.pl\/?p=3520"},"modified":"2018-09-14T12:22:00","modified_gmt":"2018-09-14T10:22:00","slug":"uczennice-szkoly-podstawowej-nr-71-wiedzialy-jak-udzielic-pomocy-dziekujemy-wam","status":"publish","type":"post","link":"https:\/\/smwroclaw.pl\/?p=3520","title":{"rendered":"UCZENNICE SZKO\u0141Y PODSTAWOWEJ NR 91 WIEDZIA\u0141Y JAK UDZIELI\u0106 POMOCY &#8211; DZI\u0118KUJEMY WAM !"},"content":{"rendered":"<p style=\"text-align: justify;\"><span style=\"font-family: georgia, palatino, serif; font-size: 16px;\">W \u015brod\u0119 <strong>05 wrze\u015bnia 2018 r.\u00a0<\/strong> oko\u0142o godziny <strong>15.30\u00a0<\/strong> wracaj\u0105ce ze szko\u0142y, dwie uczennice &#8211; <strong>10 letnia Maja i 11 letnia Jessika,<\/strong> zauwa\u017cy\u0142y w krzakach, bardzo blisko tor\u00f3w tramwajowych, przy ulicy <strong>Olszewskiego\/Kotsisa<\/strong> le\u017c\u0105cego starszego <strong>m\u0119\u017cczyzn\u0119\u00a0 (80 lat)<\/strong>. <strong>Mia\u0142 on problemy z poruszaniem si\u0119,\u00a0 orientacj\u0105 w terenie i pami\u0119ci\u0105.<\/strong> <\/span><!--more--><\/p>\n<p>&nbsp;<\/p>\n<p>&nbsp;<\/p>\n<p style=\"text-align: justify;\"><span style=\"font-family: georgia, palatino, serif; font-size: 16px;\">Maja zadzwoni\u0142a pod numer <strong>986 do Stra\u017cy Miejskiej Wroc\u0142awia<\/strong> i przekaza\u0142a wszystkie niezb\u0119dne informacje a nast\u0119pnie czeka\u0142a na przybycie patrolu. Na widok nadje\u017cd\u017caj\u0105cego radiowozu dziewczynki\u00a0 zacz\u0119\u0142y macha\u0107 r\u0119koma oraz wskaza\u0142y stra\u017cnikom miejsce gdzie le\u017ca\u0142 starszy cz\u0142owiek. Stra\u017cnicy przy m\u0119\u017cczy\u017anie znale\u017ali dokumenty z adresem zamieszkania. Starszy pan zosta\u0142 odwieziony do domu pod opiek\u0119 \u017cony.<\/span><\/p>\n<p style=\"text-align: justify;\"><span style=\"font-family: georgia, palatino, serif; font-size: 16px;\">W czwartek <strong>13 wrze\u015bnia 2018 r. o godzinie 09.45 w Szkole Podstawowej numer 91 przy ulicy Sempo\u0142owskiej 54<\/strong> odby\u0142 si\u0119 <strong>Uroczysty Apel &#8211; Komendant Stra\u017cy Miejskiej Wroc\u0142awia Zbigniew S\u0142ysz<\/strong> wr\u0119czy\u0142 naszym bohaterkom upominki, dzi\u0119kuj\u0105c jednocze\u015bnie za wzorow\u0105 postaw\u0119. Podkre\u015blono rol\u0119 wychowania w rodzinie i szkole, gdzie kszta\u0142towane s\u0105 prawid\u0142owe postawy m\u0142odych ludzi. Przypomniano o <strong>roli stra\u017cy miejskiej prowadz\u0105cej zaj\u0119cia dla uczni\u00f3w z temat\u00f3w bezpo\u015brednio dotycz\u0105cych realnych zagro\u017ce\u0144<\/strong>, wyst\u0119puj\u0105cych w szybko zmieniaj\u0105cej si\u0119 otaczaj\u0105cej nas rzeczywisto\u015bci (m.in. <strong>Bezpieczna droga do szko\u0142y<\/strong> &#8211; zagro\u017cenia komunikacyjne, <strong>Mini ratownik<\/strong> &#8211; nauka pierwszej pomocy, <strong>Dopalacze<\/strong> &#8211; realne zagro\u017cenie \u017cycia, <strong>Cyberprzemoc<\/strong> &#8211; nowe \u015brodki przekazu &#8211; nowe zagro\u017cenia).<\/span><\/p>\n<p>&nbsp;<\/p>\n<p><img fetchpriority=\"high\" decoding=\"async\" class=\"wp-image-3527 aligncenter\" src=\"https:\/\/smwroclaw.pl\/wp-content\/uploads\/2018\/09\/PART_1536757733767.jpeg\" alt=\"\" width=\"585\" height=\"439\" srcset=\"https:\/\/smwroclaw.pl\/wp-content\/uploads\/2018\/09\/PART_1536757733767.jpeg 1032w, https:\/\/smwroclaw.pl\/wp-content\/uploads\/2018\/09\/PART_1536757733767-300x225.jpeg 300w, https:\/\/smwroclaw.pl\/wp-content\/uploads\/2018\/09\/PART_1536757733767-768x576.jpeg 768w\" sizes=\"(max-width: 585px) 100vw, 585px\" \/><\/p>\n<p><img decoding=\"async\" class=\" wp-image-3528 aligncenter\" src=\"https:\/\/smwroclaw.pl\/wp-content\/uploads\/2018\/09\/PART_1536757739607.jpeg\" alt=\"\" width=\"592\" height=\"444\" srcset=\"https:\/\/smwroclaw.pl\/wp-content\/uploads\/2018\/09\/PART_1536757739607.jpeg 1032w, https:\/\/smwroclaw.pl\/wp-content\/uploads\/2018\/09\/PART_1536757739607-300x225.jpeg 300w, https:\/\/smwroclaw.pl\/wp-content\/uploads\/2018\/09\/PART_1536757739607-768x576.jpeg 768w\" sizes=\"(max-width: 592px) 100vw, 592px\" \/><\/p>\n<p>&nbsp;<\/p>\n<p><img decoding=\"async\" class=\"size-full wp-image-3531 aligncenter\" src=\"https:\/\/smwroclaw.pl\/wp-content\/uploads\/2018\/09\/IMG_8718-Copy.jpg\" alt=\"\" width=\"600\" height=\"600\" srcset=\"https:\/\/smwroclaw.pl\/wp-content\/uploads\/2018\/09\/IMG_8718-Copy.jpg 600w, https:\/\/smwroclaw.pl\/wp-content\/uploads\/2018\/09\/IMG_8718-Copy-300x300.jpg 300w\" sizes=\"(max-width: 600px) 100vw, 600px\" \/><\/p>\n<p><img loading=\"lazy\" decoding=\"async\" class=\"wp-image-3532 aligncenter\" src=\"https:\/\/smwroclaw.pl\/wp-content\/uploads\/2018\/09\/IMG_8742-Copy.jpg\" alt=\"\" width=\"601\" height=\"400\" srcset=\"https:\/\/smwroclaw.pl\/wp-content\/uploads\/2018\/09\/IMG_8742-Copy.jpg 800w, https:\/\/smwroclaw.pl\/wp-content\/uploads\/2018\/09\/IMG_8742-Copy-300x200.jpg 300w, https:\/\/smwroclaw.pl\/wp-content\/uploads\/2018\/09\/IMG_8742-Copy-768x512.jpg 768w\" sizes=\"(max-width: 601px) 100vw, 601px\" \/><\/p>\n<p><img loading=\"lazy\" decoding=\"async\" class=\"wp-image-3533 aligncenter\" src=\"https:\/\/smwroclaw.pl\/wp-content\/uploads\/2018\/09\/IMG_8747-Copy.jpg\" alt=\"\" width=\"609\" height=\"406\" srcset=\"https:\/\/smwroclaw.pl\/wp-content\/uploads\/2018\/09\/IMG_8747-Copy.jpg 800w, https:\/\/smwroclaw.pl\/wp-content\/uploads\/2018\/09\/IMG_8747-Copy-300x200.jpg 300w, https:\/\/smwroclaw.pl\/wp-content\/uploads\/2018\/09\/IMG_8747-Copy-768x512.jpg 768w\" sizes=\"(max-width: 609px) 100vw, 609px\" \/><\/p>\n<p><img loading=\"lazy\" decoding=\"async\" class=\" wp-image-3534 aligncenter\" src=\"https:\/\/smwroclaw.pl\/wp-content\/uploads\/2018\/09\/IMG_8771-Copy.jpg\" alt=\"\" width=\"612\" height=\"408\" srcset=\"https:\/\/smwroclaw.pl\/wp-content\/uploads\/2018\/09\/IMG_8771-Copy.jpg 800w, https:\/\/smwroclaw.pl\/wp-content\/uploads\/2018\/09\/IMG_8771-Copy-300x200.jpg 300w, https:\/\/smwroclaw.pl\/wp-content\/uploads\/2018\/09\/IMG_8771-Copy-768x512.jpg 768w\" sizes=\"(max-width: 612px) 100vw, 612px\" \/><\/p>\n<p>&nbsp;<\/p>\n<ul>\n<li><strong>RELACJA W TVP 2<\/strong><\/li>\n<\/ul>\n<p><a href=\"https:\/\/panorama.tvp.pl\/38984862\/dzielne-dziesieciolatki-z-wroclawia\">https:\/\/panorama.tvp.pl\/38984862\/dzielne-dziesieciolatki-z-wroclawia<\/a><\/p>\n<ul>\n<li><strong>RELACJA\u00a0 NA STRONIE RADIO WROC\u0141AW<\/strong><\/li>\n<\/ul>\n<p><a href=\"https:\/\/www.radiowroclaw.pl\/articles\/view\/80720\/10-letnie-uczennice-uratowaly-starszego-mezczyzne\">https:\/\/www.radiowroclaw.pl\/articles\/view\/80720\/10-letnie-uczennice-uratowaly-starszego-mezczyzne<\/a><\/p>\n<p>&nbsp;<\/p>\n<p><span style=\"font-size: 12px;\"><strong>WF<\/strong><\/span><\/p>\n","protected":false},"excerpt":{"rendered":"<p>W \u015brod\u0119 05 wrze\u015bnia 2018 r.\u00a0 oko\u0142o godziny 15.30\u00a0 wracaj\u0105ce ze szko\u0142y, dwie uczennice &#8211; 10 letnia Maja i 11 letnia Jessika, zauwa\u017cy\u0142y w krzakach, bardzo blisko tor\u00f3w tramwajowych, przy ulicy Olszewskiego\/Kotsisa le\u017c\u0105cego starszego m\u0119\u017cczyzn\u0119\u00a0 (80 lat). Mia\u0142 on problemy z poruszaniem si\u0119,\u00a0 orientacj\u0105 w terenie i pami\u0119ci\u0105.<\/p>\n","protected":false},"author":4,"featured_media":3536,"comment_status":"closed","ping_status":"closed","sticky":false,"template":"","format":"standard","meta":{"footnotes":""},"categories":[16],"tags":[],"class_list":["post-3520","post","type-post","status-publish","format-standard","has-post-thumbnail","hentry","category-aktual"],"_links":{"self":[{"href":"https:\/\/smwroclaw.pl\/index.php?rest_route=\/wp\/v2\/posts\/3520","targetHints":{"allow":["GET"]}}],"collection":[{"href":"https:\/\/smwroclaw.pl\/index.php?rest_route=\/wp\/v2\/posts"}],"about":[{"href":"https:\/\/smwroclaw.pl\/index.php?rest_route=\/wp\/v2\/types\/post"}],"author":[{"embeddable":true,"href":"https:\/\/smwroclaw.pl\/index.php?rest_route=\/wp\/v2\/users\/4"}],"replies":[{"embeddable":true,"href":"https:\/\/smwroclaw.pl\/index.php?rest_route=%2Fwp%2Fv2%2Fcomments&post=3520"}],"version-history":[{"count":14,"href":"https:\/\/smwroclaw.pl\/index.php?rest_route=\/wp\/v2\/posts\/3520\/revisions"}],"predecessor-version":[{"id":3542,"href":"https:\/\/smwroclaw.pl\/index.php?rest_route=\/wp\/v2\/posts\/3520\/revisions\/3542"}],"wp:featuredmedia":[{"embeddable":true,"href":"https:\/\/smwroclaw.pl\/index.php?rest_route=\/wp\/v2\/media\/3536"}],"wp:attachment":[{"href":"https:\/\/smwroclaw.pl\/index.php?rest_route=%2Fwp%2Fv2%2Fmedia&parent=3520"}],"wp:term":[{"taxonomy":"category","embeddable":true,"href":"https:\/\/smwroclaw.pl\/index.php?rest_route=%2Fwp%2Fv2%2Fcategories&post=3520"},{"taxonomy":"post_tag","embeddable":true,"href":"https:\/\/smwroclaw.pl\/index.php?rest_route=%2Fwp%2Fv2%2Ftags&post=3520"}],"curies":[{"name":"wp","href":"https:\/\/api.w.org\/{rel}","templated":true}]}}