{"id":3544,"date":"2018-09-14T14:04:56","date_gmt":"2018-09-14T12:04:56","guid":{"rendered":"http:\/\/smwroclaw.pl\/?p=3544"},"modified":"2018-09-17T10:29:39","modified_gmt":"2018-09-17T08:29:39","slug":"bezpieczna-droga-do-przedszkola","status":"publish","type":"post","link":"https:\/\/smwroclaw.pl\/?p=3544","title":{"rendered":"BEZPIECZNA DROGA DO PRZEDSZKOLA"},"content":{"rendered":"<p style=\"text-align: justify;\"><span style=\"font-size: 16px;\">Programy prewencyjne realizowane przez <strong>Stra\u017c Miejsk\u0105 Wroc\u0142awia<\/strong> k\u0142ad\u0105 du\u017cy nacisk na bezpiecze\u0144stwo i edukacj\u0119 dzieci w tym zakresie. Na pocz\u0105tku ka\u017cdego roku szkolnego przedszkolaki maj\u0105 okazj\u0119 pozna\u0107 drog\u0119 do przedszkola wraz ze znakami drogowymi i zasadami, kt\u00f3re obowi\u0105zuj\u0105 na drodze. W ramach takich zaj\u0119\u0107 <strong>13 wrze\u015bnia<\/strong> dzieci z <strong>Przedszkola 99<\/strong> przy <strong>ul. Inowroc\u0142awskiej<\/strong> uczestniczy\u0142y w spotkaniu z <strong>funkcjonariuszami Stra\u017cy Miejskiej: m\u0142.spec. Dorot\u0105 \u017bukowsk\u0105<\/strong> i<strong> m\u0142. spec. Adamem \u015awi\u0119cickim<\/strong>.<!--more--> Najm\u0142odsi mieli okazj\u0119 porozmawia\u0107 ze <strong>stra\u017cnikami<\/strong> o zachowaniu <strong>bezpiecze\u0144stwa w drodze<\/strong> do przedszkola i poza nim. Pani Dorota om\u00f3wi\u0142a <strong>zasady poruszania<\/strong> si\u0119 po ulicy, chodniku oraz podczas jazdy rowerem. Opowiedzia\u0142a naszym przedszkolakom jak nale\u017cy<strong> zachowa\u0107 si\u0119 podczas kontaktu z psem<\/strong>. Dzieci dowiedzia\u0142y si\u0119 r\u00f3wnie\u017c, jak\u0105 nale\u017cy przyj\u0105\u0107 pozycj\u0119 w przypadku ataku psa oraz co zrobi\u0107 spotykaj\u0105c na swojej drodze bezpa\u0144skiego czworonoga. <strong>Funkcjonariusze<\/strong> zwr\u00f3cili uwag\u0119 na niebezpiecze\u0144stwa, na jakie mog\u0105 by\u0107 nara\u017cone dzieci w kontaktach z obcymi i om\u00f3wili sposoby unikania ich. Stra\u017cnicy poruszyli te\u017c temat jak wa\u017cn\u0105 rol\u0119 pe\u0142ni\u0105<strong> elementy odblaskowe<\/strong> i, \u017ce ka\u017cde dziecko powinno je posiada\u0107. Wszystkie przedszkolaki czynnie uczestniczy\u0142y w spotkaniu, dzieli\u0142y si\u0119 swoimi spostrze\u017ceniami i do\u015bwiadczeniami oraz zadawa\u0142y bardzo du\u017co pyta\u0144. Na zako\u0144czenie wr\u0119czy\u0142y naszym funkcjonariuszom podzi\u0119kowania.<\/span><\/p>\n<p style=\"text-align: center;\"><img fetchpriority=\"high\" decoding=\"async\" class=\"alignnone size-medium wp-image-3546\" src=\"https:\/\/smwroclaw.pl\/wp-content\/uploads\/2018\/09\/DSC_0001-300x169.jpg\" alt=\"\" width=\"300\" height=\"169\" srcset=\"https:\/\/smwroclaw.pl\/wp-content\/uploads\/2018\/09\/DSC_0001-300x169.jpg 300w, https:\/\/smwroclaw.pl\/wp-content\/uploads\/2018\/09\/DSC_0001-768x432.jpg 768w, https:\/\/smwroclaw.pl\/wp-content\/uploads\/2018\/09\/DSC_0001.jpg 1600w\" sizes=\"(max-width: 300px) 100vw, 300px\" \/><\/p>\n<p style=\"text-align: center;\"><img decoding=\"async\" class=\"alignnone size-medium wp-image-3548\" src=\"https:\/\/smwroclaw.pl\/wp-content\/uploads\/2018\/09\/DSC_0008-300x169.jpg\" alt=\"\" width=\"300\" height=\"169\" srcset=\"https:\/\/smwroclaw.pl\/wp-content\/uploads\/2018\/09\/DSC_0008-300x169.jpg 300w, https:\/\/smwroclaw.pl\/wp-content\/uploads\/2018\/09\/DSC_0008-768x432.jpg 768w, https:\/\/smwroclaw.pl\/wp-content\/uploads\/2018\/09\/DSC_0008.jpg 1600w\" sizes=\"(max-width: 300px) 100vw, 300px\" \/><\/p>\n<p style=\"text-align: center;\"><img decoding=\"async\" class=\"alignnone size-full wp-image-3551\" src=\"https:\/\/smwroclaw.pl\/wp-content\/uploads\/2018\/09\/s137.superhost.pl_.jpg\" alt=\"\" width=\"240\" height=\"135\" \/><\/p>\n<p><img loading=\"lazy\" decoding=\"async\" class=\"size-medium wp-image-3549 aligncenter\" src=\"https:\/\/smwroclaw.pl\/wp-content\/uploads\/2018\/09\/DSC_0009-300x169.jpg\" alt=\"\" width=\"300\" height=\"169\" srcset=\"https:\/\/smwroclaw.pl\/wp-content\/uploads\/2018\/09\/DSC_0009-300x169.jpg 300w, https:\/\/smwroclaw.pl\/wp-content\/uploads\/2018\/09\/DSC_0009-768x432.jpg 768w\" sizes=\"(max-width: 300px) 100vw, 300px\" \/><\/p>\n<p style=\"text-align: center;\"><img loading=\"lazy\" decoding=\"async\" class=\"alignnone size-medium wp-image-3550\" src=\"https:\/\/smwroclaw.pl\/wp-content\/uploads\/2018\/09\/DSC_0010-300x169.jpg\" alt=\"\" width=\"300\" height=\"169\" srcset=\"https:\/\/smwroclaw.pl\/wp-content\/uploads\/2018\/09\/DSC_0010-300x169.jpg 300w, https:\/\/smwroclaw.pl\/wp-content\/uploads\/2018\/09\/DSC_0010-768x432.jpg 768w\" sizes=\"(max-width: 300px) 100vw, 300px\" \/><\/p>\n<p style=\"text-align: center;\"><img loading=\"lazy\" decoding=\"async\" class=\"alignnone size-medium wp-image-3547\" src=\"https:\/\/smwroclaw.pl\/wp-content\/uploads\/2018\/09\/DSC_0007-300x169.jpg\" alt=\"\" width=\"300\" height=\"169\" srcset=\"https:\/\/smwroclaw.pl\/wp-content\/uploads\/2018\/09\/DSC_0007-300x169.jpg 300w, https:\/\/smwroclaw.pl\/wp-content\/uploads\/2018\/09\/DSC_0007-768x432.jpg 768w\" sizes=\"(max-width: 300px) 100vw, 300px\" \/><\/p>\n<p><span style=\"font-size: 12px;\">Zdj\u0119cia dzi\u0119ki uprzejmo\u015bci Przedszkola 99<\/span><\/p>\n<p>BD<\/p>\n","protected":false},"excerpt":{"rendered":"<p>Programy prewencyjne realizowane przez Stra\u017c Miejsk\u0105 Wroc\u0142awia k\u0142ad\u0105 du\u017cy nacisk na bezpiecze\u0144stwo i edukacj\u0119 dzieci w tym zakresie. Na pocz\u0105tku ka\u017cdego roku szkolnego przedszkolaki maj\u0105 okazj\u0119 pozna\u0107 drog\u0119 do przedszkola wraz ze znakami drogowymi i zasadami, kt\u00f3re obowi\u0105zuj\u0105 na drodze. W ramach takich zaj\u0119\u0107 13 wrze\u015bnia dzieci z Przedszkola 99 przy ul. Inowroc\u0142awskiej uczestniczy\u0142y w [&hellip;]<\/p>\n","protected":false},"author":7,"featured_media":3548,"comment_status":"closed","ping_status":"closed","sticky":false,"template":"","format":"standard","meta":{"footnotes":""},"categories":[16,33],"tags":[],"class_list":["post-3544","post","type-post","status-publish","format-standard","has-post-thumbnail","hentry","category-aktual","category-prew"],"_links":{"self":[{"href":"https:\/\/smwroclaw.pl\/index.php?rest_route=\/wp\/v2\/posts\/3544","targetHints":{"allow":["GET"]}}],"collection":[{"href":"https:\/\/smwroclaw.pl\/index.php?rest_route=\/wp\/v2\/posts"}],"about":[{"href":"https:\/\/smwroclaw.pl\/index.php?rest_route=\/wp\/v2\/types\/post"}],"author":[{"embeddable":true,"href":"https:\/\/smwroclaw.pl\/index.php?rest_route=\/wp\/v2\/users\/7"}],"replies":[{"embeddable":true,"href":"https:\/\/smwroclaw.pl\/index.php?rest_route=%2Fwp%2Fv2%2Fcomments&post=3544"}],"version-history":[{"count":5,"href":"https:\/\/smwroclaw.pl\/index.php?rest_route=\/wp\/v2\/posts\/3544\/revisions"}],"predecessor-version":[{"id":3555,"href":"https:\/\/smwroclaw.pl\/index.php?rest_route=\/wp\/v2\/posts\/3544\/revisions\/3555"}],"wp:featuredmedia":[{"embeddable":true,"href":"https:\/\/smwroclaw.pl\/index.php?rest_route=\/wp\/v2\/media\/3548"}],"wp:attachment":[{"href":"https:\/\/smwroclaw.pl\/index.php?rest_route=%2Fwp%2Fv2%2Fmedia&parent=3544"}],"wp:term":[{"taxonomy":"category","embeddable":true,"href":"https:\/\/smwroclaw.pl\/index.php?rest_route=%2Fwp%2Fv2%2Fcategories&post=3544"},{"taxonomy":"post_tag","embeddable":true,"href":"https:\/\/smwroclaw.pl\/index.php?rest_route=%2Fwp%2Fv2%2Ftags&post=3544"}],"curies":[{"name":"wp","href":"https:\/\/api.w.org\/{rel}","templated":true}]}}