{"id":3560,"date":"2018-09-17T09:24:24","date_gmt":"2018-09-17T07:24:24","guid":{"rendered":"http:\/\/smwroclaw.pl\/?p=3560"},"modified":"2018-09-17T09:24:24","modified_gmt":"2018-09-17T07:24:24","slug":"ekopatrol-w-dzialaniu-z-notatnika-straznika-11-09-2018-r","status":"publish","type":"post","link":"https:\/\/smwroclaw.pl\/?p=3560","title":{"rendered":"EKOPATROL W DZIA\u0141ANIU &#8211; z notatnika stra\u017cnika 11.09.2018 r."},"content":{"rendered":"<p style=\"text-align: justify;\"><span style=\"font-family: georgia, palatino, serif; font-size: 16px;\">W dniu <strong>11 wrze\u015bnia 2018r.<\/strong> patrol stra\u017cnik\u00f3w miejskich z Oddzia\u0142u Ochrony \u015arodowiska podj\u0105\u0142 interwencj\u0119 przy ul. Staffa r\u00f3g ul. Czajkowskiego, gdzie na terenie zielonym nale\u017c\u0105cym zlokalizowano du\u017ce ilo\u015bci odpad\u00f3w bytowych &#8211;\u00a0 wielkogabarytowych, oraz odzie\u017cy. Stra\u017cnicy podj\u0119li czynno\u015bci w celu uprz\u0105tni\u0119cia terenu. W dniu <strong>12 wrze\u015bnia 2018r.<\/strong> teren zosta\u0142 uprz\u0105tni\u0119ty.<\/span><\/p>\n<p><!--more--><\/p>\n<p>&nbsp;<\/p>\n<p>&nbsp;<\/p>\n<p><img fetchpriority=\"high\" decoding=\"async\" class=\" wp-image-3563 aligncenter\" src=\"https:\/\/smwroclaw.pl\/wp-content\/uploads\/2018\/09\/STAFFA.jpg\" alt=\"\" width=\"564\" height=\"318\" srcset=\"https:\/\/smwroclaw.pl\/wp-content\/uploads\/2018\/09\/STAFFA.jpg 1256w, https:\/\/smwroclaw.pl\/wp-content\/uploads\/2018\/09\/STAFFA-300x169.jpg 300w, https:\/\/smwroclaw.pl\/wp-content\/uploads\/2018\/09\/STAFFA-768x432.jpg 768w\" sizes=\"(max-width: 564px) 100vw, 564px\" \/><\/p>\n<p><strong>WF<\/strong><\/p>\n","protected":false},"excerpt":{"rendered":"<p>W dniu 11 wrze\u015bnia 2018r. patrol stra\u017cnik\u00f3w miejskich z Oddzia\u0142u Ochrony \u015arodowiska podj\u0105\u0142 interwencj\u0119 przy ul. Staffa r\u00f3g ul. Czajkowskiego, gdzie na terenie zielonym nale\u017c\u0105cym zlokalizowano du\u017ce ilo\u015bci odpad\u00f3w bytowych &#8211;\u00a0 wielkogabarytowych, oraz odzie\u017cy. Stra\u017cnicy podj\u0119li czynno\u015bci w celu uprz\u0105tni\u0119cia terenu. W dniu 12 wrze\u015bnia 2018r. teren zosta\u0142 uprz\u0105tni\u0119ty.<\/p>\n","protected":false},"author":4,"featured_media":3563,"comment_status":"closed","ping_status":"closed","sticky":false,"template":"","format":"standard","meta":{"footnotes":""},"categories":[16],"tags":[],"class_list":["post-3560","post","type-post","status-publish","format-standard","has-post-thumbnail","hentry","category-aktual"],"_links":{"self":[{"href":"https:\/\/smwroclaw.pl\/index.php?rest_route=\/wp\/v2\/posts\/3560","targetHints":{"allow":["GET"]}}],"collection":[{"href":"https:\/\/smwroclaw.pl\/index.php?rest_route=\/wp\/v2\/posts"}],"about":[{"href":"https:\/\/smwroclaw.pl\/index.php?rest_route=\/wp\/v2\/types\/post"}],"author":[{"embeddable":true,"href":"https:\/\/smwroclaw.pl\/index.php?rest_route=\/wp\/v2\/users\/4"}],"replies":[{"embeddable":true,"href":"https:\/\/smwroclaw.pl\/index.php?rest_route=%2Fwp%2Fv2%2Fcomments&post=3560"}],"version-history":[{"count":3,"href":"https:\/\/smwroclaw.pl\/index.php?rest_route=\/wp\/v2\/posts\/3560\/revisions"}],"predecessor-version":[{"id":3564,"href":"https:\/\/smwroclaw.pl\/index.php?rest_route=\/wp\/v2\/posts\/3560\/revisions\/3564"}],"wp:featuredmedia":[{"embeddable":true,"href":"https:\/\/smwroclaw.pl\/index.php?rest_route=\/wp\/v2\/media\/3563"}],"wp:attachment":[{"href":"https:\/\/smwroclaw.pl\/index.php?rest_route=%2Fwp%2Fv2%2Fmedia&parent=3560"}],"wp:term":[{"taxonomy":"category","embeddable":true,"href":"https:\/\/smwroclaw.pl\/index.php?rest_route=%2Fwp%2Fv2%2Fcategories&post=3560"},{"taxonomy":"post_tag","embeddable":true,"href":"https:\/\/smwroclaw.pl\/index.php?rest_route=%2Fwp%2Fv2%2Ftags&post=3560"}],"curies":[{"name":"wp","href":"https:\/\/api.w.org\/{rel}","templated":true}]}}