{"id":3573,"date":"2018-09-17T13:06:54","date_gmt":"2018-09-17T11:06:54","guid":{"rendered":"http:\/\/smwroclaw.pl\/?p=3573"},"modified":"2018-09-17T14:48:22","modified_gmt":"2018-09-17T12:48:22","slug":"dni-seniora","status":"publish","type":"post","link":"https:\/\/smwroclaw.pl\/?p=3573","title":{"rendered":"DNI SENIORA"},"content":{"rendered":"<p style=\"text-align: justify;\"><span style=\"font-size: 16px;\">14.09.2018 r. rozpocz\u0119\u0142y si\u0119 \u201e<strong>Dni Seniora<\/strong>\u201d. Korow\u00f3d senior\u00f3w z Dolnego \u015al\u0105ska w pi\u0119knych kapeluszach, uczni\u00f3w wroc\u0142awskich szk\u00f3\u0142 przy d\u017awi\u0119kach orkiestry Komendy Wojew\u00f3dzkiej Policji oraz asy\u015bcie <strong>Patroli Konnych Stra\u017cy Miejskiej<\/strong> wyruszy\u0142 z pl. Nowy Targ do Rynku. Podczas uroczystego otwarcia na scenie, w imieniu prezydenta miasta Rafa\u0142a Dudkiewicza,\u00a0 przywita\u0142 wszystkich zgromadzonych &#8211; dyrektor departamentu spraw spo\u0142ecznych<strong> Jacek Sutry<\/strong>k. K<strong>r\u00f3lowi i Kr\u00f3lowej Senior\u00f3w<\/strong> przekaza\u0142<strong> symboliczny klucz do bram miasta<\/strong>. Ca\u0142o\u015b\u0107 uroczysto\u015bci zako\u0144czy\u0142 koncert zespo\u0142u Czerwonych Gitar. <\/span><\/p>\n<p><span style=\"font-size: 16px;\"><!--more--><\/span><\/p>\n<p>&nbsp;<\/p>\n<p>&nbsp;<\/p>\n<p><span style=\"font-size: 16px;\"><img fetchpriority=\"high\" decoding=\"async\" class=\"alignnone size-medium wp-image-3577\" src=\"https:\/\/smwroclaw.pl\/wp-content\/uploads\/2018\/09\/DSCN0937-300x260.jpg\" alt=\"\" width=\"300\" height=\"260\" srcset=\"https:\/\/smwroclaw.pl\/wp-content\/uploads\/2018\/09\/DSCN0937-300x260.jpg 300w, https:\/\/smwroclaw.pl\/wp-content\/uploads\/2018\/09\/DSCN0937.jpg 640w\" sizes=\"(max-width: 300px) 100vw, 300px\" \/><img decoding=\"async\" class=\"alignnone wp-image-3578\" src=\"https:\/\/smwroclaw.pl\/wp-content\/uploads\/2018\/09\/DSCN0966-300x300.jpg\" alt=\"\" width=\"261\" height=\"261\" srcset=\"https:\/\/smwroclaw.pl\/wp-content\/uploads\/2018\/09\/DSCN0966-300x300.jpg 300w, https:\/\/smwroclaw.pl\/wp-content\/uploads\/2018\/09\/DSCN0966.jpg 640w\" sizes=\"(max-width: 261px) 100vw, 261px\" \/><img decoding=\"async\" class=\"alignnone wp-image-3581\" src=\"https:\/\/smwroclaw.pl\/wp-content\/uploads\/2018\/09\/DSCN0999-300x225.jpg\" alt=\"\" width=\"314\" height=\"235\" srcset=\"https:\/\/smwroclaw.pl\/wp-content\/uploads\/2018\/09\/DSCN0999-300x225.jpg 300w, https:\/\/smwroclaw.pl\/wp-content\/uploads\/2018\/09\/DSCN0999.jpg 640w\" sizes=\"(max-width: 314px) 100vw, 314px\" \/><\/span><\/p>\n<p><span style=\"font-size: 16px;\">\u00a0 <img loading=\"lazy\" decoding=\"async\" class=\"alignnone size-medium wp-image-3580\" src=\"https:\/\/smwroclaw.pl\/wp-content\/uploads\/2018\/09\/DSCN0988-300x237.jpg\" alt=\"\" width=\"300\" height=\"237\" srcset=\"https:\/\/smwroclaw.pl\/wp-content\/uploads\/2018\/09\/DSCN0988-300x237.jpg 300w, https:\/\/smwroclaw.pl\/wp-content\/uploads\/2018\/09\/DSCN0988.jpg 640w\" sizes=\"(max-width: 300px) 100vw, 300px\" \/><img loading=\"lazy\" decoding=\"async\" class=\"alignnone wp-image-3586\" src=\"https:\/\/smwroclaw.pl\/wp-content\/uploads\/2018\/09\/DSCN1024-225x300.jpg\" alt=\"\" width=\"220\" height=\"293\" srcset=\"https:\/\/smwroclaw.pl\/wp-content\/uploads\/2018\/09\/DSCN1024-225x300.jpg 225w, https:\/\/smwroclaw.pl\/wp-content\/uploads\/2018\/09\/DSCN1024.jpg 480w\" sizes=\"(max-width: 220px) 100vw, 220px\" \/><img loading=\"lazy\" decoding=\"async\" class=\"alignnone wp-image-3582\" src=\"https:\/\/smwroclaw.pl\/wp-content\/uploads\/2018\/09\/DSCN1004-300x300.jpg\" alt=\"\" width=\"239\" height=\"239\" srcset=\"https:\/\/smwroclaw.pl\/wp-content\/uploads\/2018\/09\/DSCN1004-300x300.jpg 300w, https:\/\/smwroclaw.pl\/wp-content\/uploads\/2018\/09\/DSCN1004.jpg 640w\" sizes=\"(max-width: 239px) 100vw, 239px\" \/><img loading=\"lazy\" decoding=\"async\" class=\"alignnone wp-image-3576\" src=\"https:\/\/smwroclaw.pl\/wp-content\/uploads\/2018\/09\/DSCN0900-300x211.jpg\" alt=\"\" width=\"336\" height=\"236\" srcset=\"https:\/\/smwroclaw.pl\/wp-content\/uploads\/2018\/09\/DSCN0900-300x211.jpg 300w, https:\/\/smwroclaw.pl\/wp-content\/uploads\/2018\/09\/DSCN0900.jpg 640w\" sizes=\"(max-width: 336px) 100vw, 336px\" \/><img loading=\"lazy\" decoding=\"async\" class=\"alignnone wp-image-3579\" src=\"https:\/\/smwroclaw.pl\/wp-content\/uploads\/2018\/09\/DSCN0985-300x225.jpg\" alt=\"\" width=\"319\" height=\"239\" srcset=\"https:\/\/smwroclaw.pl\/wp-content\/uploads\/2018\/09\/DSCN0985-300x225.jpg 300w, https:\/\/smwroclaw.pl\/wp-content\/uploads\/2018\/09\/DSCN0985.jpg 640w\" sizes=\"(max-width: 319px) 100vw, 319px\" \/>\u00a0\u00a0\u00a0\u00a0\u00a0\u00a0 <img loading=\"lazy\" decoding=\"async\" class=\"alignnone size-medium wp-image-3575\" src=\"https:\/\/smwroclaw.pl\/wp-content\/uploads\/2018\/09\/DSCN0891-294x300.jpg\" alt=\"\" width=\"294\" height=\"300\" srcset=\"https:\/\/smwroclaw.pl\/wp-content\/uploads\/2018\/09\/DSCN0891-294x300.jpg 294w, https:\/\/smwroclaw.pl\/wp-content\/uploads\/2018\/09\/DSCN0891.jpg 628w\" sizes=\"(max-width: 294px) 100vw, 294px\" \/> <img loading=\"lazy\" decoding=\"async\" class=\"alignnone wp-image-3585\" src=\"https:\/\/smwroclaw.pl\/wp-content\/uploads\/2018\/09\/DSCN1014-300x279.jpg\" alt=\"\" width=\"292\" height=\"271\" srcset=\"https:\/\/smwroclaw.pl\/wp-content\/uploads\/2018\/09\/DSCN1014-300x279.jpg 300w, https:\/\/smwroclaw.pl\/wp-content\/uploads\/2018\/09\/DSCN1014.jpg 640w\" sizes=\"(max-width: 292px) 100vw, 292px\" \/><img loading=\"lazy\" decoding=\"async\" class=\"alignnone wp-image-3574\" src=\"https:\/\/smwroclaw.pl\/wp-content\/uploads\/2018\/09\/DSCN0872-276x300.jpg\" alt=\"\" width=\"250\" height=\"272\" srcset=\"https:\/\/smwroclaw.pl\/wp-content\/uploads\/2018\/09\/DSCN0872-276x300.jpg 276w, https:\/\/smwroclaw.pl\/wp-content\/uploads\/2018\/09\/DSCN0872.jpg 588w\" sizes=\"(max-width: 250px) 100vw, 250px\" \/><img loading=\"lazy\" decoding=\"async\" class=\"alignnone size-medium wp-image-3588\" src=\"https:\/\/smwroclaw.pl\/wp-content\/uploads\/2018\/09\/DSCN1056-300x273.jpg\" alt=\"\" width=\"300\" height=\"273\" srcset=\"https:\/\/smwroclaw.pl\/wp-content\/uploads\/2018\/09\/DSCN1056-300x273.jpg 300w, https:\/\/smwroclaw.pl\/wp-content\/uploads\/2018\/09\/DSCN1056.jpg 640w\" sizes=\"(max-width: 300px) 100vw, 300px\" \/><img loading=\"lazy\" decoding=\"async\" class=\"alignnone size-medium wp-image-3584\" src=\"https:\/\/smwroclaw.pl\/wp-content\/uploads\/2018\/09\/DSCN1011-300x225.jpg\" alt=\"\" width=\"300\" height=\"225\" srcset=\"https:\/\/smwroclaw.pl\/wp-content\/uploads\/2018\/09\/DSCN1011-300x225.jpg 300w, https:\/\/smwroclaw.pl\/wp-content\/uploads\/2018\/09\/DSCN1011.jpg 640w\" sizes=\"(max-width: 300px) 100vw, 300px\" \/>\u00a0\u00a0 <img loading=\"lazy\" decoding=\"async\" class=\"alignnone size-medium wp-image-3587\" src=\"https:\/\/smwroclaw.pl\/wp-content\/uploads\/2018\/09\/DSCN1049-300x213.jpg\" alt=\"\" width=\"300\" height=\"213\" srcset=\"https:\/\/smwroclaw.pl\/wp-content\/uploads\/2018\/09\/DSCN1049-300x213.jpg 300w, https:\/\/smwroclaw.pl\/wp-content\/uploads\/2018\/09\/DSCN1049.jpg 640w\" sizes=\"(max-width: 300px) 100vw, 300px\" \/> <\/span><\/p>\n<p>Fot. Pawe\u0142 Gr\u0105bczewski<\/p>\n<p>SN<\/p>\n","protected":false},"excerpt":{"rendered":"<p>14.09.2018 r. rozpocz\u0119\u0142y si\u0119 \u201eDni Seniora\u201d. Korow\u00f3d senior\u00f3w z Dolnego \u015al\u0105ska w pi\u0119knych kapeluszach, uczni\u00f3w wroc\u0142awskich szk\u00f3\u0142 przy d\u017awi\u0119kach orkiestry Komendy Wojew\u00f3dzkiej Policji oraz asy\u015bcie Patroli Konnych Stra\u017cy Miejskiej wyruszy\u0142 z pl. Nowy Targ do Rynku. Podczas uroczystego otwarcia na scenie, w imieniu prezydenta miasta Rafa\u0142a Dudkiewicza,\u00a0 przywita\u0142 wszystkich zgromadzonych &#8211; dyrektor departamentu spraw spo\u0142ecznych [&hellip;]<\/p>\n","protected":false},"author":3,"featured_media":3588,"comment_status":"closed","ping_status":"closed","sticky":false,"template":"","format":"standard","meta":{"footnotes":""},"categories":[16,33],"tags":[],"class_list":["post-3573","post","type-post","status-publish","format-standard","has-post-thumbnail","hentry","category-aktual","category-prew"],"_links":{"self":[{"href":"https:\/\/smwroclaw.pl\/index.php?rest_route=\/wp\/v2\/posts\/3573","targetHints":{"allow":["GET"]}}],"collection":[{"href":"https:\/\/smwroclaw.pl\/index.php?rest_route=\/wp\/v2\/posts"}],"about":[{"href":"https:\/\/smwroclaw.pl\/index.php?rest_route=\/wp\/v2\/types\/post"}],"author":[{"embeddable":true,"href":"https:\/\/smwroclaw.pl\/index.php?rest_route=\/wp\/v2\/users\/3"}],"replies":[{"embeddable":true,"href":"https:\/\/smwroclaw.pl\/index.php?rest_route=%2Fwp%2Fv2%2Fcomments&post=3573"}],"version-history":[{"count":11,"href":"https:\/\/smwroclaw.pl\/index.php?rest_route=\/wp\/v2\/posts\/3573\/revisions"}],"predecessor-version":[{"id":3599,"href":"https:\/\/smwroclaw.pl\/index.php?rest_route=\/wp\/v2\/posts\/3573\/revisions\/3599"}],"wp:featuredmedia":[{"embeddable":true,"href":"https:\/\/smwroclaw.pl\/index.php?rest_route=\/wp\/v2\/media\/3588"}],"wp:attachment":[{"href":"https:\/\/smwroclaw.pl\/index.php?rest_route=%2Fwp%2Fv2%2Fmedia&parent=3573"}],"wp:term":[{"taxonomy":"category","embeddable":true,"href":"https:\/\/smwroclaw.pl\/index.php?rest_route=%2Fwp%2Fv2%2Fcategories&post=3573"},{"taxonomy":"post_tag","embeddable":true,"href":"https:\/\/smwroclaw.pl\/index.php?rest_route=%2Fwp%2Fv2%2Ftags&post=3573"}],"curies":[{"name":"wp","href":"https:\/\/api.w.org\/{rel}","templated":true}]}}