{"id":35776,"date":"2026-08-31T14:40:23","date_gmt":"2026-08-31T12:40:23","guid":{"rendered":"https:\/\/smwroclaw.pl\/?p=35776"},"modified":"2026-08-31T14:41:51","modified_gmt":"2026-08-31T12:41:51","slug":"dzien-strazy-miejskiej-i-gminnej-wspolnie-dla-bezpieczenstwa-mieszkancow","status":"publish","type":"post","link":"https:\/\/smwroclaw.pl\/?p=35776","title":{"rendered":"DZIE\u0143 STRA\u017bY MIEJSKIEJ I GMINNEJ &#8211; wsp\u00f3lnie dla bezpiecze\u0144stwa mieszka\u0144c\u00f3w"},"content":{"rendered":"<p style=\"text-align: justify;\"><span style=\"font-family: georgia, palatino, serif; font-size: 16px;\">W pi\u0105tek, 28 sierpnia, w wyj\u0105tkowej i pe\u0142nej symboliki scenerii wroc\u0142awskiego Ratusza odby\u0142y si\u0119 uroczyste obchody Dnia Stra\u017cy Miejskiej i Gminnej oraz XXXV-lecia Stra\u017cy Miejskiej Wroc\u0142awia.<\/span><br \/>\n<span style=\"font-family: georgia, palatino, serif; font-size: 16px;\">W uroczysto\u015bci udzia\u0142 wzi\u0119li Prezydent Wroc\u0142awia Jacek Sutryk, jego Zast\u0119pcy: Grzegorz Roman i Ryszard Kessler, Przewodnicz\u0105ca Rady Miejskiej Wroc\u0142awia Agnieszka Rybczak oraz Radny Rady Miejskiej Wroc\u0142awia Robert Leszczy\u0144ski. Ich obecno\u015b\u0107 by\u0142a wyrazem uznania dla codziennej s\u0142u\u017cby funkcjonariuszy oraz znaczenia naszej formacji w systemie bezpiecze\u0144stwa miasta. <\/span><span style=\"font-family: georgia, palatino, serif; font-size: 16px;\">By\u0142a to szczeg\u00f3lna okazja, aby zatrzyma\u0107 si\u0119 na chwil\u0119, spojrze\u0107 na 35 lat historii naszej formacji i przede wszystkim podzi\u0119kowa\u0107 tym, kt\u00f3rzy ka\u017cdego dnia, cz\u0119sto z dala od kamer i blasku reflektor\u00f3w, s\u0142u\u017c\u0105 mieszka\u0144com Wroc\u0142awia.<\/span><!--more--><\/p>\n<p style=\"text-align: justify;\"><span style=\"font-family: georgia, palatino, serif; font-size: 16px;\">Podczas uroczystego apelu wr\u0119czono medale za d\u0142ugoletni\u0105 s\u0142u\u017cb\u0119 i prac\u0119 na rzecz spo\u0142eczno\u015bci lokalnej. <\/span><span style=\"font-family: georgia, palatino, serif; font-size: 16px;\">XX, XXV i XXX lat s\u0142u\u017cby to wyj\u0105tkowe wyr\u00f3\u017cnienia, b\u0119d\u0105ce symbolem do\u015bwiadczenia, wytrwa\u0142o\u015bci i lat pracy po\u015bwi\u0119conych mieszka\u0144com naszego miasta. <\/span><span style=\"font-family: georgia, palatino, serif; font-size: 16px;\">Wa\u017cnym elementem uroczysto\u015bci by\u0142o r\u00f3wnie\u017c wr\u0119czenie awans\u00f3w na wy\u017csze stanowiska s\u0142u\u017cbowe. <\/span><span style=\"font-family: georgia, palatino, serif; font-size: 16px;\">Szczeg\u00f3lne miejsce podczas jubileuszowych obchod\u00f3w zaj\u0119li stra\u017cnicy z Referatu Patroli Konnych, kt\u00f3rzy w tym roku \u015bwi\u0119tuj\u0105 XXX-lecie utworzenia tej wyj\u0105tkowej grupy. Trzy dekady obecno\u015bci konnych patroli na ulicach Wroc\u0142awia to historia ludzi, koni, wsp\u00f3lnych do\u015bwiadcze\u0144 i wielu pokole\u0144 stra\u017cnik\u00f3w, kt\u00f3rzy tworzyli i rozwijali t\u0119 niezwyk\u0142\u0105 form\u0119 s\u0142u\u017cby. <\/span><span style=\"font-family: georgia, palatino, serif; font-size: 16px;\">Jubileusz XXXV-lecia Stra\u017cy Miejskiej Wroc\u0142awia to jednak przede wszystkim \u015bwi\u0119to ludzi, kt\u00f3rzy tworzyli formacj\u0119 od pocz\u0105tku jej istnienia, oraz tych, kt\u00f3rzy do\u0142\u0105czaj\u0105 do niej dzi\u015b. To wsp\u00f3lna historia, do\u015bwiadczenie i codzienna praca na rzecz bezpiecze\u0144stwa, porz\u0105dku i dobra mieszka\u0144c\u00f3w. <\/span><span style=\"font-family: georgia, palatino, serif; font-size: 16px;\">Podczas uroczysto\u015bci nie zabrak\u0142o s\u0142\u00f3w uznania, podzi\u0119kowa\u0144 i gratulacji. By\u0142 to dzie\u0144, w kt\u00f3rym szczeg\u00f3lnie mocno wybrzmia\u0142o, \u017ce za mundurem stoj\u0105 konkretni ludzie, ich wiedza, odpowiedzialno\u015b\u0107, empatia, odwaga i gotowo\u015b\u0107 do niesienia pomocy.<\/span><br \/>\n<span style=\"font-family: georgia, palatino, serif; font-size: 16px;\">Dzi\u0119kujemy wszystkim funkcjonariuszom i pracownikom Stra\u017cy Miejskiej Wroc\u0142awia, obecnym i by\u0142ym, za ich wk\u0142ad w tworzenie tej historii.<\/span><br \/>\n<span style=\"font-family: georgia, palatino, serif; font-size: 16px;\">Gratulujemy wszystkim odznaczonym, awansowanym i wyr\u00f3\u017cnionym. \u017byczymy kolejnych lat pe\u0142nych satysfakcji, poczucia dobrze spe\u0142nionej s\u0142u\u017cby i niezmiennej gotowo\u015bci do dzia\u0142ania na rzecz Wroc\u0142awia i jego mieszka\u0144c\u00f3w.<\/span><br \/>\n<span style=\"font-family: georgia, palatino, serif; font-size: 16px;\">35 lat za nami. Przed nami kolejne lata s\u0142u\u017cby dla wroc\u0142awskiej spo\u0142eczno\u015bci.<\/span><\/p>\n<p>BD<\/p>\n<p>Zdj\u0119cia: Wiktoria Palamar i Krzysztof Porawski<\/p>\n\n\t\t<style type=\"text\/css\">\n\t\t\t#gallery-1 {\n\t\t\t\tmargin: auto;\n\t\t\t}\n\t\t\t#gallery-1 .gallery-item {\n\t\t\t\tfloat: left;\n\t\t\t\tmargin-top: 10px;\n\t\t\t\ttext-align: center;\n\t\t\t\twidth: 33%;\n\t\t\t}\n\t\t\t#gallery-1 img {\n\t\t\t\tborder: 2px solid #cfcfcf;\n\t\t\t}\n\t\t\t#gallery-1 .gallery-caption {\n\t\t\t\tmargin-left: 0;\n\t\t\t}\n\t\t\t\/* see gallery_shortcode() in wp-includes\/media.php *\/\n\t\t<\/style>\n\t\t<div id='gallery-1' class='gallery galleryid-35776 gallery-columns-3 gallery-size-thumbnail'><dl class='gallery-item'>\n\t\t\t<dt class='gallery-icon landscape'>\n\t\t\t\t<a href='https:\/\/smwroclaw.pl\/?attachment_id=35777'><img fetchpriority=\"high\" decoding=\"async\" width=\"360\" height=\"260\" src=\"https:\/\/smwroclaw.pl\/wp-content\/uploads\/2026\/08\/1-360x260.jpg\" class=\"attachment-thumbnail size-thumbnail\" alt=\"\" \/><\/a>\n\t\t\t<\/dt><\/dl><dl class='gallery-item'>\n\t\t\t<dt class='gallery-icon landscape'>\n\t\t\t\t<a href='https:\/\/smwroclaw.pl\/?attachment_id=35778'><img decoding=\"async\" width=\"360\" height=\"260\" src=\"https:\/\/smwroclaw.pl\/wp-content\/uploads\/2026\/08\/2-360x260.jpg\" class=\"attachment-thumbnail size-thumbnail\" alt=\"\" \/><\/a>\n\t\t\t<\/dt><\/dl><dl class='gallery-item'>\n\t\t\t<dt class='gallery-icon landscape'>\n\t\t\t\t<a href='https:\/\/smwroclaw.pl\/?attachment_id=35779'><img decoding=\"async\" width=\"360\" height=\"260\" src=\"https:\/\/smwroclaw.pl\/wp-content\/uploads\/2026\/08\/3-360x260.jpg\" class=\"attachment-thumbnail size-thumbnail\" alt=\"\" \/><\/a>\n\t\t\t<\/dt><\/dl><br style=\"clear: both\" \/><dl class='gallery-item'>\n\t\t\t<dt class='gallery-icon landscape'>\n\t\t\t\t<a href='https:\/\/smwroclaw.pl\/?attachment_id=35780'><img loading=\"lazy\" decoding=\"async\" width=\"360\" height=\"260\" src=\"https:\/\/smwroclaw.pl\/wp-content\/uploads\/2026\/08\/4-360x260.jpg\" class=\"attachment-thumbnail size-thumbnail\" alt=\"\" \/><\/a>\n\t\t\t<\/dt><\/dl><dl class='gallery-item'>\n\t\t\t<dt class='gallery-icon landscape'>\n\t\t\t\t<a href='https:\/\/smwroclaw.pl\/?attachment_id=35781'><img loading=\"lazy\" decoding=\"async\" width=\"360\" height=\"260\" src=\"https:\/\/smwroclaw.pl\/wp-content\/uploads\/2026\/08\/5-360x260.jpg\" class=\"attachment-thumbnail size-thumbnail\" alt=\"\" \/><\/a>\n\t\t\t<\/dt><\/dl><dl class='gallery-item'>\n\t\t\t<dt class='gallery-icon landscape'>\n\t\t\t\t<a href='https:\/\/smwroclaw.pl\/?attachment_id=35782'><img loading=\"lazy\" decoding=\"async\" width=\"360\" height=\"260\" src=\"https:\/\/smwroclaw.pl\/wp-content\/uploads\/2026\/08\/6-360x260.jpg\" class=\"attachment-thumbnail size-thumbnail\" alt=\"\" \/><\/a>\n\t\t\t<\/dt><\/dl><br style=\"clear: both\" \/><dl class='gallery-item'>\n\t\t\t<dt class='gallery-icon portrait'>\n\t\t\t\t<a href='https:\/\/smwroclaw.pl\/?attachment_id=35783'><img loading=\"lazy\" decoding=\"async\" width=\"360\" height=\"260\" src=\"https:\/\/smwroclaw.pl\/wp-content\/uploads\/2026\/08\/7-360x260.jpg\" class=\"attachment-thumbnail size-thumbnail\" alt=\"\" \/><\/a>\n\t\t\t<\/dt><\/dl><dl class='gallery-item'>\n\t\t\t<dt class='gallery-icon landscape'>\n\t\t\t\t<a href='https:\/\/smwroclaw.pl\/?attachment_id=35784'><img loading=\"lazy\" decoding=\"async\" width=\"360\" height=\"260\" src=\"https:\/\/smwroclaw.pl\/wp-content\/uploads\/2026\/08\/8-360x260.jpg\" class=\"attachment-thumbnail size-thumbnail\" alt=\"\" \/><\/a>\n\t\t\t<\/dt><\/dl><dl class='gallery-item'>\n\t\t\t<dt class='gallery-icon landscape'>\n\t\t\t\t<a href='https:\/\/smwroclaw.pl\/?attachment_id=35785'><img loading=\"lazy\" decoding=\"async\" width=\"360\" height=\"260\" src=\"https:\/\/smwroclaw.pl\/wp-content\/uploads\/2026\/08\/9-360x260.jpg\" class=\"attachment-thumbnail size-thumbnail\" alt=\"\" \/><\/a>\n\t\t\t<\/dt><\/dl><br style=\"clear: both\" \/><dl class='gallery-item'>\n\t\t\t<dt class='gallery-icon landscape'>\n\t\t\t\t<a href='https:\/\/smwroclaw.pl\/?attachment_id=35786'><img loading=\"lazy\" decoding=\"async\" width=\"360\" height=\"260\" src=\"https:\/\/smwroclaw.pl\/wp-content\/uploads\/2026\/08\/10-360x260.jpg\" class=\"attachment-thumbnail size-thumbnail\" alt=\"\" \/><\/a>\n\t\t\t<\/dt><\/dl><dl class='gallery-item'>\n\t\t\t<dt class='gallery-icon landscape'>\n\t\t\t\t<a href='https:\/\/smwroclaw.pl\/?attachment_id=35787'><img loading=\"lazy\" decoding=\"async\" width=\"360\" height=\"260\" src=\"https:\/\/smwroclaw.pl\/wp-content\/uploads\/2026\/08\/11-360x260.jpg\" class=\"attachment-thumbnail size-thumbnail\" alt=\"\" \/><\/a>\n\t\t\t<\/dt><\/dl><dl class='gallery-item'>\n\t\t\t<dt class='gallery-icon landscape'>\n\t\t\t\t<a href='https:\/\/smwroclaw.pl\/?attachment_id=35788'><img loading=\"lazy\" decoding=\"async\" width=\"360\" height=\"260\" src=\"https:\/\/smwroclaw.pl\/wp-content\/uploads\/2026\/08\/12-360x260.jpg\" class=\"attachment-thumbnail size-thumbnail\" alt=\"\" \/><\/a>\n\t\t\t<\/dt><\/dl><br style=\"clear: both\" \/><dl class='gallery-item'>\n\t\t\t<dt class='gallery-icon landscape'>\n\t\t\t\t<a href='https:\/\/smwroclaw.pl\/?attachment_id=35789'><img loading=\"lazy\" decoding=\"async\" width=\"360\" height=\"260\" src=\"https:\/\/smwroclaw.pl\/wp-content\/uploads\/2026\/08\/13-360x260.jpg\" class=\"attachment-thumbnail size-thumbnail\" alt=\"\" \/><\/a>\n\t\t\t<\/dt><\/dl><dl class='gallery-item'>\n\t\t\t<dt class='gallery-icon landscape'>\n\t\t\t\t<a href='https:\/\/smwroclaw.pl\/?attachment_id=35790'><img loading=\"lazy\" decoding=\"async\" width=\"360\" height=\"260\" src=\"https:\/\/smwroclaw.pl\/wp-content\/uploads\/2026\/08\/14-360x260.jpg\" class=\"attachment-thumbnail size-thumbnail\" alt=\"\" \/><\/a>\n\t\t\t<\/dt><\/dl><dl class='gallery-item'>\n\t\t\t<dt class='gallery-icon landscape'>\n\t\t\t\t<a href='https:\/\/smwroclaw.pl\/?attachment_id=35791'><img loading=\"lazy\" decoding=\"async\" width=\"360\" height=\"260\" src=\"https:\/\/smwroclaw.pl\/wp-content\/uploads\/2026\/08\/15-360x260.jpg\" class=\"attachment-thumbnail size-thumbnail\" alt=\"\" \/><\/a>\n\t\t\t<\/dt><\/dl><br style=\"clear: both\" \/><dl class='gallery-item'>\n\t\t\t<dt class='gallery-icon landscape'>\n\t\t\t\t<a href='https:\/\/smwroclaw.pl\/?attachment_id=35792'><img loading=\"lazy\" decoding=\"async\" width=\"360\" height=\"260\" src=\"https:\/\/smwroclaw.pl\/wp-content\/uploads\/2026\/08\/16-360x260.jpg\" class=\"attachment-thumbnail size-thumbnail\" alt=\"\" \/><\/a>\n\t\t\t<\/dt><\/dl><dl class='gallery-item'>\n\t\t\t<dt class='gallery-icon landscape'>\n\t\t\t\t<a href='https:\/\/smwroclaw.pl\/?attachment_id=35793'><img loading=\"lazy\" decoding=\"async\" width=\"360\" height=\"260\" src=\"https:\/\/smwroclaw.pl\/wp-content\/uploads\/2026\/08\/17-360x260.jpg\" class=\"attachment-thumbnail size-thumbnail\" alt=\"\" \/><\/a>\n\t\t\t<\/dt><\/dl><dl class='gallery-item'>\n\t\t\t<dt class='gallery-icon landscape'>\n\t\t\t\t<a href='https:\/\/smwroclaw.pl\/?attachment_id=35794'><img loading=\"lazy\" decoding=\"async\" width=\"360\" height=\"260\" src=\"https:\/\/smwroclaw.pl\/wp-content\/uploads\/2026\/08\/18-360x260.jpg\" class=\"attachment-thumbnail size-thumbnail\" alt=\"\" \/><\/a>\n\t\t\t<\/dt><\/dl><br style=\"clear: both\" \/><dl class='gallery-item'>\n\t\t\t<dt class='gallery-icon landscape'>\n\t\t\t\t<a href='https:\/\/smwroclaw.pl\/?attachment_id=35795'><img loading=\"lazy\" decoding=\"async\" width=\"360\" height=\"260\" src=\"https:\/\/smwroclaw.pl\/wp-content\/uploads\/2026\/08\/19-360x260.jpg\" class=\"attachment-thumbnail size-thumbnail\" alt=\"\" \/><\/a>\n\t\t\t<\/dt><\/dl><dl class='gallery-item'>\n\t\t\t<dt class='gallery-icon landscape'>\n\t\t\t\t<a href='https:\/\/smwroclaw.pl\/?attachment_id=35796'><img loading=\"lazy\" decoding=\"async\" width=\"360\" height=\"260\" src=\"https:\/\/smwroclaw.pl\/wp-content\/uploads\/2026\/08\/20-360x260.jpg\" class=\"attachment-thumbnail size-thumbnail\" alt=\"\" \/><\/a>\n\t\t\t<\/dt><\/dl><dl class='gallery-item'>\n\t\t\t<dt class='gallery-icon landscape'>\n\t\t\t\t<a href='https:\/\/smwroclaw.pl\/?attachment_id=35797'><img loading=\"lazy\" decoding=\"async\" width=\"360\" height=\"260\" src=\"https:\/\/smwroclaw.pl\/wp-content\/uploads\/2026\/08\/22-360x260.jpg\" class=\"attachment-thumbnail size-thumbnail\" alt=\"\" \/><\/a>\n\t\t\t<\/dt><\/dl><br style=\"clear: both\" \/><dl class='gallery-item'>\n\t\t\t<dt class='gallery-icon landscape'>\n\t\t\t\t<a href='https:\/\/smwroclaw.pl\/?attachment_id=35798'><img loading=\"lazy\" decoding=\"async\" width=\"360\" height=\"260\" src=\"https:\/\/smwroclaw.pl\/wp-content\/uploads\/2026\/08\/23-360x260.jpg\" class=\"attachment-thumbnail size-thumbnail\" alt=\"\" \/><\/a>\n\t\t\t<\/dt><\/dl><dl class='gallery-item'>\n\t\t\t<dt class='gallery-icon landscape'>\n\t\t\t\t<a href='https:\/\/smwroclaw.pl\/?attachment_id=35799'><img loading=\"lazy\" decoding=\"async\" width=\"360\" height=\"260\" src=\"https:\/\/smwroclaw.pl\/wp-content\/uploads\/2026\/08\/24-360x260.jpg\" class=\"attachment-thumbnail size-thumbnail\" alt=\"\" \/><\/a>\n\t\t\t<\/dt><\/dl>\n\t\t\t<br style='clear: both' \/>\n\t\t<\/div>\n\n","protected":false},"excerpt":{"rendered":"<p>W pi\u0105tek, 28 sierpnia, w wyj\u0105tkowej i pe\u0142nej symboliki scenerii wroc\u0142awskiego Ratusza odby\u0142y si\u0119 uroczyste obchody Dnia Stra\u017cy Miejskiej i Gminnej oraz XXXV-lecia Stra\u017cy Miejskiej Wroc\u0142awia. W uroczysto\u015bci udzia\u0142 wzi\u0119li Prezydent Wroc\u0142awia Jacek Sutryk, jego Zast\u0119pcy: Grzegorz Roman i Ryszard Kessler, Przewodnicz\u0105ca Rady Miejskiej Wroc\u0142awia Agnieszka Rybczak oraz Radny Rady Miejskiej Wroc\u0142awia Robert Leszczy\u0144ski. Ich [&hellip;]<\/p>\n","protected":false},"author":7,"featured_media":35800,"comment_status":"closed","ping_status":"closed","sticky":false,"template":"","format":"standard","meta":{"footnotes":""},"categories":[16],"tags":[],"class_list":["post-35776","post","type-post","status-publish","format-standard","has-post-thumbnail","hentry","category-aktual"],"_links":{"self":[{"href":"https:\/\/smwroclaw.pl\/index.php?rest_route=\/wp\/v2\/posts\/35776","targetHints":{"allow":["GET"]}}],"collection":[{"href":"https:\/\/smwroclaw.pl\/index.php?rest_route=\/wp\/v2\/posts"}],"about":[{"href":"https:\/\/smwroclaw.pl\/index.php?rest_route=\/wp\/v2\/types\/post"}],"author":[{"embeddable":true,"href":"https:\/\/smwroclaw.pl\/index.php?rest_route=\/wp\/v2\/users\/7"}],"replies":[{"embeddable":true,"href":"https:\/\/smwroclaw.pl\/index.php?rest_route=%2Fwp%2Fv2%2Fcomments&post=35776"}],"version-history":[{"count":4,"href":"https:\/\/smwroclaw.pl\/index.php?rest_route=\/wp\/v2\/posts\/35776\/revisions"}],"predecessor-version":[{"id":35804,"href":"https:\/\/smwroclaw.pl\/index.php?rest_route=\/wp\/v2\/posts\/35776\/revisions\/35804"}],"wp:featuredmedia":[{"embeddable":true,"href":"https:\/\/smwroclaw.pl\/index.php?rest_route=\/wp\/v2\/media\/35800"}],"wp:attachment":[{"href":"https:\/\/smwroclaw.pl\/index.php?rest_route=%2Fwp%2Fv2%2Fmedia&parent=35776"}],"wp:term":[{"taxonomy":"category","embeddable":true,"href":"https:\/\/smwroclaw.pl\/index.php?rest_route=%2Fwp%2Fv2%2Fcategories&post=35776"},{"taxonomy":"post_tag","embeddable":true,"href":"https:\/\/smwroclaw.pl\/index.php?rest_route=%2Fwp%2Fv2%2Ftags&post=35776"}],"curies":[{"name":"wp","href":"https:\/\/api.w.org\/{rel}","templated":true}]}}