{"id":3720,"date":"2018-09-24T13:19:34","date_gmt":"2018-09-24T11:19:34","guid":{"rendered":"http:\/\/smwroclaw.pl\/?p=3720"},"modified":"2018-09-26T09:22:35","modified_gmt":"2018-09-26T07:22:35","slug":"60-lecie-szkoly-podstawowej-nr-71-we-wroclawiu","status":"publish","type":"post","link":"https:\/\/smwroclaw.pl\/?p=3720","title":{"rendered":"60-LECIE SZKO\u0141Y PODSTAWOWEJ NR 71 WE WROC\u0141AWIU"},"content":{"rendered":"<p style=\"text-align: justify;\"><span style=\"font-family: georgia,palatino,serif; font-size: 16px;\">W uroczysto\u015bciach <strong>60-lecia Szko\u0142y Podstawowej nr 71<\/strong> we Wroc\u0142awiu w imieniu Komendanta Zbigniewa S\u0142ysza wzi\u0119\u0142a udzia\u0142 funkcjonariuszka st. insp. Krystyna Chmura. Na r\u0119ce <strong>dyrektora Leszka Weso\u0142owskiego<\/strong> z\u0142o\u017cy\u0142a najserdeczniejsze gratulacje Dyrekcji, Gronu Pedagogicznemu i Spo\u0142eczno\u015bci Uczniowskiej, \u017cycz\u0105c wszelkiej pomy\u015blno\u015bci w realizacji zar\u00f3wno zawodowych, edukacyjnych jak i osobistych plan\u00f3w i zamierze\u0144.<\/span><\/p>\n<p><span style=\"font-family: georgia,palatino,serif; font-size: 16px;\"><!--more--><\/span><\/p>\n<p>&nbsp;<\/p>\n<p><span style=\"font-family: georgia,palatino,serif; font-size: 16px;\">Podzi\u0119kowa\u0142a r\u00f3wnie\u017c za stworzenie dogodnego klimatu wsp\u00f3\u0142pracy mi\u0119dzy Stra\u017c\u0105 Miejsk\u0105 Wroc\u0142awia, a Szko\u0142\u0105 Podstawow\u0105 nr 71 s\u0142u\u017c\u0105cego rzetelnej realizacji powierzonych zada\u0144.<\/span><\/p>\n<p>&nbsp;<\/p>\n<p><span style=\"font-family: georgia,palatino,serif; font-size: 16px;\"><img fetchpriority=\"high\" decoding=\"async\" class=\" wp-image-3722 aligncenter\" src=\"https:\/\/smwroclaw.pl\/wp-content\/uploads\/2018\/09\/20180921_104726-217x300.jpg\" alt=\"\" width=\"370\" height=\"512\" srcset=\"https:\/\/smwroclaw.pl\/wp-content\/uploads\/2018\/09\/20180921_104726-217x300.jpg 217w, https:\/\/smwroclaw.pl\/wp-content\/uploads\/2018\/09\/20180921_104726.jpg 578w\" sizes=\"(max-width: 370px) 100vw, 370px\" \/><\/span><\/p>\n<p><span style=\"font-family: georgia,palatino,serif; font-size: 16px;\"> <img decoding=\"async\" class=\" wp-image-3723 aligncenter\" src=\"https:\/\/smwroclaw.pl\/wp-content\/uploads\/2018\/09\/20180921_113722-201x300.jpg\" alt=\"\" width=\"367\" height=\"548\" srcset=\"https:\/\/smwroclaw.pl\/wp-content\/uploads\/2018\/09\/20180921_113722-201x300.jpg 201w, https:\/\/smwroclaw.pl\/wp-content\/uploads\/2018\/09\/20180921_113722.jpg 537w\" sizes=\"(max-width: 367px) 100vw, 367px\" \/><\/span><\/p>\n<p><span style=\"font-family: georgia,palatino,serif; font-size: 16px;\">SN<\/span><\/p>\n","protected":false},"excerpt":{"rendered":"<p>W uroczysto\u015bciach 60-lecia Szko\u0142y Podstawowej nr 71 we Wroc\u0142awiu w imieniu Komendanta Zbigniewa S\u0142ysza wzi\u0119\u0142a udzia\u0142 funkcjonariuszka st. insp. Krystyna Chmura. Na r\u0119ce dyrektora Leszka Weso\u0142owskiego z\u0142o\u017cy\u0142a najserdeczniejsze gratulacje Dyrekcji, Gronu Pedagogicznemu i Spo\u0142eczno\u015bci Uczniowskiej, \u017cycz\u0105c wszelkiej pomy\u015blno\u015bci w realizacji zar\u00f3wno zawodowych, edukacyjnych jak i osobistych plan\u00f3w i zamierze\u0144.<\/p>\n","protected":false},"author":3,"featured_media":3721,"comment_status":"closed","ping_status":"closed","sticky":false,"template":"","format":"standard","meta":{"footnotes":""},"categories":[16,33],"tags":[],"class_list":["post-3720","post","type-post","status-publish","format-standard","has-post-thumbnail","hentry","category-aktual","category-prew"],"_links":{"self":[{"href":"https:\/\/smwroclaw.pl\/index.php?rest_route=\/wp\/v2\/posts\/3720","targetHints":{"allow":["GET"]}}],"collection":[{"href":"https:\/\/smwroclaw.pl\/index.php?rest_route=\/wp\/v2\/posts"}],"about":[{"href":"https:\/\/smwroclaw.pl\/index.php?rest_route=\/wp\/v2\/types\/post"}],"author":[{"embeddable":true,"href":"https:\/\/smwroclaw.pl\/index.php?rest_route=\/wp\/v2\/users\/3"}],"replies":[{"embeddable":true,"href":"https:\/\/smwroclaw.pl\/index.php?rest_route=%2Fwp%2Fv2%2Fcomments&post=3720"}],"version-history":[{"count":8,"href":"https:\/\/smwroclaw.pl\/index.php?rest_route=\/wp\/v2\/posts\/3720\/revisions"}],"predecessor-version":[{"id":3760,"href":"https:\/\/smwroclaw.pl\/index.php?rest_route=\/wp\/v2\/posts\/3720\/revisions\/3760"}],"wp:featuredmedia":[{"embeddable":true,"href":"https:\/\/smwroclaw.pl\/index.php?rest_route=\/wp\/v2\/media\/3721"}],"wp:attachment":[{"href":"https:\/\/smwroclaw.pl\/index.php?rest_route=%2Fwp%2Fv2%2Fmedia&parent=3720"}],"wp:term":[{"taxonomy":"category","embeddable":true,"href":"https:\/\/smwroclaw.pl\/index.php?rest_route=%2Fwp%2Fv2%2Fcategories&post=3720"},{"taxonomy":"post_tag","embeddable":true,"href":"https:\/\/smwroclaw.pl\/index.php?rest_route=%2Fwp%2Fv2%2Ftags&post=3720"}],"curies":[{"name":"wp","href":"https:\/\/api.w.org\/{rel}","templated":true}]}}