{"id":3728,"date":"2018-09-25T12:16:51","date_gmt":"2018-09-25T10:16:51","guid":{"rendered":"http:\/\/smwroclaw.pl\/?p=3728"},"modified":"2018-09-26T09:16:26","modified_gmt":"2018-09-26T07:16:26","slug":"xxvii-lat-strazy-miejskiej-wroclawia","status":"publish","type":"post","link":"https:\/\/smwroclaw.pl\/?p=3728","title":{"rendered":"XXVII LAT STRA\u017bY MIEJSKIEJ WROC\u0141AWIA"},"content":{"rendered":"<p style=\"text-align: justify;\"><span style=\"color: #000000; font-family: georgia,palatino,serif; font-size: 16px;\">Stra\u017c Miejska Wroc\u0142awia\u00a0 zosta\u0142a powo\u0142ana 25 wrze\u015bnia 1991 r.\u00a0 przez Prezydenta Miasta Wroc\u0142awia, ale historia Stra\u017cy Miejskiej Wroc\u0142awia rozpocz\u0119\u0142a si\u0119 w styczniu 1991 roku utworzeniem Miejskiej S\u0142u\u017cby Interwencyjnej, jako jednego z wydzia\u0142\u00f3w Urz\u0119du Miejskiego. Przeszkolone przez Policj\u0119 osoby rozpocz\u0119\u0142y egzekwowanie przepis\u00f3w porz\u0105dkowych i kontrol\u0119 s\u0142u\u017cb odpowiedzialnych za czysto\u015b\u0107. <\/span><span style=\"color: #000000; font-family: georgia,palatino,serif; font-size: 16px;\"><strong>W pi\u0105tek 21 wrze\u015bnia br. \u00a0uczczono XXVII lecie Stra\u017cy Miejskiej Wroc\u0142awia<\/strong>. Za wzorowe, wyj\u0105tkowo sumienne wykonywanie obowi\u0105zk\u00f3w wynikaj\u0105cych z pracy zawodowej w s\u0142u\u017cbie Pa\u0144stwa uhonorowano wyr\u00f3\u017cniaj\u0105cych si\u0119 stra\u017cnik\u00f3w <strong>przyznanymi przez Prezydenta RP Medalami za D\u0142ugoletni\u0105 S\u0142u\u017cb\u0119<\/strong>.\u00a0 Komendant Stra\u017cy Miejskiej Wroc\u0142awia wr\u0119czy\u0142 awanse s\u0142u\u017cbowe nowym aplikantom.<\/span><\/p>\n<p><!--more--><\/p>\n<p>&nbsp;<\/p>\n<p><span style=\"color: #000000; font-family: georgia,palatino,serif; font-size: 16px;\">Uroczysto\u015b\u0107 z okazji 27 rocznicy powo\u0142ania Stra\u017cy Miejskiej Wroc\u0142awia rozpocz\u0119\u0142a si\u0119 wprowadzeniem pocztu sztandarowego przez kompani\u0119 honorow\u0105. Jednym z go\u015bci specjalnych uroczysto\u015bci by\u0142 Wojewoda Dolno\u015bl\u0105ski Pawe\u0142 Hreniak, kt\u00f3ry wr\u0119czy\u0142 w imieniu Prezydenta RP zas\u0142u\u017conym funkcjonariuszom &#8222;Medale za d\u0142ugoletni\u0105 s\u0142u\u017cb\u0119&#8221;.<\/span><\/p>\n<p><span style=\"color: #000000; font-family: georgia,palatino,serif; font-size: 16px;\">\u017byczenia stra\u017cnikom sk\u0142ada\u0142 m.in. Wiceprezydent Wojciech Adamski, kt\u00f3ry podzi\u0119kowa\u0142 wszystkim funkcjonariuszom i pracownikom za dotychczasowy wk\u0142ad i prac\u0119 na rzecz spo\u0142eczno\u015bci lokalnej oraz \u017cyczy\u0142 wszelkiej pomy\u015blno\u015bci na przysz\u0142e jubileusze.<\/span><\/p>\n<p><span style=\"color: #000000; font-family: georgia,palatino,serif; font-size: 16px;\">Komendant Stra\u017cy Miejskiej Wroc\u0142awia w trakcie trwania uroczysto\u015bci otrzyma\u0142 medal za zas\u0142ugi wniesione w reaktywowanie i dzia\u0142alno\u015b\u0107 Zwi\u0105zku Sybirak\u00f3w, kt\u00f3ry w imieniu prezesa zarz\u0105du wr\u0119czy\u0142 mu Ryszard Janosz Wiceprezes Zwi\u0105zku Sybirak\u00f3w we Wroc\u0142awiu.<\/span><\/p>\n<p><img fetchpriority=\"high\" decoding=\"async\" class=\"alignnone size-medium wp-image-3748\" src=\"https:\/\/smwroclaw.pl\/wp-content\/uploads\/2018\/09\/IMG_9768-300x200.jpg\" alt=\"\" width=\"300\" height=\"200\" srcset=\"https:\/\/smwroclaw.pl\/wp-content\/uploads\/2018\/09\/IMG_9768-300x200.jpg 300w, https:\/\/smwroclaw.pl\/wp-content\/uploads\/2018\/09\/IMG_9768-768x513.jpg 768w, https:\/\/smwroclaw.pl\/wp-content\/uploads\/2018\/09\/IMG_9768.jpg 800w\" sizes=\"(max-width: 300px) 100vw, 300px\" \/><img decoding=\"async\" class=\"alignnone size-medium wp-image-3746\" src=\"https:\/\/smwroclaw.pl\/wp-content\/uploads\/2018\/09\/IMG_9752-300x200.jpg\" alt=\"\" width=\"300\" height=\"200\" srcset=\"https:\/\/smwroclaw.pl\/wp-content\/uploads\/2018\/09\/IMG_9752-300x200.jpg 300w, https:\/\/smwroclaw.pl\/wp-content\/uploads\/2018\/09\/IMG_9752-768x513.jpg 768w, https:\/\/smwroclaw.pl\/wp-content\/uploads\/2018\/09\/IMG_9752.jpg 800w\" sizes=\"(max-width: 300px) 100vw, 300px\" \/><img decoding=\"async\" class=\"alignnone size-medium wp-image-3734\" src=\"https:\/\/smwroclaw.pl\/wp-content\/uploads\/2018\/09\/IMG_9678-300x200.jpg\" alt=\"\" width=\"300\" height=\"200\" srcset=\"https:\/\/smwroclaw.pl\/wp-content\/uploads\/2018\/09\/IMG_9678-300x200.jpg 300w, https:\/\/smwroclaw.pl\/wp-content\/uploads\/2018\/09\/IMG_9678-768x513.jpg 768w, https:\/\/smwroclaw.pl\/wp-content\/uploads\/2018\/09\/IMG_9678.jpg 800w\" sizes=\"(max-width: 300px) 100vw, 300px\" \/><\/p>\n<p><img loading=\"lazy\" decoding=\"async\" class=\"alignnone size-medium wp-image-3741\" src=\"https:\/\/smwroclaw.pl\/wp-content\/uploads\/2018\/09\/IMG_9696-300x200.jpg\" alt=\"\" width=\"300\" height=\"200\" srcset=\"https:\/\/smwroclaw.pl\/wp-content\/uploads\/2018\/09\/IMG_9696-300x200.jpg 300w, https:\/\/smwroclaw.pl\/wp-content\/uploads\/2018\/09\/IMG_9696-768x513.jpg 768w, https:\/\/smwroclaw.pl\/wp-content\/uploads\/2018\/09\/IMG_9696.jpg 800w\" sizes=\"(max-width: 300px) 100vw, 300px\" \/> <img loading=\"lazy\" decoding=\"async\" class=\"alignnone size-medium wp-image-3740\" src=\"https:\/\/smwroclaw.pl\/wp-content\/uploads\/2018\/09\/IMG_9690-300x200.jpg\" alt=\"\" width=\"300\" height=\"200\" srcset=\"https:\/\/smwroclaw.pl\/wp-content\/uploads\/2018\/09\/IMG_9690-300x200.jpg 300w, https:\/\/smwroclaw.pl\/wp-content\/uploads\/2018\/09\/IMG_9690-768x513.jpg 768w, https:\/\/smwroclaw.pl\/wp-content\/uploads\/2018\/09\/IMG_9690.jpg 800w\" sizes=\"(max-width: 300px) 100vw, 300px\" \/> <img loading=\"lazy\" decoding=\"async\" class=\"alignnone size-medium wp-image-3739\" src=\"https:\/\/smwroclaw.pl\/wp-content\/uploads\/2018\/09\/IMG_9687-300x200.jpg\" alt=\"\" width=\"300\" height=\"200\" srcset=\"https:\/\/smwroclaw.pl\/wp-content\/uploads\/2018\/09\/IMG_9687-300x200.jpg 300w, https:\/\/smwroclaw.pl\/wp-content\/uploads\/2018\/09\/IMG_9687-768x513.jpg 768w, https:\/\/smwroclaw.pl\/wp-content\/uploads\/2018\/09\/IMG_9687.jpg 800w\" sizes=\"(max-width: 300px) 100vw, 300px\" \/> <img loading=\"lazy\" decoding=\"async\" class=\"alignnone size-medium wp-image-3738\" src=\"https:\/\/smwroclaw.pl\/wp-content\/uploads\/2018\/09\/IMG_9685-300x200.jpg\" alt=\"\" width=\"300\" height=\"200\" srcset=\"https:\/\/smwroclaw.pl\/wp-content\/uploads\/2018\/09\/IMG_9685-300x200.jpg 300w, https:\/\/smwroclaw.pl\/wp-content\/uploads\/2018\/09\/IMG_9685-768x513.jpg 768w, https:\/\/smwroclaw.pl\/wp-content\/uploads\/2018\/09\/IMG_9685.jpg 800w\" sizes=\"(max-width: 300px) 100vw, 300px\" \/> <img loading=\"lazy\" decoding=\"async\" class=\"alignnone size-medium wp-image-3737\" src=\"https:\/\/smwroclaw.pl\/wp-content\/uploads\/2018\/09\/IMG_9683-300x225.jpg\" alt=\"\" width=\"300\" height=\"225\" srcset=\"https:\/\/smwroclaw.pl\/wp-content\/uploads\/2018\/09\/IMG_9683-300x225.jpg 300w, https:\/\/smwroclaw.pl\/wp-content\/uploads\/2018\/09\/IMG_9683-768x576.jpg 768w, https:\/\/smwroclaw.pl\/wp-content\/uploads\/2018\/09\/IMG_9683.jpg 800w\" sizes=\"(max-width: 300px) 100vw, 300px\" \/> <img loading=\"lazy\" decoding=\"async\" class=\"alignnone size-medium wp-image-3736\" src=\"https:\/\/smwroclaw.pl\/wp-content\/uploads\/2018\/09\/IMG_9682-300x225.jpg\" alt=\"\" width=\"300\" height=\"225\" srcset=\"https:\/\/smwroclaw.pl\/wp-content\/uploads\/2018\/09\/IMG_9682-300x225.jpg 300w, https:\/\/smwroclaw.pl\/wp-content\/uploads\/2018\/09\/IMG_9682-768x576.jpg 768w, https:\/\/smwroclaw.pl\/wp-content\/uploads\/2018\/09\/IMG_9682.jpg 800w\" sizes=\"(max-width: 300px) 100vw, 300px\" \/><\/p>\n<p><img loading=\"lazy\" decoding=\"async\" class=\"alignnone size-medium wp-image-3745\" src=\"https:\/\/smwroclaw.pl\/wp-content\/uploads\/2018\/09\/IMG_9737-300x200.jpg\" alt=\"\" width=\"300\" height=\"200\" srcset=\"https:\/\/smwroclaw.pl\/wp-content\/uploads\/2018\/09\/IMG_9737-300x200.jpg 300w, https:\/\/smwroclaw.pl\/wp-content\/uploads\/2018\/09\/IMG_9737-768x513.jpg 768w, https:\/\/smwroclaw.pl\/wp-content\/uploads\/2018\/09\/IMG_9737.jpg 800w\" sizes=\"(max-width: 300px) 100vw, 300px\" \/> <img loading=\"lazy\" decoding=\"async\" class=\"alignnone size-medium wp-image-3733\" src=\"https:\/\/smwroclaw.pl\/wp-content\/uploads\/2018\/09\/IMG_9673-300x200.jpg\" alt=\"\" width=\"300\" height=\"200\" srcset=\"https:\/\/smwroclaw.pl\/wp-content\/uploads\/2018\/09\/IMG_9673-300x200.jpg 300w, https:\/\/smwroclaw.pl\/wp-content\/uploads\/2018\/09\/IMG_9673-768x513.jpg 768w, https:\/\/smwroclaw.pl\/wp-content\/uploads\/2018\/09\/IMG_9673.jpg 800w\" sizes=\"(max-width: 300px) 100vw, 300px\" \/><img loading=\"lazy\" decoding=\"async\" class=\"alignnone size-medium wp-image-3744\" src=\"https:\/\/smwroclaw.pl\/wp-content\/uploads\/2018\/09\/IMG_9717-300x200.jpg\" alt=\"\" width=\"300\" height=\"200\" srcset=\"https:\/\/smwroclaw.pl\/wp-content\/uploads\/2018\/09\/IMG_9717-300x200.jpg 300w, https:\/\/smwroclaw.pl\/wp-content\/uploads\/2018\/09\/IMG_9717-768x513.jpg 768w, https:\/\/smwroclaw.pl\/wp-content\/uploads\/2018\/09\/IMG_9717.jpg 800w\" sizes=\"(max-width: 300px) 100vw, 300px\" \/><\/p>\n<p><img loading=\"lazy\" decoding=\"async\" class=\"alignnone size-medium wp-image-3731\" src=\"https:\/\/smwroclaw.pl\/wp-content\/uploads\/2018\/09\/IMG_9663-300x200.jpg\" alt=\"\" width=\"300\" height=\"200\" srcset=\"https:\/\/smwroclaw.pl\/wp-content\/uploads\/2018\/09\/IMG_9663-300x200.jpg 300w, https:\/\/smwroclaw.pl\/wp-content\/uploads\/2018\/09\/IMG_9663-768x513.jpg 768w, https:\/\/smwroclaw.pl\/wp-content\/uploads\/2018\/09\/IMG_9663.jpg 800w\" sizes=\"(max-width: 300px) 100vw, 300px\" \/> <img loading=\"lazy\" decoding=\"async\" class=\"alignnone size-medium wp-image-3730\" src=\"https:\/\/smwroclaw.pl\/wp-content\/uploads\/2018\/09\/IMG_9654-300x200.jpg\" alt=\"\" width=\"300\" height=\"200\" srcset=\"https:\/\/smwroclaw.pl\/wp-content\/uploads\/2018\/09\/IMG_9654-300x200.jpg 300w, https:\/\/smwroclaw.pl\/wp-content\/uploads\/2018\/09\/IMG_9654-768x513.jpg 768w, https:\/\/smwroclaw.pl\/wp-content\/uploads\/2018\/09\/IMG_9654.jpg 800w\" sizes=\"(max-width: 300px) 100vw, 300px\" \/> <img loading=\"lazy\" decoding=\"async\" class=\"alignnone size-medium wp-image-3732\" src=\"https:\/\/smwroclaw.pl\/wp-content\/uploads\/2018\/09\/IMG_9668-300x200.jpg\" alt=\"\" width=\"300\" height=\"200\" srcset=\"https:\/\/smwroclaw.pl\/wp-content\/uploads\/2018\/09\/IMG_9668-300x200.jpg 300w, https:\/\/smwroclaw.pl\/wp-content\/uploads\/2018\/09\/IMG_9668-768x513.jpg 768w, https:\/\/smwroclaw.pl\/wp-content\/uploads\/2018\/09\/IMG_9668.jpg 800w\" sizes=\"(max-width: 300px) 100vw, 300px\" \/><\/p>\n<p><img loading=\"lazy\" decoding=\"async\" class=\"alignnone size-medium wp-image-3749\" src=\"https:\/\/smwroclaw.pl\/wp-content\/uploads\/2018\/09\/IMG_9774-300x200.jpg\" alt=\"\" width=\"300\" height=\"200\" srcset=\"https:\/\/smwroclaw.pl\/wp-content\/uploads\/2018\/09\/IMG_9774-300x200.jpg 300w, https:\/\/smwroclaw.pl\/wp-content\/uploads\/2018\/09\/IMG_9774-768x513.jpg 768w, https:\/\/smwroclaw.pl\/wp-content\/uploads\/2018\/09\/IMG_9774.jpg 800w\" sizes=\"(max-width: 300px) 100vw, 300px\" \/><\/p>\n<p>FOT. Krzysztof Porawski<\/p>\n<p>AB, SN<\/p>\n","protected":false},"excerpt":{"rendered":"<p>Stra\u017c Miejska Wroc\u0142awia\u00a0 zosta\u0142a powo\u0142ana 25 wrze\u015bnia 1991 r.\u00a0 przez Prezydenta Miasta Wroc\u0142awia, ale historia Stra\u017cy Miejskiej Wroc\u0142awia rozpocz\u0119\u0142a si\u0119 w styczniu 1991 roku utworzeniem Miejskiej S\u0142u\u017cby Interwencyjnej, jako jednego z wydzia\u0142\u00f3w Urz\u0119du Miejskiego. Przeszkolone przez Policj\u0119 osoby rozpocz\u0119\u0142y egzekwowanie przepis\u00f3w porz\u0105dkowych i kontrol\u0119 s\u0142u\u017cb odpowiedzialnych za czysto\u015b\u0107. W pi\u0105tek 21 wrze\u015bnia br. \u00a0uczczono XXVII [&hellip;]<\/p>\n","protected":false},"author":3,"featured_media":3748,"comment_status":"closed","ping_status":"closed","sticky":false,"template":"","format":"standard","meta":{"footnotes":""},"categories":[16],"tags":[],"class_list":["post-3728","post","type-post","status-publish","format-standard","has-post-thumbnail","hentry","category-aktual"],"_links":{"self":[{"href":"https:\/\/smwroclaw.pl\/index.php?rest_route=\/wp\/v2\/posts\/3728","targetHints":{"allow":["GET"]}}],"collection":[{"href":"https:\/\/smwroclaw.pl\/index.php?rest_route=\/wp\/v2\/posts"}],"about":[{"href":"https:\/\/smwroclaw.pl\/index.php?rest_route=\/wp\/v2\/types\/post"}],"author":[{"embeddable":true,"href":"https:\/\/smwroclaw.pl\/index.php?rest_route=\/wp\/v2\/users\/3"}],"replies":[{"embeddable":true,"href":"https:\/\/smwroclaw.pl\/index.php?rest_route=%2Fwp%2Fv2%2Fcomments&post=3728"}],"version-history":[{"count":5,"href":"https:\/\/smwroclaw.pl\/index.php?rest_route=\/wp\/v2\/posts\/3728\/revisions"}],"predecessor-version":[{"id":3754,"href":"https:\/\/smwroclaw.pl\/index.php?rest_route=\/wp\/v2\/posts\/3728\/revisions\/3754"}],"wp:featuredmedia":[{"embeddable":true,"href":"https:\/\/smwroclaw.pl\/index.php?rest_route=\/wp\/v2\/media\/3748"}],"wp:attachment":[{"href":"https:\/\/smwroclaw.pl\/index.php?rest_route=%2Fwp%2Fv2%2Fmedia&parent=3728"}],"wp:term":[{"taxonomy":"category","embeddable":true,"href":"https:\/\/smwroclaw.pl\/index.php?rest_route=%2Fwp%2Fv2%2Fcategories&post=3728"},{"taxonomy":"post_tag","embeddable":true,"href":"https:\/\/smwroclaw.pl\/index.php?rest_route=%2Fwp%2Fv2%2Ftags&post=3728"}],"curies":[{"name":"wp","href":"https:\/\/api.w.org\/{rel}","templated":true}]}}