{"id":3771,"date":"2018-09-26T10:25:10","date_gmt":"2018-09-26T08:25:10","guid":{"rendered":"http:\/\/smwroclaw.pl\/?p=3771"},"modified":"2018-09-26T10:25:10","modified_gmt":"2018-09-26T08:25:10","slug":"ekopatrol-w-dzialaniu-z-notatnika-straznika-ulica-kleczkowska","status":"publish","type":"post","link":"https:\/\/smwroclaw.pl\/?p=3771","title":{"rendered":"EKOPATROL W DZIA\u0141ANIU &#8211; z notatnika stra\u017cnika ulica Kleczkowska"},"content":{"rendered":"<p style=\"text-align: justify;\"><span style=\"font-family: georgia, palatino, serif; font-size: 16px;\">W zawi\u0105zku z licznymi skargami mieszka\u0144c\u00f3w stra\u017cnicy miejscy z Oddzia\u0142u Ochrony \u015arodowiska podj\u0119li dzia\u0142ania\u00a0 na celu uprz\u0105tni\u0119cie podw\u00f3rza przy <strong>ulicy Kleczkowskiej 38<\/strong>. Ustalono zarz\u0105dc\u0119 kt\u00f3remu polecono natychmiastowe uprz\u0105tni\u0119cie terenu. Teren zosta\u0142 posprz\u0105tany.<\/span><\/p>\n<p><!--more--><\/p>\n<p>&nbsp;<\/p>\n<p>&nbsp;<\/p>\n<p><img fetchpriority=\"high\" decoding=\"async\" class=\" wp-image-3775 aligncenter\" src=\"https:\/\/smwroclaw.pl\/wp-content\/uploads\/2018\/09\/PP-1.jpg\" alt=\"\" width=\"568\" height=\"319\" srcset=\"https:\/\/smwroclaw.pl\/wp-content\/uploads\/2018\/09\/PP-1.jpg 1494w, https:\/\/smwroclaw.pl\/wp-content\/uploads\/2018\/09\/PP-1-300x169.jpg 300w, https:\/\/smwroclaw.pl\/wp-content\/uploads\/2018\/09\/PP-1-768x432.jpg 768w\" sizes=\"(max-width: 568px) 100vw, 568px\" \/><\/p>\n<p><img decoding=\"async\" class=\" wp-image-3776 aligncenter\" src=\"https:\/\/smwroclaw.pl\/wp-content\/uploads\/2018\/09\/PP-2.jpg\" alt=\"\" width=\"563\" height=\"317\" srcset=\"https:\/\/smwroclaw.pl\/wp-content\/uploads\/2018\/09\/PP-2.jpg 1085w, https:\/\/smwroclaw.pl\/wp-content\/uploads\/2018\/09\/PP-2-300x169.jpg 300w, https:\/\/smwroclaw.pl\/wp-content\/uploads\/2018\/09\/PP-2-768x432.jpg 768w\" sizes=\"(max-width: 563px) 100vw, 563px\" \/><\/p>\n<p><strong>wf<\/strong><\/p>\n","protected":false},"excerpt":{"rendered":"<p>W zawi\u0105zku z licznymi skargami mieszka\u0144c\u00f3w stra\u017cnicy miejscy z Oddzia\u0142u Ochrony \u015arodowiska podj\u0119li dzia\u0142ania\u00a0 na celu uprz\u0105tni\u0119cie podw\u00f3rza przy ulicy Kleczkowskiej 38. Ustalono zarz\u0105dc\u0119 kt\u00f3remu polecono natychmiastowe uprz\u0105tni\u0119cie terenu. Teren zosta\u0142 posprz\u0105tany.<\/p>\n","protected":false},"author":4,"featured_media":3775,"comment_status":"closed","ping_status":"closed","sticky":false,"template":"","format":"standard","meta":{"footnotes":""},"categories":[16],"tags":[],"class_list":["post-3771","post","type-post","status-publish","format-standard","has-post-thumbnail","hentry","category-aktual"],"_links":{"self":[{"href":"https:\/\/smwroclaw.pl\/index.php?rest_route=\/wp\/v2\/posts\/3771","targetHints":{"allow":["GET"]}}],"collection":[{"href":"https:\/\/smwroclaw.pl\/index.php?rest_route=\/wp\/v2\/posts"}],"about":[{"href":"https:\/\/smwroclaw.pl\/index.php?rest_route=\/wp\/v2\/types\/post"}],"author":[{"embeddable":true,"href":"https:\/\/smwroclaw.pl\/index.php?rest_route=\/wp\/v2\/users\/4"}],"replies":[{"embeddable":true,"href":"https:\/\/smwroclaw.pl\/index.php?rest_route=%2Fwp%2Fv2%2Fcomments&post=3771"}],"version-history":[{"count":7,"href":"https:\/\/smwroclaw.pl\/index.php?rest_route=\/wp\/v2\/posts\/3771\/revisions"}],"predecessor-version":[{"id":3780,"href":"https:\/\/smwroclaw.pl\/index.php?rest_route=\/wp\/v2\/posts\/3771\/revisions\/3780"}],"wp:featuredmedia":[{"embeddable":true,"href":"https:\/\/smwroclaw.pl\/index.php?rest_route=\/wp\/v2\/media\/3775"}],"wp:attachment":[{"href":"https:\/\/smwroclaw.pl\/index.php?rest_route=%2Fwp%2Fv2%2Fmedia&parent=3771"}],"wp:term":[{"taxonomy":"category","embeddable":true,"href":"https:\/\/smwroclaw.pl\/index.php?rest_route=%2Fwp%2Fv2%2Fcategories&post=3771"},{"taxonomy":"post_tag","embeddable":true,"href":"https:\/\/smwroclaw.pl\/index.php?rest_route=%2Fwp%2Fv2%2Ftags&post=3771"}],"curies":[{"name":"wp","href":"https:\/\/api.w.org\/{rel}","templated":true}]}}