{"id":3815,"date":"2018-09-27T11:01:19","date_gmt":"2018-09-27T09:01:19","guid":{"rendered":"http:\/\/smwroclaw.pl\/?p=3815"},"modified":"2018-09-27T11:10:47","modified_gmt":"2018-09-27T09:10:47","slug":"bezpieczna-droga-ze-szkoly-na-zajecia-pozalekcyjne","status":"publish","type":"post","link":"https:\/\/smwroclaw.pl\/?p=3815","title":{"rendered":"BEZPIECZNA DROGA ZE SZKO\u0141Y NA ZAJ\u0118CIA POZALEKCYJNE"},"content":{"rendered":"<p><span style=\"font-family: georgia,palatino,serif; font-size: 16px;\">26.09.2018 r. w Centrum Edukacji Kulturalnej Dzieci i M\u0142odzie\u017cy odby\u0142a si\u0119 prelekcja st. insp. Krystyny Chmury i st. insp. Bogdana Dobosza na temat kszta\u0142towania bezpiecznych postaw i zachowa\u0144 dotycz\u0105cych uczestnictwa w ruchu drogowym. Zaj\u0119cia te mia\u0142y na celu przygotowa\u0107 uczni\u00f3w jak samodzielnie i odpowiedzialnie porusza\u0107 si\u0119 mi\u0119dzy szko\u0142\u0105, a plac\u00f3wk\u0105 o\u015bwiatow\u0105 ucz\u0119szczaj\u0105cych na zaj\u0119cia pozalekcyjne do M\u0142odzie\u017cowego Domu Kultury.<\/span><\/p>\n<p><span style=\"font-family: georgia,palatino,serif;\"><!--more--><img fetchpriority=\"high\" decoding=\"async\" class=\"alignnone size-medium wp-image-3816\" src=\"https:\/\/smwroclaw.pl\/wp-content\/uploads\/2018\/09\/skanowanie0008-page-0-212x300.jpg\" alt=\"\" width=\"212\" height=\"300\" srcset=\"https:\/\/smwroclaw.pl\/wp-content\/uploads\/2018\/09\/skanowanie0008-page-0-212x300.jpg 212w, https:\/\/smwroclaw.pl\/wp-content\/uploads\/2018\/09\/skanowanie0008-page-0-768x1087.jpg 768w\" sizes=\"(max-width: 212px) 100vw, 212px\" \/><img decoding=\"async\" class=\"alignnone size-medium wp-image-3817\" src=\"https:\/\/smwroclaw.pl\/wp-content\/uploads\/2018\/09\/skanowanie0007-page-0-212x300.jpg\" alt=\"\" width=\"212\" height=\"300\" srcset=\"https:\/\/smwroclaw.pl\/wp-content\/uploads\/2018\/09\/skanowanie0007-page-0-212x300.jpg 212w, https:\/\/smwroclaw.pl\/wp-content\/uploads\/2018\/09\/skanowanie0007-page-0-768x1087.jpg 768w\" sizes=\"(max-width: 212px) 100vw, 212px\" \/><img decoding=\"async\" class=\"alignnone size-medium wp-image-3820\" src=\"https:\/\/smwroclaw.pl\/wp-content\/uploads\/2018\/09\/20180927_080114-294x300.jpg\" alt=\"\" width=\"294\" height=\"300\" srcset=\"https:\/\/smwroclaw.pl\/wp-content\/uploads\/2018\/09\/20180927_080114-294x300.jpg 294w, https:\/\/smwroclaw.pl\/wp-content\/uploads\/2018\/09\/20180927_080114-768x785.jpg 768w, https:\/\/smwroclaw.pl\/wp-content\/uploads\/2018\/09\/20180927_080114.jpg 783w\" sizes=\"(max-width: 294px) 100vw, 294px\" \/><\/span><\/p>\n<p><span style=\"font-family: georgia,palatino,serif;\"><img loading=\"lazy\" decoding=\"async\" class=\"alignnone size-medium wp-image-3821\" src=\"https:\/\/smwroclaw.pl\/wp-content\/uploads\/2018\/09\/20180927_085014-300x164.jpg\" alt=\"\" width=\"300\" height=\"164\" srcset=\"https:\/\/smwroclaw.pl\/wp-content\/uploads\/2018\/09\/20180927_085014-300x164.jpg 300w, https:\/\/smwroclaw.pl\/wp-content\/uploads\/2018\/09\/20180927_085014-768x419.jpg 768w, https:\/\/smwroclaw.pl\/wp-content\/uploads\/2018\/09\/20180927_085014.jpg 800w\" sizes=\"(max-width: 300px) 100vw, 300px\" \/> <img loading=\"lazy\" decoding=\"async\" class=\"alignnone size-medium wp-image-3822\" src=\"https:\/\/smwroclaw.pl\/wp-content\/uploads\/2018\/09\/20180927_085223-300x169.jpg\" alt=\"\" width=\"300\" height=\"169\" srcset=\"https:\/\/smwroclaw.pl\/wp-content\/uploads\/2018\/09\/20180927_085223-300x169.jpg 300w, https:\/\/smwroclaw.pl\/wp-content\/uploads\/2018\/09\/20180927_085223-768x432.jpg 768w, https:\/\/smwroclaw.pl\/wp-content\/uploads\/2018\/09\/20180927_085223.jpg 800w\" sizes=\"(max-width: 300px) 100vw, 300px\" \/><\/span><\/p>\n<p><span style=\"font-family: georgia,palatino,serif;\">SN<\/span><\/p>\n","protected":false},"excerpt":{"rendered":"<p>26.09.2018 r. w Centrum Edukacji Kulturalnej Dzieci i M\u0142odzie\u017cy odby\u0142a si\u0119 prelekcja st. insp. Krystyny Chmury i st. insp. Bogdana Dobosza na temat kszta\u0142towania bezpiecznych postaw i zachowa\u0144 dotycz\u0105cych uczestnictwa w ruchu drogowym. Zaj\u0119cia te mia\u0142y na celu przygotowa\u0107 uczni\u00f3w jak samodzielnie i odpowiedzialnie porusza\u0107 si\u0119 mi\u0119dzy szko\u0142\u0105, a plac\u00f3wk\u0105 o\u015bwiatow\u0105 ucz\u0119szczaj\u0105cych na zaj\u0119cia pozalekcyjne [&hellip;]<\/p>\n","protected":false},"author":3,"featured_media":3817,"comment_status":"closed","ping_status":"closed","sticky":false,"template":"","format":"standard","meta":{"footnotes":""},"categories":[16,33],"tags":[],"class_list":["post-3815","post","type-post","status-publish","format-standard","has-post-thumbnail","hentry","category-aktual","category-prew"],"_links":{"self":[{"href":"https:\/\/smwroclaw.pl\/index.php?rest_route=\/wp\/v2\/posts\/3815","targetHints":{"allow":["GET"]}}],"collection":[{"href":"https:\/\/smwroclaw.pl\/index.php?rest_route=\/wp\/v2\/posts"}],"about":[{"href":"https:\/\/smwroclaw.pl\/index.php?rest_route=\/wp\/v2\/types\/post"}],"author":[{"embeddable":true,"href":"https:\/\/smwroclaw.pl\/index.php?rest_route=\/wp\/v2\/users\/3"}],"replies":[{"embeddable":true,"href":"https:\/\/smwroclaw.pl\/index.php?rest_route=%2Fwp%2Fv2%2Fcomments&post=3815"}],"version-history":[{"count":5,"href":"https:\/\/smwroclaw.pl\/index.php?rest_route=\/wp\/v2\/posts\/3815\/revisions"}],"predecessor-version":[{"id":3828,"href":"https:\/\/smwroclaw.pl\/index.php?rest_route=\/wp\/v2\/posts\/3815\/revisions\/3828"}],"wp:featuredmedia":[{"embeddable":true,"href":"https:\/\/smwroclaw.pl\/index.php?rest_route=\/wp\/v2\/media\/3817"}],"wp:attachment":[{"href":"https:\/\/smwroclaw.pl\/index.php?rest_route=%2Fwp%2Fv2%2Fmedia&parent=3815"}],"wp:term":[{"taxonomy":"category","embeddable":true,"href":"https:\/\/smwroclaw.pl\/index.php?rest_route=%2Fwp%2Fv2%2Fcategories&post=3815"},{"taxonomy":"post_tag","embeddable":true,"href":"https:\/\/smwroclaw.pl\/index.php?rest_route=%2Fwp%2Fv2%2Ftags&post=3815"}],"curies":[{"name":"wp","href":"https:\/\/api.w.org\/{rel}","templated":true}]}}