{"id":4016,"date":"2018-10-12T14:25:29","date_gmt":"2018-10-12T12:25:29","guid":{"rendered":"http:\/\/smwroclaw.pl\/?p=4016"},"modified":"2018-10-15T09:13:37","modified_gmt":"2018-10-15T07:13:37","slug":"22-bieg-przelajowy-o-noz-komandosa-im-gen-broni-wlodzimierza-potasinskiego","status":"publish","type":"post","link":"https:\/\/smwroclaw.pl\/?p=4016","title":{"rendered":"22 BIEG PRZE\u0141AJOWY O N\u00d3\u017b KOMANDOSA IM. GEN. BRONI W\u0141ODZIMIERZA POTASI\u0143SKIEGO"},"content":{"rendered":"<p style=\"text-align: justify;\"><span style=\"font-family: georgia, palatino, serif; font-size: 16px;\">W dniu 6 pa\u017adziernika 2018 r. w kompleksie le\u015bnym Lubliniec-Kokotek odby\u0142 si\u0119 <strong>22 Bieg Prze\u0142ajowy o N\u00f3\u017c Komandosa im. gen. broni W\u0142odzimierza Potasi\u0144skiego<\/strong>, \u00a0<strong>stanowi\u0105cy Mistrzostwa Polski S\u0142u\u017cb Mundurowych w Crossie.<\/strong>\u00a0<\/span><br \/>\n<span style=\"font-family: georgia, palatino, serif; font-size: 16px;\">W tegorocznej edycji biegu wystartowa\u0142o blisko 800 zawodnik\u00f3w g\u0142\u00f3wnie reprezentuj\u0105cych s\u0142u\u017cby mundurowe (Policja, Wojsko, Stra\u017c Po\u017carna, Stra\u017c Miejska, Stra\u017c Graniczna, S\u0142u\u017cba Wi\u0119zienna i inne s\u0142u\u017cby).\u00a0W tegorocznej edycji biegu <strong>Stra\u017c Miejsk\u0105 Wroc\u0142awia reprezentowa\u0142 st. insp. Marcin Kubiak kt\u00f3ry w kategorii rodzaju s\u0142u\u017cb (Stra\u017c Miejska) zaj\u0105\u0142 3 miejsce<\/strong>.\u00a0<\/span><\/p>\n<p><span style=\"font-family: georgia, palatino, serif; font-size: 16px;\"><!--more--><\/span><br \/>\n<span style=\"font-family: georgia, palatino, serif; font-size: 16px;\">Bieg odby\u0142 si\u0119 na dystansie 5 km dla kobiet i 10 km dla m\u0119\u017cczyzn.W zawodach po\u015bwi\u0119conych pami\u0119ci by\u0142ego dow\u00f3dcy wojsk specjalnych gen. broni W\u0142odzimierza Potasi\u0144skiego jako pierwsi na met\u0119 dotarli Anna Gosk z 18 Pu\u0142ku Rozpoznawczego i policjant \u0141ukasz O\u015bliz\u0142o.\u00a0<\/span><br \/>\n<span style=\"font-family: georgia, palatino, serif; font-size: 16px;\">Pierwsze miejsce zaj\u0105\u0142 Zybowski Marcin ze Stra\u017cy Miejskiej Tychy a drugie miejsce Arkadiusz Miszczuk ze Stra\u017cy Miejskiej m. sto\u0142ecznego Warszawy. Gratulujemy 3 miejsca na podium i \u017cyczymy dalszych sukces\u00f3w.<\/span><\/p>\n<p><img fetchpriority=\"high\" decoding=\"async\" class=\"alignnone size-medium wp-image-4017\" src=\"https:\/\/smwroclaw.pl\/wp-content\/uploads\/2018\/10\/5bb8aad82abec_p-300x200.jpg\" alt=\"\" width=\"300\" height=\"200\" srcset=\"https:\/\/smwroclaw.pl\/wp-content\/uploads\/2018\/10\/5bb8aad82abec_p-300x200.jpg 300w, https:\/\/smwroclaw.pl\/wp-content\/uploads\/2018\/10\/5bb8aad82abec_p-768x513.jpg 768w, https:\/\/smwroclaw.pl\/wp-content\/uploads\/2018\/10\/5bb8aad82abec_p.jpg 780w\" sizes=\"(max-width: 300px) 100vw, 300px\" \/> <img decoding=\"async\" class=\"alignnone size-medium wp-image-4018\" src=\"https:\/\/smwroclaw.pl\/wp-content\/uploads\/2018\/10\/5bb8ab829a675_p-300x200.jpg\" alt=\"\" width=\"300\" height=\"200\" srcset=\"https:\/\/smwroclaw.pl\/wp-content\/uploads\/2018\/10\/5bb8ab829a675_p-300x200.jpg 300w, https:\/\/smwroclaw.pl\/wp-content\/uploads\/2018\/10\/5bb8ab829a675_p-768x513.jpg 768w, https:\/\/smwroclaw.pl\/wp-content\/uploads\/2018\/10\/5bb8ab829a675_p.jpg 780w\" sizes=\"(max-width: 300px) 100vw, 300px\" \/> <img decoding=\"async\" class=\"alignnone size-medium wp-image-4019\" src=\"https:\/\/smwroclaw.pl\/wp-content\/uploads\/2018\/10\/12032017_413925285468288_5834270777387698717_n-300x200.jpg\" alt=\"\" width=\"300\" height=\"200\" srcset=\"https:\/\/smwroclaw.pl\/wp-content\/uploads\/2018\/10\/12032017_413925285468288_5834270777387698717_n-300x200.jpg 300w, https:\/\/smwroclaw.pl\/wp-content\/uploads\/2018\/10\/12032017_413925285468288_5834270777387698717_n-768x512.jpg 768w, https:\/\/smwroclaw.pl\/wp-content\/uploads\/2018\/10\/12032017_413925285468288_5834270777387698717_n.jpg 960w\" sizes=\"(max-width: 300px) 100vw, 300px\" \/><\/p>\n<p>MK, SN<\/p>\n","protected":false},"excerpt":{"rendered":"<p>W dniu 6 pa\u017adziernika 2018 r. w kompleksie le\u015bnym Lubliniec-Kokotek odby\u0142 si\u0119 22 Bieg Prze\u0142ajowy o N\u00f3\u017c Komandosa im. gen. broni W\u0142odzimierza Potasi\u0144skiego, \u00a0stanowi\u0105cy Mistrzostwa Polski S\u0142u\u017cb Mundurowych w Crossie.\u00a0 W tegorocznej edycji biegu wystartowa\u0142o blisko 800 zawodnik\u00f3w g\u0142\u00f3wnie reprezentuj\u0105cych s\u0142u\u017cby mundurowe (Policja, Wojsko, Stra\u017c Po\u017carna, Stra\u017c Miejska, Stra\u017c Graniczna, S\u0142u\u017cba Wi\u0119zienna i inne s\u0142u\u017cby).\u00a0W [&hellip;]<\/p>\n","protected":false},"author":3,"featured_media":4020,"comment_status":"closed","ping_status":"closed","sticky":false,"template":"","format":"standard","meta":{"footnotes":""},"categories":[16,33],"tags":[],"class_list":["post-4016","post","type-post","status-publish","format-standard","has-post-thumbnail","hentry","category-aktual","category-prew"],"_links":{"self":[{"href":"https:\/\/smwroclaw.pl\/index.php?rest_route=\/wp\/v2\/posts\/4016","targetHints":{"allow":["GET"]}}],"collection":[{"href":"https:\/\/smwroclaw.pl\/index.php?rest_route=\/wp\/v2\/posts"}],"about":[{"href":"https:\/\/smwroclaw.pl\/index.php?rest_route=\/wp\/v2\/types\/post"}],"author":[{"embeddable":true,"href":"https:\/\/smwroclaw.pl\/index.php?rest_route=\/wp\/v2\/users\/3"}],"replies":[{"embeddable":true,"href":"https:\/\/smwroclaw.pl\/index.php?rest_route=%2Fwp%2Fv2%2Fcomments&post=4016"}],"version-history":[{"count":6,"href":"https:\/\/smwroclaw.pl\/index.php?rest_route=\/wp\/v2\/posts\/4016\/revisions"}],"predecessor-version":[{"id":4031,"href":"https:\/\/smwroclaw.pl\/index.php?rest_route=\/wp\/v2\/posts\/4016\/revisions\/4031"}],"wp:featuredmedia":[{"embeddable":true,"href":"https:\/\/smwroclaw.pl\/index.php?rest_route=\/wp\/v2\/media\/4020"}],"wp:attachment":[{"href":"https:\/\/smwroclaw.pl\/index.php?rest_route=%2Fwp%2Fv2%2Fmedia&parent=4016"}],"wp:term":[{"taxonomy":"category","embeddable":true,"href":"https:\/\/smwroclaw.pl\/index.php?rest_route=%2Fwp%2Fv2%2Fcategories&post=4016"},{"taxonomy":"post_tag","embeddable":true,"href":"https:\/\/smwroclaw.pl\/index.php?rest_route=%2Fwp%2Fv2%2Ftags&post=4016"}],"curies":[{"name":"wp","href":"https:\/\/api.w.org\/{rel}","templated":true}]}}