{"id":4234,"date":"2018-10-25T11:30:17","date_gmt":"2018-10-25T09:30:17","guid":{"rendered":"http:\/\/smwroclaw.pl\/?p=4234"},"modified":"2018-10-25T12:02:54","modified_gmt":"2018-10-25T10:02:54","slug":"prelekcja-na-temat-100-rocznicy-odzyskania-niepodleglosci-przez-polske","status":"publish","type":"post","link":"https:\/\/smwroclaw.pl\/?p=4234","title":{"rendered":"PRELEKCJA NA TEMAT 100 ROCZNICY ODZYSKANIA NIEPODLEG\u0141O\u015aCI PRZEZ POLSK\u0118"},"content":{"rendered":"<p style=\"text-align: justify;\"><span style=\"font-family: georgia, palatino, serif; font-size: 16px;\"><strong>Stra\u017c Miejska Wroc\u0142awia<\/strong> przeprowadzi zaj\u0119cia skierowane do rad osiedli, WCRS i wroc\u0142awskich Szk\u00f3\u0142 Podstawowych maj\u0105ce na celu przypomnienie najwa\u017cniejszych wydarze\u0144 i fakt\u00f3w zwi\u0105zanych z obchodami <strong>100-lecia odzyskania niepodleg\u0142o\u015bci przez Polsk\u0119 oraz krzewienie patriotyzmu<\/strong>.\u00a0Prelekcje odbywa\u0107 si\u0119 b\u0119d\u0105 w okresie od <strong>1 listopada do 31 grudnia 2018 r<\/strong>., a\u00a0 poprowadzi je <strong>st. insp. Pawe\u0142 Gr\u0105bczewski<\/strong> z zespo\u0142u ds. Koordynacji Program\u00f3w Prewencyjnych. Zapraszamy wszystkich zainteresowanych do kontaktu <em><strong>(szczeg\u00f3\u0142owe informacje w dalszej cz\u0119\u015bci)<\/strong><\/em><br \/>\n<\/span><\/p>\n<p><!--more--><\/p>\n<p>&nbsp;<\/p>\n<p>&nbsp;<\/p>\n<p><a href=\"https:\/\/smwroclaw.pl\/wp-content\/uploads\/2018\/10\/Zaproszenie-Rady-Osiedla-.pdf\">Zaproszenie Rady Osiedla<\/a><\/p>\n<p><a href=\"https:\/\/smwroclaw.pl\/wp-content\/uploads\/2018\/10\/Zaproszenie-WCRS-100-Rocznica-...-1.pdf\">Zaproszenie WCRS 100 Rocznica &#8230;<\/a><\/p>\n<p><a href=\"https:\/\/smwroclaw.pl\/wp-content\/uploads\/2018\/10\/Zaproszenie-do-szko\u0142-100-rocznica.pdf\">Zaproszenie do szko\u0142 100 rocznica<\/a><\/p>\n<p><img fetchpriority=\"high\" decoding=\"async\" class=\" wp-image-4255 aligncenter\" src=\"https:\/\/smwroclaw.pl\/wp-content\/uploads\/2018\/10\/Zaproszenie-Rady-Osiedla-page-0-2.jpg\" alt=\"\" width=\"725\" height=\"1025\" srcset=\"https:\/\/smwroclaw.pl\/wp-content\/uploads\/2018\/10\/Zaproszenie-Rady-Osiedla-page-0-2.jpg 2481w, https:\/\/smwroclaw.pl\/wp-content\/uploads\/2018\/10\/Zaproszenie-Rady-Osiedla-page-0-2-212x300.jpg 212w, https:\/\/smwroclaw.pl\/wp-content\/uploads\/2018\/10\/Zaproszenie-Rady-Osiedla-page-0-2-768x1086.jpg 768w\" sizes=\"(max-width: 725px) 100vw, 725px\" \/><\/p>\n<p>&nbsp;<\/p>\n<p>&nbsp;<\/p>\n<p>&nbsp;<\/p>\n<p>SN<\/p>\n<p>&nbsp;<\/p>\n<p>&nbsp;<\/p>\n","protected":false},"excerpt":{"rendered":"<p>Stra\u017c Miejska Wroc\u0142awia przeprowadzi zaj\u0119cia skierowane do rad osiedli, WCRS i wroc\u0142awskich Szk\u00f3\u0142 Podstawowych maj\u0105ce na celu przypomnienie najwa\u017cniejszych wydarze\u0144 i fakt\u00f3w zwi\u0105zanych z obchodami 100-lecia odzyskania niepodleg\u0142o\u015bci przez Polsk\u0119 oraz krzewienie patriotyzmu.\u00a0Prelekcje odbywa\u0107 si\u0119 b\u0119d\u0105 w okresie od 1 listopada do 31 grudnia 2018 r., a\u00a0 poprowadzi je st. insp. Pawe\u0142 Gr\u0105bczewski z zespo\u0142u [&hellip;]<\/p>\n","protected":false},"author":3,"featured_media":4235,"comment_status":"closed","ping_status":"closed","sticky":false,"template":"","format":"standard","meta":{"footnotes":""},"categories":[16,33],"tags":[],"class_list":["post-4234","post","type-post","status-publish","format-standard","has-post-thumbnail","hentry","category-aktual","category-prew"],"_links":{"self":[{"href":"https:\/\/smwroclaw.pl\/index.php?rest_route=\/wp\/v2\/posts\/4234","targetHints":{"allow":["GET"]}}],"collection":[{"href":"https:\/\/smwroclaw.pl\/index.php?rest_route=\/wp\/v2\/posts"}],"about":[{"href":"https:\/\/smwroclaw.pl\/index.php?rest_route=\/wp\/v2\/types\/post"}],"author":[{"embeddable":true,"href":"https:\/\/smwroclaw.pl\/index.php?rest_route=\/wp\/v2\/users\/3"}],"replies":[{"embeddable":true,"href":"https:\/\/smwroclaw.pl\/index.php?rest_route=%2Fwp%2Fv2%2Fcomments&post=4234"}],"version-history":[{"count":14,"href":"https:\/\/smwroclaw.pl\/index.php?rest_route=\/wp\/v2\/posts\/4234\/revisions"}],"predecessor-version":[{"id":4265,"href":"https:\/\/smwroclaw.pl\/index.php?rest_route=\/wp\/v2\/posts\/4234\/revisions\/4265"}],"wp:featuredmedia":[{"embeddable":true,"href":"https:\/\/smwroclaw.pl\/index.php?rest_route=\/wp\/v2\/media\/4235"}],"wp:attachment":[{"href":"https:\/\/smwroclaw.pl\/index.php?rest_route=%2Fwp%2Fv2%2Fmedia&parent=4234"}],"wp:term":[{"taxonomy":"category","embeddable":true,"href":"https:\/\/smwroclaw.pl\/index.php?rest_route=%2Fwp%2Fv2%2Fcategories&post=4234"},{"taxonomy":"post_tag","embeddable":true,"href":"https:\/\/smwroclaw.pl\/index.php?rest_route=%2Fwp%2Fv2%2Ftags&post=4234"}],"curies":[{"name":"wp","href":"https:\/\/api.w.org\/{rel}","templated":true}]}}