{"id":4282,"date":"2018-10-31T07:01:39","date_gmt":"2018-10-31T06:01:39","guid":{"rendered":"http:\/\/smwroclaw.pl\/?p=4282"},"modified":"2018-10-31T10:17:21","modified_gmt":"2018-10-31T09:17:21","slug":"wszystkich-swietych-istotne-informacje","status":"publish","type":"post","link":"https:\/\/smwroclaw.pl\/?p=4282","title":{"rendered":"WSZYSTKICH \u015aWI\u0118TYCH &#8211; istotne informacje"},"content":{"rendered":"<p style=\"text-align: justify;\"><span style=\"font-family: georgia, palatino, serif; font-size: 16px;\">Przed nami dni zadumy i refleksji. Odwiedzamy groby rodzinne i znajomych. Kilkudziesi\u0119ciu stra\u017cnik\u00f3w miejskich b\u0119dzie czuwa\u0142o, od wczesnych godzin porannych do nocy,\u00a0 aby wszystko przebiega\u0142o bez problem\u00f3w. Poni\u017cej przedstawiamy kilka wa\u017cnych rad i informacji, kt\u00f3re u\u0142atwi\u0105 nam spokojne i bezpieczne wizyty na cmentarzach.<\/span><!--more--><\/p>\n<p>&nbsp;<\/p>\n<p>&nbsp;<\/p>\n<p><span style=\"font-family: georgia, palatino, serif; font-size: 16px;\"><strong>PIESI:<\/strong><\/span><\/p>\n<ul>\n<li><span style=\"font-family: georgia, palatino, serif; font-size: 16px;\">zachowa\u0107 szczeg\u00f3ln\u0105 ostro\u017cno\u015b\u0107 i uwag\u0119 przy wysiadaniu z tramwaj\u00f3w i autobus\u00f3w<\/span><\/li>\n<li><span style=\"font-family: georgia, palatino, serif; font-size: 16px;\">przechodzi\u0107 przez jezdni\u0119 tylko w miejscach wyznaczonych &#8211; najlepiej pilnowanych przez Policj\u0119 i Stra\u017c Miejsk\u0105<\/span><\/li>\n<li><span style=\"font-family: georgia, palatino, serif; font-size: 16px;\">nie wbiega\u0107 na jezdni\u0119<\/span><\/li>\n<li><span style=\"font-family: georgia, palatino, serif; font-size: 16px;\">uwa\u017ca\u0107 po zmroku (za\u0142o\u017cy\u0107 element odblaskowy)<\/span><\/li>\n<li><span style=\"font-family: georgia, palatino, serif; font-size: 16px;\">chodzi\u0107 tylko chodnikami i wyznaczonymi ci\u0105gami pieszymi (nie wchodzi\u0107 na jezdni\u0119)<\/span><\/li>\n<li><span style=\"font-family: georgia, palatino, serif; font-size: 16px;\">wykonywa\u0107 polecenia s\u0142u\u017cb<\/span><\/li>\n<\/ul>\n<p><span style=\"font-family: georgia, palatino, serif; font-size: 16px;\"><strong>KIEROWCY:<\/strong><\/span><\/p>\n<ul>\n<li><span style=\"font-family: georgia, palatino, serif; font-size: 16px;\">zachowa\u0107 szczeg\u00f3ln\u0105 uwag\u0119 i ostro\u017cno\u015b\u0107<\/span><\/li>\n<li><span style=\"font-family: georgia, palatino, serif; font-size: 16px;\">przestrzega\u0107 zmian w organizacji ruchu<\/span><\/li>\n<li><span style=\"font-family: georgia, palatino, serif; font-size: 16px;\">ograniczy\u0107 pr\u0119dko\u015b\u0107 &#8211; zw\u0142aszcza w pobli\u017cu przystank\u00f3w MPK<\/span><\/li>\n<li><span style=\"font-family: georgia, palatino, serif; font-size: 16px;\">wykonywa\u0107 polecenia s\u0142u\u017cb odpowiedzialnych za bezpiecze\u0144stwo<\/span><\/li>\n<\/ul>\n<p><span style=\"font-family: georgia, palatino, serif; font-size: 16px;\"><strong>INFORMACJE PREWENCYJNE:<\/strong><\/span><\/p>\n<ul>\n<li><span style=\"font-family: georgia, palatino, serif; font-size: 16px;\">nie nale\u017cy pozostawia\u0107 bez nadzoru &#8211; garderoby, torebek &#8211; z\u0142odzieje to widz\u0105!<\/span><\/li>\n<li><span style=\"font-family: georgia, palatino, serif; font-size: 16px;\">nie nosi\u0107 przy sobie du\u017cych kwot pieni\u0119\u017cnych &#8211; z\u0142odzieje mog\u0105 pr\u00f3bowa\u0107 nas okra\u015b\u0107 tak\u017ce w autobusie czy tramwaju!<\/span><\/li>\n<li><span style=\"font-family: georgia, palatino, serif; font-size: 16px;\">pilnowa\u0107 dzieci &#8211; \u0142atwo mog\u0105 si\u0119 zagubi\u0107!<\/span><\/li>\n<li><span style=\"font-family: georgia, palatino, serif; font-size: 16px;\">je\u017celi widzimy zagubione dziecko &#8211; pom\u00f3\u017cmy &#8211; poinformujmy stra\u017cnika lub policjanta!<\/span><\/li>\n<li><span style=\"font-family: georgia, palatino, serif; font-size: 16px;\">zwr\u00f3\u0107my uwag\u0119 na senior\u00f3w &#8211; mog\u0105 mie\u0107 problemy ze zdrowiem lub by\u0107 zagubieni &#8211; reagujmy &#8211; stra\u017cnik lub policjant pomo\u017ce!<\/span><\/li>\n<\/ul>\n<p><img fetchpriority=\"high\" decoding=\"async\" class=\"wp-image-4297 aligncenter\" src=\"https:\/\/smwroclaw.pl\/wp-content\/uploads\/2018\/10\/DSC01067.jpg\" alt=\"\" width=\"535\" height=\"358\" srcset=\"https:\/\/smwroclaw.pl\/wp-content\/uploads\/2018\/10\/DSC01067.jpg 3872w, https:\/\/smwroclaw.pl\/wp-content\/uploads\/2018\/10\/DSC01067-300x201.jpg 300w, https:\/\/smwroclaw.pl\/wp-content\/uploads\/2018\/10\/DSC01067-768x514.jpg 768w\" sizes=\"(max-width: 535px) 100vw, 535px\" \/><\/p>\n<p>&nbsp;<\/p>\n<p style=\"text-align: center;\"><span style=\"font-family: georgia, palatino, serif; font-size: 16px;\"><strong>INFORMACJE O ZMIANACH W ORGANIZACJI RUCHU PRZY CMENTARZACH:<\/strong><\/span><\/p>\n<p>&nbsp;<\/p>\n<p style=\"text-align: center;\"><span style=\"font-family: georgia, palatino, serif; font-size: 16px;\"><strong>CMENTARZ OSOBOWICKI<\/strong><\/span><\/p>\n<p style=\"text-align: justify;\"><span style=\"font-family: georgia, palatino, serif; font-size: 16px;\">Od 27 pa\u017adziernika 2018 r. (sobota) w rejonie Cmentarza Osobowickiego na ulicy \u0141u\u017cyckiej obowi\u0105zywa\u0107 b\u0119d\u0105 ograniczenia w parkowaniu pojazd\u00f3w. Dla komunikacji indywidualnej funkcjonuje parking niestrze\u017cony na 250 miejsc postojowych usytuowany pomi\u0119dzy cmentarzem, a nasypem kolejowym.<\/span><\/p>\n<p>&nbsp;<\/p>\n<p><img decoding=\"async\" class=\" wp-image-4284 aligncenter\" src=\"https:\/\/smwroclaw.pl\/wp-content\/uploads\/2018\/10\/CMENTARZ-OSOBOWICE-.jpg\" alt=\"\" width=\"742\" height=\"515\" srcset=\"https:\/\/smwroclaw.pl\/wp-content\/uploads\/2018\/10\/CMENTARZ-OSOBOWICE-.jpg 813w, https:\/\/smwroclaw.pl\/wp-content\/uploads\/2018\/10\/CMENTARZ-OSOBOWICE--300x208.jpg 300w, https:\/\/smwroclaw.pl\/wp-content\/uploads\/2018\/10\/CMENTARZ-OSOBOWICE--768x533.jpg 768w\" sizes=\"(max-width: 742px) 100vw, 742px\" \/><\/p>\n<p>&nbsp;<\/p>\n<p><strong>DODATKOWE INFORMACJE:<\/strong><\/p>\n<p><a href=\"https:\/\/www.wroclaw.pl\/portal\/cmentarz-osobowicki-dojazd-parkingi-organizacja-ruchu\">https:\/\/www.wroclaw.pl\/portal\/cmentarz-osobowicki-dojazd-parkingi-organizacja-ruchu<\/a><\/p>\n<p>&nbsp;<\/p>\n<p style=\"text-align: center;\"><strong>CMENTARZ GRABISZY\u0143SKI<\/strong><\/p>\n<p style=\"text-align: justify;\"><span style=\"font-family: georgia, palatino, serif; font-size: 16px;\">W dniu 28 pa\u017adziernika 2018 r. od godz. 18:00 dla potrzeb kiermaszu \u015bwi\u0105tecznego zamyka si\u0119 dla ruchu ko\u0142owego cz\u0119\u015b\u0107 jezdni bocznej ulicy gen. J\u00f3zefa Hallera.<\/span><\/p>\n<p style=\"text-align: justify;\"><span style=\"font-family: georgia, palatino, serif; font-size: 16px;\">W dniu 27 pa\u017adziernika 2018 roku od godzin porannych teren przy bramie bocznej cmentarza przeznacza si\u0119 dla potrzeb p\u0119tli autobusowej.<\/span><\/p>\n<p><img decoding=\"async\" class=\" wp-image-4285 aligncenter\" src=\"https:\/\/smwroclaw.pl\/wp-content\/uploads\/2018\/10\/CMENTARZ-GRABISZY\u0143SKA-JPG.jpg\" alt=\"\" width=\"730\" height=\"533\" srcset=\"https:\/\/smwroclaw.pl\/wp-content\/uploads\/2018\/10\/CMENTARZ-GRABISZY\u0143SKA-JPG.jpg 804w, https:\/\/smwroclaw.pl\/wp-content\/uploads\/2018\/10\/CMENTARZ-GRABISZY\u0143SKA-JPG-300x219.jpg 300w, https:\/\/smwroclaw.pl\/wp-content\/uploads\/2018\/10\/CMENTARZ-GRABISZY\u0143SKA-JPG-768x561.jpg 768w\" sizes=\"(max-width: 730px) 100vw, 730px\" \/><\/p>\n<p><strong>DODATKOWE INFORMACJE:<\/strong><\/p>\n<p><a href=\"https:\/\/www.wroclaw.pl\/portal\/cmentarz-grabiszynski-dojazd-parkingi-organizacja-ruchu\">https:\/\/www.wroclaw.pl\/portal\/cmentarz-grabiszynski-dojazd-parkingi-organizacja-ruchu<\/a><\/p>\n<p>&nbsp;<\/p>\n<p style=\"text-align: center;\"><strong>CMENTARZ \u015aW.DUCHA PRZY UL.BARDZKIEJ<\/strong><\/p>\n<p style=\"text-align: justify;\"><span style=\"font-family: georgia, palatino, serif; font-size: 16px;\">Dla potrzeb komunikacji indywidualnej w rejonie cmentarza zorganizowany zostanie parking p\u0142atny na terenie przy ulicy Buforowej 2.<\/span><\/p>\n<p><img loading=\"lazy\" decoding=\"async\" class=\" wp-image-4288 aligncenter\" src=\"https:\/\/smwroclaw.pl\/wp-content\/uploads\/2018\/10\/CMENTARZ-BARDZKA-.jpg\" alt=\"\" width=\"757\" height=\"553\" srcset=\"https:\/\/smwroclaw.pl\/wp-content\/uploads\/2018\/10\/CMENTARZ-BARDZKA-.jpg 804w, https:\/\/smwroclaw.pl\/wp-content\/uploads\/2018\/10\/CMENTARZ-BARDZKA--300x219.jpg 300w, https:\/\/smwroclaw.pl\/wp-content\/uploads\/2018\/10\/CMENTARZ-BARDZKA--768x561.jpg 768w\" sizes=\"(max-width: 757px) 100vw, 757px\" \/><\/p>\n<p><strong>DODATKOWE INFORMACJE:<\/strong><\/p>\n<p><a href=\"https:\/\/www.wroclaw.pl\/portal\/cmentarz-sw-ducha-przy-ul-bardzkiej-parkowanie-dojazd\">https:\/\/www.wroclaw.pl\/portal\/cmentarz-sw-ducha-przy-ul-bardzkiej-parkowanie-dojazd<\/a><\/p>\n<p><strong>SZCZEG\u00d3\u0141OWE INFORMACJE NA STRONIE WWW.WROCLAW.PL:<\/strong><\/p>\n<p><a href=\"https:\/\/www.wroclaw.pl\/portal\/wszystkich-swietych-2018-wroclaw\">https:\/\/www.wroclaw.pl\/portal\/wszystkich-swietych-2018-wroclaw<\/a><\/p>\n<p>&nbsp;<\/p>\n<p><strong>wf<\/strong><\/p>\n","protected":false},"excerpt":{"rendered":"<p>Przed nami dni zadumy i refleksji. Odwiedzamy groby rodzinne i znajomych. Kilkudziesi\u0119ciu stra\u017cnik\u00f3w miejskich b\u0119dzie czuwa\u0142o, od wczesnych godzin porannych do nocy,\u00a0 aby wszystko przebiega\u0142o bez problem\u00f3w. Poni\u017cej przedstawiamy kilka wa\u017cnych rad i informacji, kt\u00f3re u\u0142atwi\u0105 nam spokojne i bezpieczne wizyty na cmentarzach.<\/p>\n","protected":false},"author":4,"featured_media":4305,"comment_status":"closed","ping_status":"closed","sticky":false,"template":"","format":"standard","meta":{"footnotes":""},"categories":[16],"tags":[],"class_list":["post-4282","post","type-post","status-publish","format-standard","has-post-thumbnail","hentry","category-aktual"],"_links":{"self":[{"href":"https:\/\/smwroclaw.pl\/index.php?rest_route=\/wp\/v2\/posts\/4282","targetHints":{"allow":["GET"]}}],"collection":[{"href":"https:\/\/smwroclaw.pl\/index.php?rest_route=\/wp\/v2\/posts"}],"about":[{"href":"https:\/\/smwroclaw.pl\/index.php?rest_route=\/wp\/v2\/types\/post"}],"author":[{"embeddable":true,"href":"https:\/\/smwroclaw.pl\/index.php?rest_route=\/wp\/v2\/users\/4"}],"replies":[{"embeddable":true,"href":"https:\/\/smwroclaw.pl\/index.php?rest_route=%2Fwp%2Fv2%2Fcomments&post=4282"}],"version-history":[{"count":16,"href":"https:\/\/smwroclaw.pl\/index.php?rest_route=\/wp\/v2\/posts\/4282\/revisions"}],"predecessor-version":[{"id":4309,"href":"https:\/\/smwroclaw.pl\/index.php?rest_route=\/wp\/v2\/posts\/4282\/revisions\/4309"}],"wp:featuredmedia":[{"embeddable":true,"href":"https:\/\/smwroclaw.pl\/index.php?rest_route=\/wp\/v2\/media\/4305"}],"wp:attachment":[{"href":"https:\/\/smwroclaw.pl\/index.php?rest_route=%2Fwp%2Fv2%2Fmedia&parent=4282"}],"wp:term":[{"taxonomy":"category","embeddable":true,"href":"https:\/\/smwroclaw.pl\/index.php?rest_route=%2Fwp%2Fv2%2Fcategories&post=4282"},{"taxonomy":"post_tag","embeddable":true,"href":"https:\/\/smwroclaw.pl\/index.php?rest_route=%2Fwp%2Fv2%2Ftags&post=4282"}],"curies":[{"name":"wp","href":"https:\/\/api.w.org\/{rel}","templated":true}]}}