{"id":4449,"date":"2018-11-11T06:38:54","date_gmt":"2018-11-11T05:38:54","guid":{"rendered":"http:\/\/smwroclaw.pl\/?p=4449"},"modified":"2018-11-13T11:41:08","modified_gmt":"2018-11-13T10:41:08","slug":"100-rocznica-odzyskania-niepodleglosci-przez-polske-w-multikinie","status":"publish","type":"post","link":"https:\/\/smwroclaw.pl\/?p=4449","title":{"rendered":"100 ROCZNICA ODZYSKANIA NIEPODLEG\u0141O\u015aCI PRZEZ POLSK\u0118 W MULTIKINIE"},"content":{"rendered":"<p style=\"text-align: justify;\"><span style=\"font-family: georgia, palatino, serif; font-size: 16px;\">9 listopada 2018 r. w Multikinie Pasa\u017c Grunwaldzki<strong> st. insp. Pawe\u0142 Gr\u0105bczewski ze Stra\u017cy Miejskiej Wroc\u0142awia przypomnia\u0142 najwa\u017cniejsze wydarzenia i fakty zwi\u0105zane z obchodami 100 \u2013 lecia odzyskania niepodleg\u0142o\u015bci przez Polsk\u0119 dla ok. 120 uczni\u00f3w z wroc\u0142awskich Szk\u00f3\u0142 Podstawowych.<\/strong>\u00a0 Po 123 latach zabor\u00f3w \u2013 niewoli naznaczonej walk\u0105, cierpieniem i wysi\u0142kiem wielu pokole\u0144 Polak\u00f3w \u2013 nasz kraj odzyska\u0142 suwerenno\u015b\u0107. Krzewienie patriotyzmu w tak m\u0142odym wieku jest bardzo wa\u017cnym aspektem, a zebranie uczni\u00f3w w tak du\u017cym gronie jest \u015bwietn\u0105 okazj\u0105, by opowiedzie\u0107 dzieje ojczyste.\u00a0<\/span><\/p>\n<p><!--more--><\/p>\n<p>&nbsp;<\/p>\n<p><img fetchpriority=\"high\" decoding=\"async\" class=\"wp-image-4452 aligncenter\" src=\"https:\/\/smwroclaw.pl\/wp-content\/uploads\/2018\/11\/20181109_094832-300x288.jpg\" alt=\"\" width=\"297\" height=\"285\" srcset=\"https:\/\/smwroclaw.pl\/wp-content\/uploads\/2018\/11\/20181109_094832-300x288.jpg 300w, https:\/\/smwroclaw.pl\/wp-content\/uploads\/2018\/11\/20181109_094832-768x737.jpg 768w, https:\/\/smwroclaw.pl\/wp-content\/uploads\/2018\/11\/20181109_094832.jpg 1600w\" sizes=\"(max-width: 297px) 100vw, 297px\" \/><img decoding=\"async\" class=\"size-medium wp-image-4450 aligncenter\" src=\"https:\/\/smwroclaw.pl\/wp-content\/uploads\/2018\/11\/20181109_094701-300x242.jpg\" alt=\"\" width=\"300\" height=\"242\" srcset=\"https:\/\/smwroclaw.pl\/wp-content\/uploads\/2018\/11\/20181109_094701-300x242.jpg 300w, https:\/\/smwroclaw.pl\/wp-content\/uploads\/2018\/11\/20181109_094701-768x621.jpg 768w, https:\/\/smwroclaw.pl\/wp-content\/uploads\/2018\/11\/20181109_094701.jpg 1600w\" sizes=\"(max-width: 300px) 100vw, 300px\" \/><\/p>\n","protected":false},"excerpt":{"rendered":"<p>9 listopada 2018 r. w Multikinie Pasa\u017c Grunwaldzki st. insp. Pawe\u0142 Gr\u0105bczewski ze Stra\u017cy Miejskiej Wroc\u0142awia przypomnia\u0142 najwa\u017cniejsze wydarzenia i fakty zwi\u0105zane z obchodami 100 \u2013 lecia odzyskania niepodleg\u0142o\u015bci przez Polsk\u0119 dla ok. 120 uczni\u00f3w z wroc\u0142awskich Szk\u00f3\u0142 Podstawowych.\u00a0 Po 123 latach zabor\u00f3w \u2013 niewoli naznaczonej walk\u0105, cierpieniem i wysi\u0142kiem wielu pokole\u0144 Polak\u00f3w \u2013 nasz [&hellip;]<\/p>\n","protected":false},"author":3,"featured_media":4478,"comment_status":"closed","ping_status":"closed","sticky":false,"template":"","format":"standard","meta":{"footnotes":""},"categories":[16],"tags":[],"class_list":["post-4449","post","type-post","status-publish","format-standard","has-post-thumbnail","hentry","category-aktual"],"_links":{"self":[{"href":"https:\/\/smwroclaw.pl\/index.php?rest_route=\/wp\/v2\/posts\/4449","targetHints":{"allow":["GET"]}}],"collection":[{"href":"https:\/\/smwroclaw.pl\/index.php?rest_route=\/wp\/v2\/posts"}],"about":[{"href":"https:\/\/smwroclaw.pl\/index.php?rest_route=\/wp\/v2\/types\/post"}],"author":[{"embeddable":true,"href":"https:\/\/smwroclaw.pl\/index.php?rest_route=\/wp\/v2\/users\/3"}],"replies":[{"embeddable":true,"href":"https:\/\/smwroclaw.pl\/index.php?rest_route=%2Fwp%2Fv2%2Fcomments&post=4449"}],"version-history":[{"count":3,"href":"https:\/\/smwroclaw.pl\/index.php?rest_route=\/wp\/v2\/posts\/4449\/revisions"}],"predecessor-version":[{"id":4480,"href":"https:\/\/smwroclaw.pl\/index.php?rest_route=\/wp\/v2\/posts\/4449\/revisions\/4480"}],"wp:featuredmedia":[{"embeddable":true,"href":"https:\/\/smwroclaw.pl\/index.php?rest_route=\/wp\/v2\/media\/4478"}],"wp:attachment":[{"href":"https:\/\/smwroclaw.pl\/index.php?rest_route=%2Fwp%2Fv2%2Fmedia&parent=4449"}],"wp:term":[{"taxonomy":"category","embeddable":true,"href":"https:\/\/smwroclaw.pl\/index.php?rest_route=%2Fwp%2Fv2%2Fcategories&post=4449"},{"taxonomy":"post_tag","embeddable":true,"href":"https:\/\/smwroclaw.pl\/index.php?rest_route=%2Fwp%2Fv2%2Ftags&post=4449"}],"curies":[{"name":"wp","href":"https:\/\/api.w.org\/{rel}","templated":true}]}}