{"id":4499,"date":"2019-02-28T06:42:37","date_gmt":"2019-02-28T05:42:37","guid":{"rendered":"http:\/\/smwroclaw.pl\/?p=4499"},"modified":"2019-02-28T07:35:11","modified_gmt":"2019-02-28T06:35:11","slug":"uwaga-kierowcy-4","status":"publish","type":"post","link":"https:\/\/smwroclaw.pl\/?p=4499","title":{"rendered":"UWAGA KIEROWCY!"},"content":{"rendered":"<p style=\"text-align: justify;\"><span style=\"font-family: georgia, palatino, serif; font-size: 16px;\">W tych miejscach w okresie <strong>od 01 do 17 marca\u00a0 2019 r<\/strong>. stra\u017cnicy miejscy, b\u0119d\u0105 prowadzi\u0107 zintensyfikowane dzia\u0142ania prewencyjne, ukierunkowane na wyeliminowanie zagro\u017ce\u0144 w ruchu drogowym i pieszym:<\/span><\/p>\n<p><!--more--><\/p>\n<table width=\"645\">\n<tbody>\n<tr>\n<td width=\"30\">Lp.<\/td>\n<td width=\"114\">Dzie\u0144<\/td>\n<td width=\"419\">Miejsce<\/td>\n<td width=\"82\">&nbsp;<\/td>\n<\/tr>\n<tr>\n<td width=\"30\">1<\/td>\n<td width=\"114\"><strong>01.03.2019<\/strong><\/td>\n<td width=\"419\">ul. Kotlarska \u2013 ca\u0142a (w szczeg\u00f3lno\u015bci od pl. Nowy Targ do ul. Szewskiej)<\/td>\n<td width=\"82\">Park<\/p>\n<p>Kulturowy<\/td>\n<\/tr>\n<tr>\n<td width=\"30\">2<\/td>\n<td width=\"114\"><strong>02.03.2019<\/strong><\/td>\n<td width=\"419\">ul. Komandorska od Kamiennej do Skwerowej \u2013 parkowanie na chodnikach brak 1,5 metra przej\u015bcia dla pieszych oraz za znakiem b-36<\/td>\n<td width=\"82\">&nbsp;<\/td>\n<\/tr>\n<tr>\n<td width=\"30\">3<\/td>\n<td width=\"114\"><strong>03.03.2019<\/strong><\/td>\n<td width=\"419\">ul. Legnicka 46 \u2013 parkowanie na chodniku brak 1,5 metra przej\u015bcia dla pieszych<\/td>\n<td width=\"82\">&nbsp;<\/td>\n<\/tr>\n<tr>\n<td width=\"30\">4<\/td>\n<td width=\"114\"><strong>04.03.2019<\/strong><\/td>\n<td width=\"419\">ul. Krasi\u0144skiego przy Poczcie \u2013 parkowanie na chodniku brak 1,5 metra przej\u015bcia dla pieszych<\/td>\n<td width=\"82\">&nbsp;<\/td>\n<\/tr>\n<tr>\n<td width=\"30\">5<\/td>\n<td width=\"114\"><strong>05.03.2019<\/strong><\/td>\n<td width=\"419\">ul. \u015aw. Antoniego \u2013 strefa zamieszkania<\/p>\n<p>ul. W\u0142odkowica &#8211; b-36<\/td>\n<td width=\"82\">Park<\/p>\n<p>Kulturowy<\/td>\n<\/tr>\n<tr>\n<td width=\"30\">6<\/td>\n<td width=\"114\"><strong>06.03.2019<\/strong><\/td>\n<td width=\"419\">ul. Stab\u0142owicka na wysoko\u015bci nr 95 parkowanie na chodniku brak 1,5 metra przej\u015bcia dla pieszych<\/td>\n<td width=\"82\">&nbsp;<\/td>\n<\/tr>\n<tr>\n<td width=\"30\">7<\/td>\n<td width=\"114\"><strong>07.03.2019<\/strong><\/td>\n<td width=\"419\">ul. Altanowa parkowanie na chodniku brak 1,5 metra przej\u015bcia dla pieszych<\/td>\n<td width=\"82\">&nbsp;<\/td>\n<\/tr>\n<tr>\n<td width=\"30\">8<\/td>\n<td width=\"114\"><strong>08.03.2019<\/strong><\/td>\n<td width=\"419\">ul. Rymarska przy szkole \u2013 parkowanie na chodnikach brak 1,5 metra przej\u015bcia dla pieszych oraz w miejscu obowi\u0105zywania znaku b-36<\/td>\n<td width=\"82\">&nbsp;<\/td>\n<\/tr>\n<tr>\n<td width=\"30\">9<\/td>\n<td width=\"114\"><strong>09.03.2019<\/strong><\/td>\n<td width=\"419\">ul. Komandorska od Kamiennej do Skwerowej \u2013 parkowanie na chodnikach brak 1,5 metra przej\u015bcia dla pieszych oraz za znakiem b-36<\/td>\n<td width=\"82\">&nbsp;<\/td>\n<\/tr>\n<tr>\n<td width=\"30\">10<\/td>\n<td width=\"114\"><strong>10.03.2019<\/strong><\/td>\n<td width=\"419\">ul. Kotlarska \u2013 ca\u0142a (w szczeg\u00f3lno\u015bci od pl. Nowy Targ do ul. Szewskiej)<\/td>\n<td width=\"82\">Park Kulturowy<\/td>\n<\/tr>\n<tr>\n<td width=\"30\">11<\/td>\n<td width=\"114\"><strong>11.03.2019<\/strong><\/td>\n<td width=\"419\">ul. Ksi\u0119cia Witolda a Jagie\u0142\u0142y,- skrzy\u017cowanie, chodniki i przej\u015bcia dla pieszych<\/td>\n<td width=\"82\">&nbsp;<\/td>\n<\/tr>\n<tr>\n<td width=\"30\">12<\/td>\n<td width=\"114\"><strong>12.03.2019<\/strong><\/td>\n<td width=\"419\">ul. Stab\u0142owicka na wysoko\u015bci nr 95 parkowanie na chodniku brak 1,5 metra przej\u015bcia dla pieszych<\/td>\n<td width=\"82\">&nbsp;<\/td>\n<\/tr>\n<tr>\n<td width=\"30\">13<\/td>\n<td width=\"114\"><strong>13.03.2019<\/strong><\/td>\n<td width=\"419\">ul. \u015aw. Antoniego \u2013 strefa zamieszkania<\/p>\n<p>ul. W\u0142odkowica &#8211; b-36<\/td>\n<td width=\"82\">Park Kulturowy<\/td>\n<\/tr>\n<tr>\n<td width=\"30\">14<\/td>\n<td width=\"114\"><strong>14.03.2019<\/strong><\/td>\n<td width=\"419\">ul. Krakowska naprzeciwko stacji Shell parkowanie na chodniku brak 1,5 metra przej\u015bcia dla pieszych<\/td>\n<td width=\"82\">&nbsp;<\/td>\n<\/tr>\n<tr>\n<td width=\"30\">15<\/td>\n<td width=\"114\"><strong>15.03.2019<\/strong><\/td>\n<td width=\"419\">ul. Rymarska przy szkole \u2013 parkowanie na chodnikach brak 1,5 metra przej\u015bcia dla pieszych oraz w miejscu obowi\u0105zywania znaku b-36<\/td>\n<td width=\"82\">&nbsp;<\/td>\n<\/tr>\n<tr>\n<td width=\"30\">16<\/td>\n<td width=\"114\"><strong>16.03.2019<\/strong><\/td>\n<td width=\"419\">ul. Komandorska od Kamiennej do Skwerowej \u2013 parkowanie na chodnikach brak 1,5 metra przej\u015bcia dla pieszych oraz za znakiem b-36<\/td>\n<td width=\"82\">&nbsp;<\/td>\n<\/tr>\n<tr>\n<td width=\"30\">17<\/td>\n<td width=\"114\"><strong>17.03.2019<\/strong><\/td>\n<td width=\"419\">ul. Krasi\u0144skiego przy Poczcie \u2013 parkowanie na chodniku brak 1,5 metra przej\u015bcia dla pieszych<\/td>\n<td width=\"82\">&nbsp;<\/td>\n<\/tr>\n<\/tbody>\n<\/table>\n<p><strong>wf<\/strong><\/p>\n","protected":false},"excerpt":{"rendered":"<p>W tych miejscach w okresie od 01 do 17 marca\u00a0 2019 r. stra\u017cnicy miejscy, b\u0119d\u0105 prowadzi\u0107 zintensyfikowane dzia\u0142ania prewencyjne, ukierunkowane na wyeliminowanie zagro\u017ce\u0144 w ruchu drogowym i pieszym:<\/p>\n","protected":false},"author":4,"featured_media":1817,"comment_status":"closed","ping_status":"closed","sticky":false,"template":"","format":"standard","meta":{"footnotes":""},"categories":[16],"tags":[],"class_list":["post-4499","post","type-post","status-publish","format-standard","has-post-thumbnail","hentry","category-aktual"],"_links":{"self":[{"href":"https:\/\/smwroclaw.pl\/index.php?rest_route=\/wp\/v2\/posts\/4499","targetHints":{"allow":["GET"]}}],"collection":[{"href":"https:\/\/smwroclaw.pl\/index.php?rest_route=\/wp\/v2\/posts"}],"about":[{"href":"https:\/\/smwroclaw.pl\/index.php?rest_route=\/wp\/v2\/types\/post"}],"author":[{"embeddable":true,"href":"https:\/\/smwroclaw.pl\/index.php?rest_route=\/wp\/v2\/users\/4"}],"replies":[{"embeddable":true,"href":"https:\/\/smwroclaw.pl\/index.php?rest_route=%2Fwp%2Fv2%2Fcomments&post=4499"}],"version-history":[{"count":17,"href":"https:\/\/smwroclaw.pl\/index.php?rest_route=\/wp\/v2\/posts\/4499\/revisions"}],"predecessor-version":[{"id":5979,"href":"https:\/\/smwroclaw.pl\/index.php?rest_route=\/wp\/v2\/posts\/4499\/revisions\/5979"}],"wp:featuredmedia":[{"embeddable":true,"href":"https:\/\/smwroclaw.pl\/index.php?rest_route=\/wp\/v2\/media\/1817"}],"wp:attachment":[{"href":"https:\/\/smwroclaw.pl\/index.php?rest_route=%2Fwp%2Fv2%2Fmedia&parent=4499"}],"wp:term":[{"taxonomy":"category","embeddable":true,"href":"https:\/\/smwroclaw.pl\/index.php?rest_route=%2Fwp%2Fv2%2Fcategories&post=4499"},{"taxonomy":"post_tag","embeddable":true,"href":"https:\/\/smwroclaw.pl\/index.php?rest_route=%2Fwp%2Fv2%2Ftags&post=4499"}],"curies":[{"name":"wp","href":"https:\/\/api.w.org\/{rel}","templated":true}]}}