{"id":4526,"date":"2018-11-20T11:36:36","date_gmt":"2018-11-20T10:36:36","guid":{"rendered":"http:\/\/smwroclaw.pl\/?p=4526"},"modified":"2018-11-22T07:24:17","modified_gmt":"2018-11-22T06:24:17","slug":"wyniki-konkursu-plastycznego-badz-widoczny-nos-odblaski-2018-2019","status":"publish","type":"post","link":"https:\/\/smwroclaw.pl\/?p=4526","title":{"rendered":"WYNIKI KONKURSU PLASTYCZNEGO \u201eB\u0104D\u0179 WIDOCZNY \u2013 NO\u015a ODBLASKI 2018\/2019\u201d"},"content":{"rendered":"<p style=\"text-align: center;\"><strong><span style=\"font-family: georgia, palatino, serif; font-size: 16px;\">Wernisa\u017c i uroczyste spotkanie laureat\u00f3w po\u0142\u0105czone z wr\u0119czeniem nagr\u00f3d odb\u0119dzie si\u0119<\/span><\/strong><\/p>\n<p style=\"text-align: center;\"><span style=\"font-family: georgia, palatino, serif; font-size: 16px;\"><strong>28.11.2018 r. o godz. 13.00 <\/strong><\/span><\/p>\n<p style=\"text-align: center;\"><span style=\"font-family: georgia, palatino, serif; font-size: 16px;\">w Komendzie Stra\u017cy Miejskiej Wroc\u0142awia ul. Gwarna 5\/7\u00a0 we Wroc\u0142awiu<\/span><\/p>\n<p style=\"text-align: center;\"><span style=\"font-family: georgia, palatino, serif; font-size: 16px;\">Serdecznie zapraszamy<\/span><\/p>\n<p><!--more--><\/p>\n<p>&nbsp;<\/p>\n<p><img fetchpriority=\"high\" decoding=\"async\" class=\"wp-image-4527 aligncenter\" src=\"https:\/\/smwroclaw.pl\/wp-content\/uploads\/2018\/11\/Protok\u00f3\u0142-pracy-jury-page-0-212x300.jpg\" alt=\"\" width=\"601\" height=\"850\" srcset=\"https:\/\/smwroclaw.pl\/wp-content\/uploads\/2018\/11\/Protok\u00f3\u0142-pracy-jury-page-0-212x300.jpg 212w, https:\/\/smwroclaw.pl\/wp-content\/uploads\/2018\/11\/Protok\u00f3\u0142-pracy-jury-page-0-768x1086.jpg 768w\" sizes=\"(max-width: 601px) 100vw, 601px\" \/><\/p>\n<p><a href=\"https:\/\/smwroclaw.pl\/wp-content\/uploads\/2018\/11\/Protok\u00f3\u0142-pracy-jury.pdf\">Protok\u00f3\u0142 pracy jury<\/a><\/p>\n<p>SN<\/p>\n","protected":false},"excerpt":{"rendered":"<p>Wernisa\u017c i uroczyste spotkanie laureat\u00f3w po\u0142\u0105czone z wr\u0119czeniem nagr\u00f3d odb\u0119dzie si\u0119 28.11.2018 r. o godz. 13.00 w Komendzie Stra\u017cy Miejskiej Wroc\u0142awia ul. Gwarna 5\/7\u00a0 we Wroc\u0142awiu Serdecznie zapraszamy<\/p>\n","protected":false},"author":3,"featured_media":3515,"comment_status":"closed","ping_status":"closed","sticky":false,"template":"","format":"standard","meta":{"footnotes":""},"categories":[16,33],"tags":[],"class_list":["post-4526","post","type-post","status-publish","format-standard","has-post-thumbnail","hentry","category-aktual","category-prew"],"_links":{"self":[{"href":"https:\/\/smwroclaw.pl\/index.php?rest_route=\/wp\/v2\/posts\/4526","targetHints":{"allow":["GET"]}}],"collection":[{"href":"https:\/\/smwroclaw.pl\/index.php?rest_route=\/wp\/v2\/posts"}],"about":[{"href":"https:\/\/smwroclaw.pl\/index.php?rest_route=\/wp\/v2\/types\/post"}],"author":[{"embeddable":true,"href":"https:\/\/smwroclaw.pl\/index.php?rest_route=\/wp\/v2\/users\/3"}],"replies":[{"embeddable":true,"href":"https:\/\/smwroclaw.pl\/index.php?rest_route=%2Fwp%2Fv2%2Fcomments&post=4526"}],"version-history":[{"count":5,"href":"https:\/\/smwroclaw.pl\/index.php?rest_route=\/wp\/v2\/posts\/4526\/revisions"}],"predecessor-version":[{"id":4550,"href":"https:\/\/smwroclaw.pl\/index.php?rest_route=\/wp\/v2\/posts\/4526\/revisions\/4550"}],"wp:featuredmedia":[{"embeddable":true,"href":"https:\/\/smwroclaw.pl\/index.php?rest_route=\/wp\/v2\/media\/3515"}],"wp:attachment":[{"href":"https:\/\/smwroclaw.pl\/index.php?rest_route=%2Fwp%2Fv2%2Fmedia&parent=4526"}],"wp:term":[{"taxonomy":"category","embeddable":true,"href":"https:\/\/smwroclaw.pl\/index.php?rest_route=%2Fwp%2Fv2%2Fcategories&post=4526"},{"taxonomy":"post_tag","embeddable":true,"href":"https:\/\/smwroclaw.pl\/index.php?rest_route=%2Fwp%2Fv2%2Ftags&post=4526"}],"curies":[{"name":"wp","href":"https:\/\/api.w.org\/{rel}","templated":true}]}}