{"id":4539,"date":"2018-11-21T12:30:02","date_gmt":"2018-11-21T11:30:02","guid":{"rendered":"http:\/\/smwroclaw.pl\/?p=4539"},"modified":"2018-11-22T07:23:07","modified_gmt":"2018-11-22T06:23:07","slug":"podziekowania-dla-strazy-miejskiej-za-udzial-w-dniach-seniora","status":"publish","type":"post","link":"https:\/\/smwroclaw.pl\/?p=4539","title":{"rendered":"PODZI\u0118KOWANIA DLA STRA\u017bY MIEJSKIEJ ZA UDZIA\u0141 W DNIACH SENIORA"},"content":{"rendered":"<p style=\"text-align: justify;\"><span style=\"font-family: georgia, palatino, serif; font-size: 16px;\">Od 14 wrze\u015bnia do 7 pa\u017adziernika 2018 r. odby\u0142a si\u0119 dziesi\u0105t\u0105 edycj\u0119 Dni Seniora we Wroc\u0142awiu. Dni Seniora maj\u0105 na celu ukaza\u0107 potencja\u0142 spo\u0142eczny os\u00f3b starszych oraz podkre\u015bli\u0107 ich istotn\u0105 rol\u0119 w spo\u0142ecze\u0144stwie. Przez miesi\u0105c na senior\u00f3w czeka\u0142o mn\u00f3stwo r\u00f3\u017cnych atrakcji i niespodzianek. \u00a0Obchody rozpocz\u0105\u0142 Korow\u00f3d senior\u00f3w z Dolnego \u015al\u0105ska w pi\u0119knych kapeluszach i <strong>asy\u015bcie\u00a0Patroli Konnych Stra\u017cy Miejskiej<\/strong>. \u015awi\u0119to mia\u0142o charakter mi\u0119dzynarodowy i wielopokoleniowy.<\/span><\/p>\n<p><!--more--><\/p>\n<p>&nbsp;<\/p>\n<p>&nbsp;<\/p>\n<p><img fetchpriority=\"high\" decoding=\"async\" class=\"alignnone wp-image-4541\" src=\"https:\/\/smwroclaw.pl\/wp-content\/uploads\/2018\/11\/DSCN1059-300x225.jpg\" alt=\"\" width=\"360\" height=\"270\" srcset=\"https:\/\/smwroclaw.pl\/wp-content\/uploads\/2018\/11\/DSCN1059-300x225.jpg 300w, https:\/\/smwroclaw.pl\/wp-content\/uploads\/2018\/11\/DSCN1059-768x576.jpg 768w, https:\/\/smwroclaw.pl\/wp-content\/uploads\/2018\/11\/DSCN1059.jpg 1600w\" sizes=\"(max-width: 360px) 100vw, 360px\" \/> <img decoding=\"async\" class=\"alignnone wp-image-4543\" src=\"https:\/\/smwroclaw.pl\/wp-content\/uploads\/2018\/11\/scan-page-0-212x300.jpg\" alt=\"\" width=\"193\" height=\"273\" srcset=\"https:\/\/smwroclaw.pl\/wp-content\/uploads\/2018\/11\/scan-page-0-212x300.jpg 212w, https:\/\/smwroclaw.pl\/wp-content\/uploads\/2018\/11\/scan-page-0-768x1086.jpg 768w, https:\/\/smwroclaw.pl\/wp-content\/uploads\/2018\/11\/scan-page-0.jpg 1131w\" sizes=\"(max-width: 193px) 100vw, 193px\" \/><img decoding=\"async\" class=\"alignnone size-medium wp-image-4540\" src=\"https:\/\/smwroclaw.pl\/wp-content\/uploads\/2018\/11\/DSCN0891-300x278.jpg\" alt=\"\" width=\"300\" height=\"278\" srcset=\"https:\/\/smwroclaw.pl\/wp-content\/uploads\/2018\/11\/DSCN0891-300x278.jpg 300w, https:\/\/smwroclaw.pl\/wp-content\/uploads\/2018\/11\/DSCN0891-768x712.jpg 768w, https:\/\/smwroclaw.pl\/wp-content\/uploads\/2018\/11\/DSCN0891.jpg 1600w\" sizes=\"(max-width: 300px) 100vw, 300px\" \/><\/p>\n","protected":false},"excerpt":{"rendered":"<p>Od 14 wrze\u015bnia do 7 pa\u017adziernika 2018 r. odby\u0142a si\u0119 dziesi\u0105t\u0105 edycj\u0119 Dni Seniora we Wroc\u0142awiu. Dni Seniora maj\u0105 na celu ukaza\u0107 potencja\u0142 spo\u0142eczny os\u00f3b starszych oraz podkre\u015bli\u0107 ich istotn\u0105 rol\u0119 w spo\u0142ecze\u0144stwie. Przez miesi\u0105c na senior\u00f3w czeka\u0142o mn\u00f3stwo r\u00f3\u017cnych atrakcji i niespodzianek. \u00a0Obchody rozpocz\u0105\u0142 Korow\u00f3d senior\u00f3w z Dolnego \u015al\u0105ska w pi\u0119knych kapeluszach i asy\u015bcie\u00a0Patroli [&hellip;]<\/p>\n","protected":false},"author":3,"featured_media":4542,"comment_status":"closed","ping_status":"closed","sticky":false,"template":"","format":"standard","meta":{"footnotes":""},"categories":[16,33],"tags":[],"class_list":["post-4539","post","type-post","status-publish","format-standard","has-post-thumbnail","hentry","category-aktual","category-prew"],"_links":{"self":[{"href":"https:\/\/smwroclaw.pl\/index.php?rest_route=\/wp\/v2\/posts\/4539","targetHints":{"allow":["GET"]}}],"collection":[{"href":"https:\/\/smwroclaw.pl\/index.php?rest_route=\/wp\/v2\/posts"}],"about":[{"href":"https:\/\/smwroclaw.pl\/index.php?rest_route=\/wp\/v2\/types\/post"}],"author":[{"embeddable":true,"href":"https:\/\/smwroclaw.pl\/index.php?rest_route=\/wp\/v2\/users\/3"}],"replies":[{"embeddable":true,"href":"https:\/\/smwroclaw.pl\/index.php?rest_route=%2Fwp%2Fv2%2Fcomments&post=4539"}],"version-history":[{"count":6,"href":"https:\/\/smwroclaw.pl\/index.php?rest_route=\/wp\/v2\/posts\/4539\/revisions"}],"predecessor-version":[{"id":4549,"href":"https:\/\/smwroclaw.pl\/index.php?rest_route=\/wp\/v2\/posts\/4539\/revisions\/4549"}],"wp:featuredmedia":[{"embeddable":true,"href":"https:\/\/smwroclaw.pl\/index.php?rest_route=\/wp\/v2\/media\/4542"}],"wp:attachment":[{"href":"https:\/\/smwroclaw.pl\/index.php?rest_route=%2Fwp%2Fv2%2Fmedia&parent=4539"}],"wp:term":[{"taxonomy":"category","embeddable":true,"href":"https:\/\/smwroclaw.pl\/index.php?rest_route=%2Fwp%2Fv2%2Fcategories&post=4539"},{"taxonomy":"post_tag","embeddable":true,"href":"https:\/\/smwroclaw.pl\/index.php?rest_route=%2Fwp%2Fv2%2Ftags&post=4539"}],"curies":[{"name":"wp","href":"https:\/\/api.w.org\/{rel}","templated":true}]}}