{"id":4554,"date":"2018-11-22T11:22:29","date_gmt":"2018-11-22T10:22:29","guid":{"rendered":"http:\/\/smwroclaw.pl\/?p=4554"},"modified":"2018-11-22T13:07:22","modified_gmt":"2018-11-22T12:07:22","slug":"odpowiedzialnosc-nieletnich","status":"publish","type":"post","link":"https:\/\/smwroclaw.pl\/?p=4554","title":{"rendered":"ODPOWIEDZIALNO\u015a\u0106 NIELETNICH"},"content":{"rendered":"<p><span style=\"font-size: 16px; font-family: georgia, palatino, serif;\">21 listopada 2018 r. w Centrum Edukacji Kulturalnej Dzieci \u00a0i M\u0142odzie\u017cy we Wroc\u0142awiu <strong>st. insp. Krystyna Chmura i st. insp. Bogdan Dobosz z zespo\u0142u ds. Koordynacji Program\u00f3w Prewencyjnych przeprowadzili prelekcj\u0119 \u00a0\u201eOdpowiedzialno\u015b\u0107 prawno \u2013 karna nieletnich\u201d.<\/strong> Funkcjonariusze zwr\u00f3cili uwag\u0119 na cz\u0119sto pope\u0142niane czyny karalne. Polskie prawo reguluje zakres odpowiedzialno\u015bci karnej i wyra\u017anie rozdziela odpowiedzialno\u015b\u0107 dzieci i m\u0142odzie\u017cy od odpowiedzialno\u015bci os\u00f3b doros\u0142ych stosuj\u0105c nieco odmienne \u015brodki wychowawcze i karne. Uczestnicy zaj\u0119\u0107 bardzo ch\u0119tnie brali udzia\u0142 w dyskusji i zadawali pytania.<\/span><\/p>\n<p><!--more--><\/p>\n<p>&nbsp;<\/p>\n<p>&nbsp;<\/p>\n<p><img fetchpriority=\"high\" decoding=\"async\" class=\"alignnone size-medium wp-image-4561\" src=\"https:\/\/smwroclaw.pl\/wp-content\/uploads\/2018\/11\/skanowanie-page-0-212x300.jpg\" alt=\"\" width=\"212\" height=\"300\" srcset=\"https:\/\/smwroclaw.pl\/wp-content\/uploads\/2018\/11\/skanowanie-page-0-212x300.jpg 212w, https:\/\/smwroclaw.pl\/wp-content\/uploads\/2018\/11\/skanowanie-page-0-768x1087.jpg 768w\" sizes=\"(max-width: 212px) 100vw, 212px\" \/><img decoding=\"async\" class=\"alignnone size-medium wp-image-4559\" src=\"https:\/\/smwroclaw.pl\/wp-content\/uploads\/2018\/11\/46653462_1164125127061525_6522223093870493696_n-298x300.jpg\" alt=\"\" width=\"298\" height=\"300\" srcset=\"https:\/\/smwroclaw.pl\/wp-content\/uploads\/2018\/11\/46653462_1164125127061525_6522223093870493696_n-298x300.jpg 298w, https:\/\/smwroclaw.pl\/wp-content\/uploads\/2018\/11\/46653462_1164125127061525_6522223093870493696_n-768x773.jpg 768w, https:\/\/smwroclaw.pl\/wp-content\/uploads\/2018\/11\/46653462_1164125127061525_6522223093870493696_n.jpg 1590w\" sizes=\"(max-width: 298px) 100vw, 298px\" \/><\/p>\n<p><img decoding=\"async\" class=\"alignnone size-medium wp-image-4558\" src=\"https:\/\/smwroclaw.pl\/wp-content\/uploads\/2018\/11\/46524022_255584108450213_6734293237323792384_n-287x300.jpg\" alt=\"\" width=\"287\" height=\"300\" srcset=\"https:\/\/smwroclaw.pl\/wp-content\/uploads\/2018\/11\/46524022_255584108450213_6734293237323792384_n-287x300.jpg 287w, https:\/\/smwroclaw.pl\/wp-content\/uploads\/2018\/11\/46524022_255584108450213_6734293237323792384_n-768x802.jpg 768w, https:\/\/smwroclaw.pl\/wp-content\/uploads\/2018\/11\/46524022_255584108450213_6734293237323792384_n.jpg 1533w\" sizes=\"(max-width: 287px) 100vw, 287px\" \/><img loading=\"lazy\" decoding=\"async\" class=\"alignnone size-medium wp-image-4560\" src=\"https:\/\/smwroclaw.pl\/wp-content\/uploads\/2018\/11\/skanowanie0001-page-0-212x300.jpg\" alt=\"\" width=\"212\" height=\"300\" srcset=\"https:\/\/smwroclaw.pl\/wp-content\/uploads\/2018\/11\/skanowanie0001-page-0-212x300.jpg 212w, https:\/\/smwroclaw.pl\/wp-content\/uploads\/2018\/11\/skanowanie0001-page-0-768x1087.jpg 768w\" sizes=\"(max-width: 212px) 100vw, 212px\" \/><\/p>\n<p><img loading=\"lazy\" decoding=\"async\" class=\"alignnone size-medium wp-image-4556\" src=\"https:\/\/smwroclaw.pl\/wp-content\/uploads\/2018\/11\/46503374_504838239993799_5416161640968093696_n-300x220.jpg\" alt=\"\" width=\"300\" height=\"220\" srcset=\"https:\/\/smwroclaw.pl\/wp-content\/uploads\/2018\/11\/46503374_504838239993799_5416161640968093696_n-300x220.jpg 300w, https:\/\/smwroclaw.pl\/wp-content\/uploads\/2018\/11\/46503374_504838239993799_5416161640968093696_n-768x564.jpg 768w, https:\/\/smwroclaw.pl\/wp-content\/uploads\/2018\/11\/46503374_504838239993799_5416161640968093696_n.jpg 1600w\" sizes=\"(max-width: 300px) 100vw, 300px\" \/><img loading=\"lazy\" decoding=\"async\" class=\"alignnone wp-image-4555\" src=\"https:\/\/smwroclaw.pl\/wp-content\/uploads\/2018\/11\/46482658_269833597056483_8439326843596701696_n-300x179.jpg\" alt=\"\" width=\"370\" height=\"221\" srcset=\"https:\/\/smwroclaw.pl\/wp-content\/uploads\/2018\/11\/46482658_269833597056483_8439326843596701696_n-300x179.jpg 300w, https:\/\/smwroclaw.pl\/wp-content\/uploads\/2018\/11\/46482658_269833597056483_8439326843596701696_n-768x457.jpg 768w, https:\/\/smwroclaw.pl\/wp-content\/uploads\/2018\/11\/46482658_269833597056483_8439326843596701696_n.jpg 1600w\" sizes=\"(max-width: 370px) 100vw, 370px\" \/><\/p>\n<p>SN<\/p>\n","protected":false},"excerpt":{"rendered":"<p>21 listopada 2018 r. w Centrum Edukacji Kulturalnej Dzieci \u00a0i M\u0142odzie\u017cy we Wroc\u0142awiu st. insp. Krystyna Chmura i st. insp. Bogdan Dobosz z zespo\u0142u ds. Koordynacji Program\u00f3w Prewencyjnych przeprowadzili prelekcj\u0119 \u00a0\u201eOdpowiedzialno\u015b\u0107 prawno \u2013 karna nieletnich\u201d. Funkcjonariusze zwr\u00f3cili uwag\u0119 na cz\u0119sto pope\u0142niane czyny karalne. Polskie prawo reguluje zakres odpowiedzialno\u015bci karnej i wyra\u017anie rozdziela odpowiedzialno\u015b\u0107 dzieci i [&hellip;]<\/p>\n","protected":false},"author":3,"featured_media":4562,"comment_status":"closed","ping_status":"closed","sticky":false,"template":"","format":"standard","meta":{"footnotes":""},"categories":[16,33],"tags":[],"class_list":["post-4554","post","type-post","status-publish","format-standard","has-post-thumbnail","hentry","category-aktual","category-prew"],"_links":{"self":[{"href":"https:\/\/smwroclaw.pl\/index.php?rest_route=\/wp\/v2\/posts\/4554","targetHints":{"allow":["GET"]}}],"collection":[{"href":"https:\/\/smwroclaw.pl\/index.php?rest_route=\/wp\/v2\/posts"}],"about":[{"href":"https:\/\/smwroclaw.pl\/index.php?rest_route=\/wp\/v2\/types\/post"}],"author":[{"embeddable":true,"href":"https:\/\/smwroclaw.pl\/index.php?rest_route=\/wp\/v2\/users\/3"}],"replies":[{"embeddable":true,"href":"https:\/\/smwroclaw.pl\/index.php?rest_route=%2Fwp%2Fv2%2Fcomments&post=4554"}],"version-history":[{"count":5,"href":"https:\/\/smwroclaw.pl\/index.php?rest_route=\/wp\/v2\/posts\/4554\/revisions"}],"predecessor-version":[{"id":4567,"href":"https:\/\/smwroclaw.pl\/index.php?rest_route=\/wp\/v2\/posts\/4554\/revisions\/4567"}],"wp:featuredmedia":[{"embeddable":true,"href":"https:\/\/smwroclaw.pl\/index.php?rest_route=\/wp\/v2\/media\/4562"}],"wp:attachment":[{"href":"https:\/\/smwroclaw.pl\/index.php?rest_route=%2Fwp%2Fv2%2Fmedia&parent=4554"}],"wp:term":[{"taxonomy":"category","embeddable":true,"href":"https:\/\/smwroclaw.pl\/index.php?rest_route=%2Fwp%2Fv2%2Fcategories&post=4554"},{"taxonomy":"post_tag","embeddable":true,"href":"https:\/\/smwroclaw.pl\/index.php?rest_route=%2Fwp%2Fv2%2Ftags&post=4554"}],"curies":[{"name":"wp","href":"https:\/\/api.w.org\/{rel}","templated":true}]}}