{"id":4595,"date":"2018-11-28T15:05:10","date_gmt":"2018-11-28T14:05:10","guid":{"rendered":"http:\/\/smwroclaw.pl\/?p=4595"},"modified":"2018-11-28T15:05:10","modified_gmt":"2018-11-28T14:05:10","slug":"misja-zupa-cieply-posilek-trafi-do-potrzebujacych","status":"publish","type":"post","link":"https:\/\/smwroclaw.pl\/?p=4595","title":{"rendered":"MISJA ZUPA &#8211; CIEP\u0141Y POSI\u0141EK TRAFI DO  POTRZEBUJ\u0104CYCH"},"content":{"rendered":"<p style=\"text-align: justify;\"><span style=\"font-family: georgia, palatino, serif; font-size: 16px;\">Porcja gor\u0105cej zupy ratuj\u0105ca \u017cycie \u2013 tak w praktyce mo\u017ce wygl\u0105da\u0107 zainaugurowany pilota\u017cowy projekt <strong>Misja ZUPA<\/strong>. Jad\u0142odajnia <strong>Caritas Archidiecezji Wroc\u0142awskiej<\/strong> przez ca\u0142\u0105 zim\u0119 b\u0119dzie przygotowana na wydanie 100 porcji gor\u0105cej zupy dla bezdomnych i ubogich wroc\u0142awian. <strong>Misja ZUPA<\/strong> mo\u017ce by\u0107 realizowana dzi\u0119ki wsp\u00f3\u0142pracy z policj\u0105 i<strong> Stra\u017c\u0105 Miejsk\u0105 Wroc\u0142awia<\/strong>. W dalszej cz\u0119\u015bci artyku\u0142u relacja radiowa i zdj\u0119cia.<\/span><\/p>\n<p><a href=\"http:\/\/wroclaw.caritas.pl\/2018\/11\/28\/misja-zupa\/\" target=\"_blank\" rel=\"nofollow noopener\" data-ft=\"{&quot;tn&quot;:&quot;-U&quot;}\" data-lynx-mode=\"asynclazy\" data-lynx-uri=\"https:\/\/l.facebook.com\/l.php?u=http%3A%2F%2Fwroclaw.caritas.pl%2F2018%2F11%2F28%2Fmisja-zupa%2F&amp;h=AT34-qCV2xxdzfaAYBx_aWcC7FYn_wN3a-xcR-UDR6vlJERujtO1jWXYV_4ML_ZE0Ioif8sQaG0CnipkutxuU4pqSr47cKR5aUwPC04NUvafxCWFyL-Skfg97A6z25ewf9jQ6COEGoq7pq1CFn_LZQ8AFk17fVpDrV36nvcND4C4XgSAKA\">http:\/\/wroclaw.caritas.pl\/2018\/11\/28\/misja-zupa\/<\/a><\/p>\n<p><!--more--><\/p>\n<p>&nbsp;<\/p>\n<p>Relacja na antenie Radio Wroc\u0142aw<\/p>\n<p><a href=\"https:\/\/www.radiowroclaw.pl\/articles\/view\/82805\/Projekt-Misja-Zupa-we-Wroclawiu\">https:\/\/www.radiowroclaw.pl\/articles\/view\/82805\/Projekt-Misja-Zupa-we-Wroclawiu<\/a><\/p>\n<p><img fetchpriority=\"high\" decoding=\"async\" class=\"wp-image-4597 aligncenter\" src=\"https:\/\/smwroclaw.pl\/wp-content\/uploads\/2018\/11\/12vKvHrdC6.jpg\" alt=\"\" width=\"611\" height=\"458\" srcset=\"https:\/\/smwroclaw.pl\/wp-content\/uploads\/2018\/11\/12vKvHrdC6.jpg 1000w, https:\/\/smwroclaw.pl\/wp-content\/uploads\/2018\/11\/12vKvHrdC6-300x225.jpg 300w, https:\/\/smwroclaw.pl\/wp-content\/uploads\/2018\/11\/12vKvHrdC6-768x576.jpg 768w\" sizes=\"(max-width: 611px) 100vw, 611px\" \/><\/p>\n<p><span style=\"font-size: 12px;\">\u00a0\u00a0\u00a0\u00a0\u00a0\u00a0\u00a0\u00a0\u00a0\u00a0\u00a0\u00a0\u00a0\u00a0\u00a0\u00a0\u00a0\u00a0\u00a0\u00a0\u00a0\u00a0\u00a0\u00a0\u00a0\u00a0\u00a0 \u00a0 \u00a0 \u00a0 \u00a0 fot.Piotr Osowicz<\/span><\/p>\n<p><img decoding=\"async\" class=\" wp-image-4600 aligncenter\" src=\"https:\/\/smwroclaw.pl\/wp-content\/uploads\/2018\/11\/Projekt-Misja-Zupa-we-Wroclawiu-1.jpg\" alt=\"\" width=\"630\" height=\"473\" srcset=\"https:\/\/smwroclaw.pl\/wp-content\/uploads\/2018\/11\/Projekt-Misja-Zupa-we-Wroclawiu-1.jpg 1000w, https:\/\/smwroclaw.pl\/wp-content\/uploads\/2018\/11\/Projekt-Misja-Zupa-we-Wroclawiu-1-300x225.jpg 300w, https:\/\/smwroclaw.pl\/wp-content\/uploads\/2018\/11\/Projekt-Misja-Zupa-we-Wroclawiu-1-768x576.jpg 768w\" sizes=\"(max-width: 630px) 100vw, 630px\" \/><\/p>\n<p><span style=\"font-size: 12px;\">\u00a0\u00a0\u00a0\u00a0\u00a0\u00a0\u00a0\u00a0\u00a0\u00a0\u00a0\u00a0\u00a0\u00a0\u00a0\u00a0\u00a0\u00a0\u00a0\u00a0\u00a0\u00a0\u00a0\u00a0\u00a0\u00a0\u00a0\u00a0\u00a0\u00a0\u00a0\u00a0\u00a0 fot.Piotr Osowicz<\/span><\/p>\n<p><strong>wf<\/strong><\/p>\n","protected":false},"excerpt":{"rendered":"<p>Porcja gor\u0105cej zupy ratuj\u0105ca \u017cycie \u2013 tak w praktyce mo\u017ce wygl\u0105da\u0107 zainaugurowany pilota\u017cowy projekt Misja ZUPA. Jad\u0142odajnia Caritas Archidiecezji Wroc\u0142awskiej przez ca\u0142\u0105 zim\u0119 b\u0119dzie przygotowana na wydanie 100 porcji gor\u0105cej zupy dla bezdomnych i ubogich wroc\u0142awian. Misja ZUPA mo\u017ce by\u0107 realizowana dzi\u0119ki wsp\u00f3\u0142pracy z policj\u0105 i Stra\u017c\u0105 Miejsk\u0105 Wroc\u0142awia. W dalszej cz\u0119\u015bci artyku\u0142u relacja radiowa [&hellip;]<\/p>\n","protected":false},"author":4,"featured_media":4604,"comment_status":"closed","ping_status":"closed","sticky":false,"template":"","format":"standard","meta":{"footnotes":""},"categories":[16],"tags":[],"class_list":["post-4595","post","type-post","status-publish","format-standard","has-post-thumbnail","hentry","category-aktual"],"_links":{"self":[{"href":"https:\/\/smwroclaw.pl\/index.php?rest_route=\/wp\/v2\/posts\/4595","targetHints":{"allow":["GET"]}}],"collection":[{"href":"https:\/\/smwroclaw.pl\/index.php?rest_route=\/wp\/v2\/posts"}],"about":[{"href":"https:\/\/smwroclaw.pl\/index.php?rest_route=\/wp\/v2\/types\/post"}],"author":[{"embeddable":true,"href":"https:\/\/smwroclaw.pl\/index.php?rest_route=\/wp\/v2\/users\/4"}],"replies":[{"embeddable":true,"href":"https:\/\/smwroclaw.pl\/index.php?rest_route=%2Fwp%2Fv2%2Fcomments&post=4595"}],"version-history":[{"count":7,"href":"https:\/\/smwroclaw.pl\/index.php?rest_route=\/wp\/v2\/posts\/4595\/revisions"}],"predecessor-version":[{"id":4605,"href":"https:\/\/smwroclaw.pl\/index.php?rest_route=\/wp\/v2\/posts\/4595\/revisions\/4605"}],"wp:featuredmedia":[{"embeddable":true,"href":"https:\/\/smwroclaw.pl\/index.php?rest_route=\/wp\/v2\/media\/4604"}],"wp:attachment":[{"href":"https:\/\/smwroclaw.pl\/index.php?rest_route=%2Fwp%2Fv2%2Fmedia&parent=4595"}],"wp:term":[{"taxonomy":"category","embeddable":true,"href":"https:\/\/smwroclaw.pl\/index.php?rest_route=%2Fwp%2Fv2%2Fcategories&post=4595"},{"taxonomy":"post_tag","embeddable":true,"href":"https:\/\/smwroclaw.pl\/index.php?rest_route=%2Fwp%2Fv2%2Ftags&post=4595"}],"curies":[{"name":"wp","href":"https:\/\/api.w.org\/{rel}","templated":true}]}}