{"id":4815,"date":"2018-12-10T09:35:40","date_gmt":"2018-12-10T08:35:40","guid":{"rendered":"http:\/\/smwroclaw.pl\/?p=4815"},"modified":"2018-12-10T10:40:55","modified_gmt":"2018-12-10T09:40:55","slug":"zajecia-dla-mieszkancow","status":"publish","type":"post","link":"https:\/\/smwroclaw.pl\/?p=4815","title":{"rendered":"ZAJ\u0118CIA DLA MIESZKA\u0143C\u00d3W"},"content":{"rendered":"<p style=\"text-align: justify;\"><span style=\"font-size: 16px;\"><span style=\"font-family: georgia, palatino, serif;\">Projekt maj\u0105cych na celu upami\u0119tnienie i uczczenie wydarze\u0144 oraz os\u00f3b zwi\u0105zanych<strong> z 100 Rocznic\u0105 Odzyskania Niepodleg\u0142o\u015bci przez Polsk\u0119,<\/strong> organizowany przez Stra\u017c Miejsk\u0105 Wroc\u0142awia, cieszy si\u0119 bardzo du\u017cym zainteresowaniem. <\/span><!--more--><\/span><\/p>\n<p style=\"text-align: justify;\"><span style=\"font-size: 16px;\">Skierowany zosta\u0142 do \u015brodowiska lokalnego w r\u00f3\u017cnych grupach wiekowych, pocz\u0105wszy od dzieci i m\u0142odzie\u017cy do senior\u00f3w. <strong>St. insp. Pawe\u0142 Gr\u0105bczewski przypomnia\u0142 o najwa\u017cniejszych wydarzeniach i faktach zwi\u0105zanych z obchodami dla ponad 7 Szk\u00f3\u0142 Podstawowych, w kt\u00f3rych wzi\u0119\u0142o udzia\u0142 ponad 420 uczni\u00f3w. Niesamowity odzew jest r\u00f3wnie\u017c\u00a0 z Rad Osiedli oraz Wroc\u0142awskiego Centrum Rozwoju Spo\u0142ecznego. W prelekcjach z Dziennych Dom\u00f3w Pobytu i Parafialnych Klub\u00f3w Seniora wzi\u0119\u0142o udzia\u0142 ponad 170 uczestnik\u00f3w<\/strong>, gdzie m\u00f3wiono o historii Polski. Zaplanowanych jest jeszcze ponad 5 spotka\u0144, z r\u00f3\u017cnych \u015brodowisk kultury i samorz\u0105du terytorialnego.<\/span><\/p>\n<p style=\"text-align: center;\"><img fetchpriority=\"high\" decoding=\"async\" class=\"alignnone wp-image-4816\" src=\"https:\/\/smwroclaw.pl\/wp-content\/uploads\/2018\/12\/DSC00412-300x161.jpg\" alt=\"\" width=\"431\" height=\"231\" srcset=\"https:\/\/smwroclaw.pl\/wp-content\/uploads\/2018\/12\/DSC00412-300x161.jpg 300w, https:\/\/smwroclaw.pl\/wp-content\/uploads\/2018\/12\/DSC00412-768x413.jpg 768w, https:\/\/smwroclaw.pl\/wp-content\/uploads\/2018\/12\/DSC00412.jpg 1600w\" sizes=\"(max-width: 431px) 100vw, 431px\" \/> <img decoding=\"async\" class=\"alignnone wp-image-4817\" src=\"https:\/\/smwroclaw.pl\/wp-content\/uploads\/2018\/12\/DSC00411-300x152.jpg\" alt=\"\" width=\"464\" height=\"235\" srcset=\"https:\/\/smwroclaw.pl\/wp-content\/uploads\/2018\/12\/DSC00411-300x152.jpg 300w, https:\/\/smwroclaw.pl\/wp-content\/uploads\/2018\/12\/DSC00411-768x390.jpg 768w, https:\/\/smwroclaw.pl\/wp-content\/uploads\/2018\/12\/DSC00411.jpg 1600w\" sizes=\"(max-width: 464px) 100vw, 464px\" \/><\/p>\n<p style=\"text-align: center;\"><img decoding=\"async\" class=\"alignnone wp-image-4819\" src=\"https:\/\/smwroclaw.pl\/wp-content\/uploads\/2018\/12\/DSC00402-300x169.jpg\" alt=\"\" width=\"458\" height=\"258\" srcset=\"https:\/\/smwroclaw.pl\/wp-content\/uploads\/2018\/12\/DSC00402-300x169.jpg 300w, https:\/\/smwroclaw.pl\/wp-content\/uploads\/2018\/12\/DSC00402-768x433.jpg 768w, https:\/\/smwroclaw.pl\/wp-content\/uploads\/2018\/12\/DSC00402.jpg 1600w\" sizes=\"(max-width: 458px) 100vw, 458px\" \/><\/p>\n","protected":false},"excerpt":{"rendered":"<p>Projekt maj\u0105cych na celu upami\u0119tnienie i uczczenie wydarze\u0144 oraz os\u00f3b zwi\u0105zanych z 100 Rocznic\u0105 Odzyskania Niepodleg\u0142o\u015bci przez Polsk\u0119, organizowany przez Stra\u017c Miejsk\u0105 Wroc\u0142awia, cieszy si\u0119 bardzo du\u017cym zainteresowaniem.<\/p>\n","protected":false},"author":3,"featured_media":4818,"comment_status":"closed","ping_status":"closed","sticky":false,"template":"","format":"standard","meta":{"footnotes":""},"categories":[16],"tags":[],"class_list":["post-4815","post","type-post","status-publish","format-standard","has-post-thumbnail","hentry","category-aktual"],"_links":{"self":[{"href":"https:\/\/smwroclaw.pl\/index.php?rest_route=\/wp\/v2\/posts\/4815","targetHints":{"allow":["GET"]}}],"collection":[{"href":"https:\/\/smwroclaw.pl\/index.php?rest_route=\/wp\/v2\/posts"}],"about":[{"href":"https:\/\/smwroclaw.pl\/index.php?rest_route=\/wp\/v2\/types\/post"}],"author":[{"embeddable":true,"href":"https:\/\/smwroclaw.pl\/index.php?rest_route=\/wp\/v2\/users\/3"}],"replies":[{"embeddable":true,"href":"https:\/\/smwroclaw.pl\/index.php?rest_route=%2Fwp%2Fv2%2Fcomments&post=4815"}],"version-history":[{"count":8,"href":"https:\/\/smwroclaw.pl\/index.php?rest_route=\/wp\/v2\/posts\/4815\/revisions"}],"predecessor-version":[{"id":4836,"href":"https:\/\/smwroclaw.pl\/index.php?rest_route=\/wp\/v2\/posts\/4815\/revisions\/4836"}],"wp:featuredmedia":[{"embeddable":true,"href":"https:\/\/smwroclaw.pl\/index.php?rest_route=\/wp\/v2\/media\/4818"}],"wp:attachment":[{"href":"https:\/\/smwroclaw.pl\/index.php?rest_route=%2Fwp%2Fv2%2Fmedia&parent=4815"}],"wp:term":[{"taxonomy":"category","embeddable":true,"href":"https:\/\/smwroclaw.pl\/index.php?rest_route=%2Fwp%2Fv2%2Fcategories&post=4815"},{"taxonomy":"post_tag","embeddable":true,"href":"https:\/\/smwroclaw.pl\/index.php?rest_route=%2Fwp%2Fv2%2Ftags&post=4815"}],"curies":[{"name":"wp","href":"https:\/\/api.w.org\/{rel}","templated":true}]}}