{"id":4849,"date":"2019-03-05T06:40:17","date_gmt":"2019-03-05T05:40:17","guid":{"rendered":"http:\/\/smwroclaw.pl\/?p=4849"},"modified":"2019-03-05T07:27:00","modified_gmt":"2019-03-05T06:27:00","slug":"kierowco-nie-pedz-na-zlamanie-karku-nadmierna-predkosc-zabija-policja-ze-straza-miejska-wroclawia-reaguje","status":"publish","type":"post","link":"https:\/\/smwroclaw.pl\/?p=4849","title":{"rendered":"KIEROWCO &#8211;  NIE P\u0118D\u0179 NA Z\u0141AMANIE KARKU &#8211; NADMIERNA PR\u0118DKO\u015a\u0106 ZABIJA! Policja ze Stra\u017c\u0105 Miejsk\u0105 Wroc\u0142awia reaguje! Kontrole 06 marca 2019 r. (\u015broda)"},"content":{"rendered":"<p style=\"text-align: justify;\"><span style=\"font-family: georgia, palatino, serif; font-size: 16px;\"><strong>Nadmierna pr\u0119dko\u015b\u0107 pojazd\u00f3w,<\/strong>\u00a0 jest przyczyn\u0105 oko\u0142o 30% kolizji drogowych. Jest to powa\u017cne zagro\u017cenie,\u00a0 zw\u0142aszcza na terenie miejskim. Niestety wyst\u0119puje ono tak\u017ce na terenie Wroc\u0142awia. Statystyki wskazuj\u0105 jednoznacznie &#8211; kierowcy nie przestrzegaj\u0105 obowi\u0105zuj\u0105cych przepis\u00f3w a ofiarami s\u0105 zar\u00f3wno oni jak i piesi. Od 01 stycznia do 30 listopada 2018 r. na terenie podleg\u0142ym Komendzie Miejskiej Policji <strong>zatrzymano 1010 praw jazdy za przekroczenie pr\u0119dko\u015bci powy\u017cej 50 km\/h w obszarze zabudowanym.<\/strong> Wroc\u0142awianie artyku\u0142uj\u0105 swoje zaniepokojenie tym faktem w rozmowach z policyjnymi dzielnicowymi, stra\u017cnikami osiedla a tak\u017ce poprzez Rady Osiedli i szko\u0142y. G\u0142osy te trafiaj\u0105 tak\u017ce do w\u0142adz miasta.<\/span><!--more--><\/p>\n<p>&nbsp;<\/p>\n<p style=\"text-align: justify;\"><span style=\"font-family: georgia, palatino, serif; font-size: 16px;\">Maj\u0105c na uwadze popraw\u0119 bezpiecze\u0144stwa na terenie Wroc\u0142awia, <strong>podj\u0119to decyzj\u0119 o rozpocz\u0119ciu wsp\u00f3lnych dzia\u0142a\u0144 kontrolnych wraz ze Stra\u017c\u0105 Miejsk\u0105 Wroc\u0142awia.<\/strong> Dzia\u0142ania\u00a0 b\u0119d\u0105 polega\u0142y na ujawnianiu kieruj\u0105cych nie stosuj\u0105cych si\u0119 do obowi\u0105zuj\u0105cych ogranicze\u0144 pr\u0119dko\u015bci (przy u\u017cyciu fotoradaru i wideorejestratora).<br \/>\n<\/span><\/p>\n<p style=\"text-align: justify;\"><span style=\"font-family: georgia, palatino, serif; font-size: 16px;\">Wsp\u00f3lne dzia\u0142ania b\u0119d\u0105 prowadzone\u00a0 w <strong>miejscach wyst\u0119powania zagro\u017ce\u0144, kt\u00f3re b\u0119d\u0105 wytypowane na cotygodniowych spotkaniach Komisji Bezpiecze\u0144stwa Ruchu Drogowego Urz\u0119du Miejskiego we Wroc\u0142awiu &#8211; oczywi\u015bcie w oparciu o miejsca wskazane przez Wroc\u0142awian.<\/strong><\/span><\/p>\n<p style=\"text-align: justify;\"><span style=\"font-family: georgia, palatino, serif; font-size: 16px;\">Dzia\u0142ania te maj\u0105 na celu nie tylko ujawnienie sprawc\u00f3w wykrocze\u0144 ale r\u00f3wnie\u017c wyrobienie prze\u015bwiadczenia u kierowc\u00f3w, \u017ce jazda z nadmiern\u0105 pr\u0119dko\u015bci\u0105 jest niebezpieczna, a kara za takie wykroczenie nieuchronna &#8211; ma to w konsekwencji\u00a0zminimalizowa\u0107 liczb\u0119 zdarze\u0144 drogowych, kt\u00f3rych przyczyn\u0105 jest nadmierna pr\u0119dko\u015b\u0107.<\/span><\/p>\n<p style=\"text-align: justify;\"><span style=\"font-family: georgia, palatino, serif; font-size: 20px;\"><strong>UWAGA KIEROWCY:<\/strong><\/span><\/p>\n<p><span style=\"font-family: georgia, palatino, serif; font-size: 20px;\">Dzia\u0142ania zaplanowano na dzie\u0144<strong> 27 lutego 2019 r.<\/strong>\u00a0 <strong>(\u015broda)<\/strong>: <strong>ulica Zachodnia i ulica Boguszowska<br \/>\n<\/strong><\/span><\/p>\n<p>&nbsp;<\/p>\n<table style=\"height: 188px;\" width=\"464\">\n<tbody>\n<tr>\n<td style=\"width: 69.4px;\">Rok<\/td>\n<td style=\"width: 65.0833px;\">Liczba zdarze\u0144<\/td>\n<td style=\"width: 81.3333px;\">Liczba wypadk\u00f3w<\/td>\n<td style=\"width: 69.4px;\">Liczba zabitych<\/td>\n<td style=\"width: 69.4px;\">Liczba rannych<\/td>\n<td style=\"width: 69.3833px;\">Liczba kolizji<\/td>\n<\/tr>\n<tr>\n<td style=\"width: 69.4px;\">2016<\/td>\n<td style=\"width: 65.0833px;\">8597<\/td>\n<td style=\"width: 81.3333px;\">434<\/td>\n<td style=\"width: 69.4px;\">13<\/td>\n<td style=\"width: 69.4px;\">507<\/td>\n<td style=\"width: 69.3833px;\">8163<\/td>\n<\/tr>\n<tr>\n<td style=\"width: 69.4px;\">2017<\/td>\n<td style=\"width: 65.0833px;\">8870<\/td>\n<td style=\"width: 81.3333px;\">407<\/td>\n<td style=\"width: 69.4px;\">18<\/td>\n<td style=\"width: 69.4px;\">479<\/td>\n<td style=\"width: 69.3833px;\">8463<\/td>\n<\/tr>\n<tr>\n<td style=\"width: 69.4px;\">2018<\/td>\n<td style=\"width: 65.0833px;\">8847<\/td>\n<td style=\"width: 81.3333px;\">466<\/td>\n<td style=\"width: 69.4px;\">16<\/td>\n<td style=\"width: 69.4px;\">530<\/td>\n<td style=\"width: 69.3833px;\">8381<\/td>\n<\/tr>\n<\/tbody>\n<\/table>\n<p>Tabela 1. Liczba zdarze\u0144 drogowych na terenie Wroc\u0142awia w okresie od 01.01-30.09 w latach 2016-2018<\/p>\n<p>Tekst opracowano na podstawie materia\u0142\u00f3w KMP we Wroc\u0142awiu (WF)<\/p>\n<p>&nbsp;<\/p>\n","protected":false},"excerpt":{"rendered":"<p>Nadmierna pr\u0119dko\u015b\u0107 pojazd\u00f3w,\u00a0 jest przyczyn\u0105 oko\u0142o 30% kolizji drogowych. Jest to powa\u017cne zagro\u017cenie,\u00a0 zw\u0142aszcza na terenie miejskim. Niestety wyst\u0119puje ono tak\u017ce na terenie Wroc\u0142awia. Statystyki wskazuj\u0105 jednoznacznie &#8211; kierowcy nie przestrzegaj\u0105 obowi\u0105zuj\u0105cych przepis\u00f3w a ofiarami s\u0105 zar\u00f3wno oni jak i piesi. Od 01 stycznia do 30 listopada 2018 r. na terenie podleg\u0142ym Komendzie Miejskiej Policji [&hellip;]<\/p>\n","protected":false},"author":4,"featured_media":4855,"comment_status":"closed","ping_status":"closed","sticky":false,"template":"","format":"standard","meta":{"footnotes":""},"categories":[16],"tags":[],"class_list":["post-4849","post","type-post","status-publish","format-standard","has-post-thumbnail","hentry","category-aktual"],"_links":{"self":[{"href":"https:\/\/smwroclaw.pl\/index.php?rest_route=\/wp\/v2\/posts\/4849","targetHints":{"allow":["GET"]}}],"collection":[{"href":"https:\/\/smwroclaw.pl\/index.php?rest_route=\/wp\/v2\/posts"}],"about":[{"href":"https:\/\/smwroclaw.pl\/index.php?rest_route=\/wp\/v2\/types\/post"}],"author":[{"embeddable":true,"href":"https:\/\/smwroclaw.pl\/index.php?rest_route=\/wp\/v2\/users\/4"}],"replies":[{"embeddable":true,"href":"https:\/\/smwroclaw.pl\/index.php?rest_route=%2Fwp%2Fv2%2Fcomments&post=4849"}],"version-history":[{"count":24,"href":"https:\/\/smwroclaw.pl\/index.php?rest_route=\/wp\/v2\/posts\/4849\/revisions"}],"predecessor-version":[{"id":5999,"href":"https:\/\/smwroclaw.pl\/index.php?rest_route=\/wp\/v2\/posts\/4849\/revisions\/5999"}],"wp:featuredmedia":[{"embeddable":true,"href":"https:\/\/smwroclaw.pl\/index.php?rest_route=\/wp\/v2\/media\/4855"}],"wp:attachment":[{"href":"https:\/\/smwroclaw.pl\/index.php?rest_route=%2Fwp%2Fv2%2Fmedia&parent=4849"}],"wp:term":[{"taxonomy":"category","embeddable":true,"href":"https:\/\/smwroclaw.pl\/index.php?rest_route=%2Fwp%2Fv2%2Fcategories&post=4849"},{"taxonomy":"post_tag","embeddable":true,"href":"https:\/\/smwroclaw.pl\/index.php?rest_route=%2Fwp%2Fv2%2Ftags&post=4849"}],"curies":[{"name":"wp","href":"https:\/\/api.w.org\/{rel}","templated":true}]}}