{"id":4869,"date":"2018-12-13T12:53:07","date_gmt":"2018-12-13T11:53:07","guid":{"rendered":"http:\/\/smwroclaw.pl\/?p=4869"},"modified":"2018-12-13T12:53:07","modified_gmt":"2018-12-13T11:53:07","slug":"wroclaw-pomaga-specjalne-pakiety-zywnosciowe-dla-potrzebujacych","status":"publish","type":"post","link":"https:\/\/smwroclaw.pl\/?p=4869","title":{"rendered":"WROC\u0141AW POMAGA &#8211; specjalne pakiety \u017cywno\u015bciowe dla potrzebuj\u0105cych"},"content":{"rendered":"<p style=\"text-align: justify;\"><strong><span style=\"font-family: georgia, palatino, serif; font-size: 16px;\">12 grudnia 2018 r. Prezydent Wroc\u0142awia Jacek Sutryk przekaza\u0142 Stra\u017cy Miejskiej Wroc\u0142awia oraz pracownikom Miejskiego O\u015brodka Pomocy Spo\u0142ecznej dwie\u015bcie specjalnych zestaw\u00f3w \u017cywno\u015bciowych przygotowanych dla os\u00f3b bezdomnych.<\/span><\/strong><\/p>\n<p><!--more--><\/p>\n<p style=\"text-align: justify;\"><span style=\"font-family: georgia, palatino, serif; font-size: 16px;\">\u2013 W okresie niskich temperatur chcemy szczeg\u00f3lnie mocno zatroszczy\u0107 si\u0119 osobami bezdomnymi i potrzebuj\u0105cymi we Wroc\u0142awiu. Co roku staramy si\u0119 dok\u0142ada\u0107 nowe inicjatywy w tym zakresie, czego najnowszym przyk\u0142adem jest w\u0142a\u015bnie dwie\u015bcie specjalnych pakiet\u00f3w \u017cywno\u015bciowych. Zamierzamy rozdawa\u0107 je wszystkim bezdomnym, kt\u00f3rych spotkamy na naszej drodze \u2013 podkre\u015bla Jacek Sutryk, Prezydent Wroc\u0142awia.<\/span><\/p>\n<p style=\"text-align: justify;\"><span style=\"font-family: georgia, palatino, serif; font-size: 16px;\">Zestaw zawiera niezb\u0119dne produkty do bezpo\u015bredniej i szybkiej pomocy osobom g\u0142odnym i wych\u0142odzonym. Pakiet \u017cywno\u015bciowy jest zupe\u0142nie bezpieczny, gdy\u017c proces podgrzewania produkt\u00f3w nast\u0119puje przy wykorzystaniu zawartego w nich zwi\u0105zku chemicznego.<\/span><\/p>\n<p style=\"text-align: justify;\"><span style=\"font-family: georgia, palatino, serif; font-size: 16px;\">Pakiety b\u0119d\u0105 rozdawane przez funkcjonariuszy Stra\u017cy Miejskiej oraz pracownik\u00f3w Miejskiego O\u015brodka Pomocy Spo\u0142ecznej , w miejscach gdzie mog\u0105 przebywa\u0107 osoby potrzebuj\u0105ce takiej pomocy.<\/span><\/p>\n<p style=\"text-align: justify;\"><span style=\"font-family: georgia, palatino, serif; font-size: 16px;\">\u2013 Rocznie wobec os\u00f3b bezdomnych podejmujemy ok. dw\u00f3ch tysi\u0119cy interwencji. Pakiety \u017cywno\u015bciowe uwa\u017cam za znakomit\u0105 propozycj\u0119 na trudny zimowy okres, kt\u00f3re bardzo u\u0142atwi\u0105 nam codzienn\u0105 prac\u0119 i niesienie pomocy tym ludziom \u2013 t\u0142umaczy Zbigniew S\u0142ysz, komendant Stra\u017cy Miejskiej Wroc\u0142awia.<\/span><\/p>\n<p>czytaj wi\u0119cej: <a href=\"https:\/\/www.wroclaw.pl\/pakiety-zywnosciowe-dla-bezdomnych-we-wroclawiu\">https:\/\/www.wroclaw.pl\/pakiety-zywnosciowe-dla-bezdomnych-we-wroclawiu<\/a><\/p>\n<p><img fetchpriority=\"high\" decoding=\"async\" class=\" wp-image-4875 aligncenter\" src=\"https:\/\/smwroclaw.pl\/wp-content\/uploads\/2018\/12\/IMG_6751-Copy.jpg\" alt=\"\" width=\"626\" height=\"417\" srcset=\"https:\/\/smwroclaw.pl\/wp-content\/uploads\/2018\/12\/IMG_6751-Copy.jpg 800w, https:\/\/smwroclaw.pl\/wp-content\/uploads\/2018\/12\/IMG_6751-Copy-300x200.jpg 300w, https:\/\/smwroclaw.pl\/wp-content\/uploads\/2018\/12\/IMG_6751-Copy-768x512.jpg 768w\" sizes=\"(max-width: 626px) 100vw, 626px\" \/><\/p>\n<p><img decoding=\"async\" class=\" wp-image-4876 aligncenter\" src=\"https:\/\/smwroclaw.pl\/wp-content\/uploads\/2018\/12\/IMG_6757-Copy.jpg\" alt=\"\" width=\"632\" height=\"421\" srcset=\"https:\/\/smwroclaw.pl\/wp-content\/uploads\/2018\/12\/IMG_6757-Copy.jpg 800w, https:\/\/smwroclaw.pl\/wp-content\/uploads\/2018\/12\/IMG_6757-Copy-300x200.jpg 300w, https:\/\/smwroclaw.pl\/wp-content\/uploads\/2018\/12\/IMG_6757-Copy-768x512.jpg 768w\" sizes=\"(max-width: 632px) 100vw, 632px\" \/><\/p>\n<p><img decoding=\"async\" class=\" wp-image-4877 aligncenter\" src=\"https:\/\/smwroclaw.pl\/wp-content\/uploads\/2018\/12\/IMG_6745-Copy.jpg\" alt=\"\" width=\"629\" height=\"419\" srcset=\"https:\/\/smwroclaw.pl\/wp-content\/uploads\/2018\/12\/IMG_6745-Copy.jpg 800w, https:\/\/smwroclaw.pl\/wp-content\/uploads\/2018\/12\/IMG_6745-Copy-300x200.jpg 300w, https:\/\/smwroclaw.pl\/wp-content\/uploads\/2018\/12\/IMG_6745-Copy-768x512.jpg 768w\" sizes=\"(max-width: 629px) 100vw, 629px\" \/><\/p>\n<p><img loading=\"lazy\" decoding=\"async\" class=\" wp-image-4878 aligncenter\" src=\"https:\/\/smwroclaw.pl\/wp-content\/uploads\/2018\/12\/IMG_6731-Copy.jpg\" alt=\"\" width=\"633\" height=\"422\" srcset=\"https:\/\/smwroclaw.pl\/wp-content\/uploads\/2018\/12\/IMG_6731-Copy.jpg 800w, https:\/\/smwroclaw.pl\/wp-content\/uploads\/2018\/12\/IMG_6731-Copy-300x200.jpg 300w, https:\/\/smwroclaw.pl\/wp-content\/uploads\/2018\/12\/IMG_6731-Copy-768x512.jpg 768w\" sizes=\"(max-width: 633px) 100vw, 633px\" \/><\/p>\n<p><img loading=\"lazy\" decoding=\"async\" class=\" wp-image-4879 aligncenter\" src=\"https:\/\/smwroclaw.pl\/wp-content\/uploads\/2018\/12\/IMG_6737-Copy.jpg\" alt=\"\" width=\"637\" height=\"424\" srcset=\"https:\/\/smwroclaw.pl\/wp-content\/uploads\/2018\/12\/IMG_6737-Copy.jpg 800w, https:\/\/smwroclaw.pl\/wp-content\/uploads\/2018\/12\/IMG_6737-Copy-300x200.jpg 300w, https:\/\/smwroclaw.pl\/wp-content\/uploads\/2018\/12\/IMG_6737-Copy-768x512.jpg 768w\" sizes=\"(max-width: 637px) 100vw, 637px\" \/><\/p>\n<p><strong>wf<\/strong><\/p>\n","protected":false},"excerpt":{"rendered":"<p>12 grudnia 2018 r. Prezydent Wroc\u0142awia Jacek Sutryk przekaza\u0142 Stra\u017cy Miejskiej Wroc\u0142awia oraz pracownikom Miejskiego O\u015brodka Pomocy Spo\u0142ecznej dwie\u015bcie specjalnych zestaw\u00f3w \u017cywno\u015bciowych przygotowanych dla os\u00f3b bezdomnych.<\/p>\n","protected":false},"author":4,"featured_media":4875,"comment_status":"closed","ping_status":"closed","sticky":false,"template":"","format":"standard","meta":{"footnotes":""},"categories":[16],"tags":[],"class_list":["post-4869","post","type-post","status-publish","format-standard","has-post-thumbnail","hentry","category-aktual"],"_links":{"self":[{"href":"https:\/\/smwroclaw.pl\/index.php?rest_route=\/wp\/v2\/posts\/4869","targetHints":{"allow":["GET"]}}],"collection":[{"href":"https:\/\/smwroclaw.pl\/index.php?rest_route=\/wp\/v2\/posts"}],"about":[{"href":"https:\/\/smwroclaw.pl\/index.php?rest_route=\/wp\/v2\/types\/post"}],"author":[{"embeddable":true,"href":"https:\/\/smwroclaw.pl\/index.php?rest_route=\/wp\/v2\/users\/4"}],"replies":[{"embeddable":true,"href":"https:\/\/smwroclaw.pl\/index.php?rest_route=%2Fwp%2Fv2%2Fcomments&post=4869"}],"version-history":[{"count":8,"href":"https:\/\/smwroclaw.pl\/index.php?rest_route=\/wp\/v2\/posts\/4869\/revisions"}],"predecessor-version":[{"id":4882,"href":"https:\/\/smwroclaw.pl\/index.php?rest_route=\/wp\/v2\/posts\/4869\/revisions\/4882"}],"wp:featuredmedia":[{"embeddable":true,"href":"https:\/\/smwroclaw.pl\/index.php?rest_route=\/wp\/v2\/media\/4875"}],"wp:attachment":[{"href":"https:\/\/smwroclaw.pl\/index.php?rest_route=%2Fwp%2Fv2%2Fmedia&parent=4869"}],"wp:term":[{"taxonomy":"category","embeddable":true,"href":"https:\/\/smwroclaw.pl\/index.php?rest_route=%2Fwp%2Fv2%2Fcategories&post=4869"},{"taxonomy":"post_tag","embeddable":true,"href":"https:\/\/smwroclaw.pl\/index.php?rest_route=%2Fwp%2Fv2%2Ftags&post=4869"}],"curies":[{"name":"wp","href":"https:\/\/api.w.org\/{rel}","templated":true}]}}