{"id":4953,"date":"2018-12-19T09:22:13","date_gmt":"2018-12-19T08:22:13","guid":{"rendered":"http:\/\/smwroclaw.pl\/?p=4953"},"modified":"2018-12-19T09:22:13","modified_gmt":"2018-12-19T08:22:13","slug":"spotkanie-wigilijne-z-pracownikami-strazy-miejskiej-wroclawia-zdjecia","status":"publish","type":"post","link":"https:\/\/smwroclaw.pl\/?p=4953","title":{"rendered":"SPOTKANIE WIGILIJNE Z PRACOWNIKAMI STRA\u017bY MIEJSKIEJ WROC\u0141AWIA (zdj\u0119cia)"},"content":{"rendered":"<p style=\"text-align: justify;\"><span style=\"font-family: georgia, palatino, serif; font-size: 16px;\">Na wczorajszym spotkaniu wigilijnym, \u017cyczenia wszelkiej pomy\u015blno\u015bci dla stra\u017cnik\u00f3w miejskich, pracownik\u00f3w cywilnych i ich rodzin<strong> &#8211; w imieniu Prezydenta Miasta Wroc\u0142awia Jacka Sutryka przekaza\u0142a Wiceprezydent Renata Granowska. <\/strong>Komendant Stra\u017cy Miejskiej Wroc\u0142awia<strong> Zbigniew S\u0142ysz, <\/strong>podzi\u0119kowa\u0142 wszystkim pracownikom za ci\u0119\u017ck\u0105, pe\u0142n\u0105 zaanga\u017cowania prac\u0119 dla dobra spo\u0142eczno\u015bci lokalnej Wroc\u0142awia.<\/span><\/p>\n<p><!--more--><\/p>\n<p><img fetchpriority=\"high\" decoding=\"async\" class=\" wp-image-4960 aligncenter\" src=\"https:\/\/smwroclaw.pl\/wp-content\/uploads\/2018\/12\/IMG_6862-Copy.jpg\" alt=\"\" width=\"663\" height=\"442\" srcset=\"https:\/\/smwroclaw.pl\/wp-content\/uploads\/2018\/12\/IMG_6862-Copy.jpg 800w, https:\/\/smwroclaw.pl\/wp-content\/uploads\/2018\/12\/IMG_6862-Copy-300x200.jpg 300w, https:\/\/smwroclaw.pl\/wp-content\/uploads\/2018\/12\/IMG_6862-Copy-768x512.jpg 768w\" sizes=\"(max-width: 663px) 100vw, 663px\" \/><\/p>\n<p><img decoding=\"async\" class=\"wp-image-4961 aligncenter\" src=\"https:\/\/smwroclaw.pl\/wp-content\/uploads\/2018\/12\/IMG_6858-Copy.jpg\" alt=\"\" width=\"657\" height=\"438\" srcset=\"https:\/\/smwroclaw.pl\/wp-content\/uploads\/2018\/12\/IMG_6858-Copy.jpg 800w, https:\/\/smwroclaw.pl\/wp-content\/uploads\/2018\/12\/IMG_6858-Copy-300x200.jpg 300w, https:\/\/smwroclaw.pl\/wp-content\/uploads\/2018\/12\/IMG_6858-Copy-768x512.jpg 768w\" sizes=\"(max-width: 657px) 100vw, 657px\" \/><\/p>\n<p><img decoding=\"async\" class=\" wp-image-4962 aligncenter\" src=\"https:\/\/smwroclaw.pl\/wp-content\/uploads\/2018\/12\/IMG_6850-Copy.jpg\" alt=\"\" width=\"657\" height=\"438\" srcset=\"https:\/\/smwroclaw.pl\/wp-content\/uploads\/2018\/12\/IMG_6850-Copy.jpg 800w, https:\/\/smwroclaw.pl\/wp-content\/uploads\/2018\/12\/IMG_6850-Copy-300x200.jpg 300w, https:\/\/smwroclaw.pl\/wp-content\/uploads\/2018\/12\/IMG_6850-Copy-768x512.jpg 768w\" sizes=\"(max-width: 657px) 100vw, 657px\" \/><\/p>\n<p><img loading=\"lazy\" decoding=\"async\" class=\" wp-image-4963 aligncenter\" src=\"https:\/\/smwroclaw.pl\/wp-content\/uploads\/2018\/12\/IMG_6885-Copy.jpg\" alt=\"\" width=\"669\" height=\"446\" srcset=\"https:\/\/smwroclaw.pl\/wp-content\/uploads\/2018\/12\/IMG_6885-Copy.jpg 800w, https:\/\/smwroclaw.pl\/wp-content\/uploads\/2018\/12\/IMG_6885-Copy-300x200.jpg 300w, https:\/\/smwroclaw.pl\/wp-content\/uploads\/2018\/12\/IMG_6885-Copy-768x512.jpg 768w\" sizes=\"(max-width: 669px) 100vw, 669px\" \/><\/p>\n<p><img loading=\"lazy\" decoding=\"async\" class=\" wp-image-4965 aligncenter\" src=\"https:\/\/smwroclaw.pl\/wp-content\/uploads\/2018\/12\/IMG_6889-Copy.jpg\" alt=\"\" width=\"674\" height=\"449\" srcset=\"https:\/\/smwroclaw.pl\/wp-content\/uploads\/2018\/12\/IMG_6889-Copy.jpg 800w, https:\/\/smwroclaw.pl\/wp-content\/uploads\/2018\/12\/IMG_6889-Copy-300x200.jpg 300w, https:\/\/smwroclaw.pl\/wp-content\/uploads\/2018\/12\/IMG_6889-Copy-768x512.jpg 768w\" sizes=\"(max-width: 674px) 100vw, 674px\" \/><\/p>\n<p><img loading=\"lazy\" decoding=\"async\" class=\" wp-image-4966 aligncenter\" src=\"https:\/\/smwroclaw.pl\/wp-content\/uploads\/2018\/12\/IMG_6894-Copy.jpg\" alt=\"\" width=\"678\" height=\"452\" srcset=\"https:\/\/smwroclaw.pl\/wp-content\/uploads\/2018\/12\/IMG_6894-Copy.jpg 800w, https:\/\/smwroclaw.pl\/wp-content\/uploads\/2018\/12\/IMG_6894-Copy-300x200.jpg 300w, https:\/\/smwroclaw.pl\/wp-content\/uploads\/2018\/12\/IMG_6894-Copy-768x512.jpg 768w\" sizes=\"(max-width: 678px) 100vw, 678px\" \/><\/p>\n<p><img loading=\"lazy\" decoding=\"async\" class=\" wp-image-4967 aligncenter\" src=\"https:\/\/smwroclaw.pl\/wp-content\/uploads\/2018\/12\/IMG_6898-Copy.jpg\" alt=\"\" width=\"674\" height=\"449\" srcset=\"https:\/\/smwroclaw.pl\/wp-content\/uploads\/2018\/12\/IMG_6898-Copy.jpg 800w, https:\/\/smwroclaw.pl\/wp-content\/uploads\/2018\/12\/IMG_6898-Copy-300x200.jpg 300w, https:\/\/smwroclaw.pl\/wp-content\/uploads\/2018\/12\/IMG_6898-Copy-768x512.jpg 768w\" sizes=\"(max-width: 674px) 100vw, 674px\" \/><\/p>\n<p><strong>wf<\/strong><\/p>\n<p>&nbsp;<\/p>\n","protected":false},"excerpt":{"rendered":"<p>Na wczorajszym spotkaniu wigilijnym, \u017cyczenia wszelkiej pomy\u015blno\u015bci dla stra\u017cnik\u00f3w miejskich, pracownik\u00f3w cywilnych i ich rodzin &#8211; w imieniu Prezydenta Miasta Wroc\u0142awia Jacka Sutryka przekaza\u0142a Wiceprezydent Renata Granowska. Komendant Stra\u017cy Miejskiej Wroc\u0142awia Zbigniew S\u0142ysz, podzi\u0119kowa\u0142 wszystkim pracownikom za ci\u0119\u017ck\u0105, pe\u0142n\u0105 zaanga\u017cowania prac\u0119 dla dobra spo\u0142eczno\u015bci lokalnej Wroc\u0142awia.<\/p>\n","protected":false},"author":4,"featured_media":891,"comment_status":"closed","ping_status":"closed","sticky":false,"template":"","format":"standard","meta":{"footnotes":""},"categories":[16],"tags":[],"class_list":["post-4953","post","type-post","status-publish","format-standard","has-post-thumbnail","hentry","category-aktual"],"_links":{"self":[{"href":"https:\/\/smwroclaw.pl\/index.php?rest_route=\/wp\/v2\/posts\/4953","targetHints":{"allow":["GET"]}}],"collection":[{"href":"https:\/\/smwroclaw.pl\/index.php?rest_route=\/wp\/v2\/posts"}],"about":[{"href":"https:\/\/smwroclaw.pl\/index.php?rest_route=\/wp\/v2\/types\/post"}],"author":[{"embeddable":true,"href":"https:\/\/smwroclaw.pl\/index.php?rest_route=\/wp\/v2\/users\/4"}],"replies":[{"embeddable":true,"href":"https:\/\/smwroclaw.pl\/index.php?rest_route=%2Fwp%2Fv2%2Fcomments&post=4953"}],"version-history":[{"count":9,"href":"https:\/\/smwroclaw.pl\/index.php?rest_route=\/wp\/v2\/posts\/4953\/revisions"}],"predecessor-version":[{"id":4970,"href":"https:\/\/smwroclaw.pl\/index.php?rest_route=\/wp\/v2\/posts\/4953\/revisions\/4970"}],"wp:featuredmedia":[{"embeddable":true,"href":"https:\/\/smwroclaw.pl\/index.php?rest_route=\/wp\/v2\/media\/891"}],"wp:attachment":[{"href":"https:\/\/smwroclaw.pl\/index.php?rest_route=%2Fwp%2Fv2%2Fmedia&parent=4953"}],"wp:term":[{"taxonomy":"category","embeddable":true,"href":"https:\/\/smwroclaw.pl\/index.php?rest_route=%2Fwp%2Fv2%2Fcategories&post=4953"},{"taxonomy":"post_tag","embeddable":true,"href":"https:\/\/smwroclaw.pl\/index.php?rest_route=%2Fwp%2Fv2%2Ftags&post=4953"}],"curies":[{"name":"wp","href":"https:\/\/api.w.org\/{rel}","templated":true}]}}